{"id":10266,"date":"2020-07-17T05:17:19","date_gmt":"2020-07-17T01:17:19","guid":{"rendered":"http:\/\/fedai.az\/?p=10266"},"modified":"2020-07-17T05:17:31","modified_gmt":"2020-07-17T01:17:31","slug":"goranboy-veteranlari-doyus%c9%99-getm%c9%99y%c9%99-hazirdirlar","status":"publish","type":"post","link":"https:\/\/fedai.az\/?p=10266","title":{"rendered":"Goranboy veteranlar\u0131 d\u00f6y\u00fc\u015f\u0259 getm\u0259y\u0259 haz\u0131rd\u0131rlar"},"content":{"rendered":"\n<p><strong>AVMV\u0130B Goranboy rayon \u015f\u00f6b\u0259sinin s\u0259dri Elmar M\u0259mm\u0259dovun verdiyi m\u0259lumata g\u00f6r\u0259 \u015f\u00f6b\u0259 \u00fczv\u00fc olan m\u00fcharib\u0259 veteranlar\u0131 Ali Ba\u015f Komandan c\u0259nab \u0130lham \u018fliyevin \u00e7a\u011fr\u0131\u015f\u0131na h\u0259r an haz\u0131r olduqlar\u0131n\u0131 bildiribl\u0259r.<\/strong><\/p>\n\n\n\n<p><br>AVMV\u0130B Goranboy rayon \u015f\u00f6b\u0259sinin s\u0259dri Elmar M\u0259mm\u0259dov, rayon veteranlar\u0131 ad\u0131ndan Az\u0259rbaycan\u0131n Tovuz rayonu istiqam\u0259tind\u0259 ged\u0259n t\u0259xribatlarda \u015f\u0259hid olan q\u0259hr\u0259manlar\u0131m\u0131za Allahdan r\u0259hm\u0259t dil\u0259yib v\u0259 onlarla f\u0259xr etdikl\u0259rini bildirdi.<\/p>\n\n\n\n<p>M\u00fcharib\u0259 veteranlar\u0131 d\u00fc\u015fm\u0259n\u0259 layiqli cavab verm\u0259yin vaxt\u0131 g\u0259lib \u00e7atd\u0131\u011f\u0131n\u0131 bildirdil\u0259r. Goranboylu veteranlar\u0131 1992-ci ild\u0259ki kimi d\u00fc\u015fm\u0259ni \u00f6lk\u0259mizd\u0259n qovma\u011fa haz\u0131r olduqlar\u0131n\u0131 bildirdil\u0259r.<\/p>\n\n\n\n<p><strong>T\u00fcrkay Xaqan<\/strong><\/p>\n\n\n\n<p><strong>Nurlan M\u0259mm\u0259dli<\/strong><\/p>\n\n\n\n<figure class=\"wp-block-embed-youtube wp-block-embed is-type-video is-provider-youtube wp-embed-aspect-16-9 wp-has-aspect-ratio\"><div class=\"wp-block-embed__wrapper\">\n<iframe loading=\"lazy\" title=\"Goranboylu veteranlar ayaqda\" width=\"715\" height=\"402\" src=\"https:\/\/www.youtube.com\/embed\/0tvORQQN3C0?feature=oembed\" frameborder=\"0\" allow=\"accelerometer; autoplay; encrypted-media; gyroscope; picture-in-picture\" allowfullscreen><\/iframe>\n<\/div><\/figure>\n","protected":false},"excerpt":{"rendered":"<p>AVMV\u0130B Goranboy rayon \u015f\u00f6b\u0259sinin s\u0259dri Elmar M\u0259mm\u0259dovun verdiyi m\u0259lumata g\u00f6r\u0259 \u015f\u00f6b\u0259 \u00fczv\u00fc olan m\u00fcharib\u0259 veteranlar\u0131 Ali Ba\u015f Komandan c\u0259nab \u0130lham \u018fliyevin \u00e7a\u011fr\u0131\u015f\u0131na h\u0259r an<\/p>\n","protected":false},"author":2,"featured_media":10267,"comment_status":"closed","ping_status":"closed","sticky":false,"template":"","format":"standard","meta":{"footnotes":""},"categories":[5],"tags":[],"class_list":["post-10266","post","type-post","status-publish","format-standard","has-post-thumbnail","hentry","category-veteran"],"aioseo_notices":[],"_links":{"self":[{"href":"https:\/\/fedai.az\/index.php?rest_route=\/wp\/v2\/posts\/10266","targetHints":{"allow":["GET"]}}],"collection":[{"href":"https:\/\/fedai.az\/index.php?rest_route=\/wp\/v2\/posts"}],"about":[{"href":"https:\/\/fedai.az\/index.php?rest_route=\/wp\/v2\/types\/post"}],"author":[{"embeddable":true,"href":"https:\/\/fedai.az\/index.php?rest_route=\/wp\/v2\/users\/2"}],"replies":[{"embeddable":true,"href":"https:\/\/fedai.az\/index.php?rest_route=%2Fwp%2Fv2%2Fcomments&post=10266"}],"version-history":[{"count":1,"href":"https:\/\/fedai.az\/index.php?rest_route=\/wp\/v2\/posts\/10266\/revisions"}],"predecessor-version":[{"id":10268,"href":"https:\/\/fedai.az\/index.php?rest_route=\/wp\/v2\/posts\/10266\/revisions\/10268"}],"wp:featuredmedia":[{"embeddable":true,"href":"https:\/\/fedai.az\/index.php?rest_route=\/wp\/v2\/media\/10267"}],"wp:attachment":[{"href":"https:\/\/fedai.az\/index.php?rest_route=%2Fwp%2Fv2%2Fmedia&parent=10266"}],"wp:term":[{"taxonomy":"category","embeddable":true,"href":"https:\/\/fedai.az\/index.php?rest_route=%2Fwp%2Fv2%2Fcategories&post=10266"},{"taxonomy":"post_tag","embeddable":true,"href":"https:\/\/fedai.az\/index.php?rest_route=%2Fwp%2Fv2%2Ftags&post=10266"}],"curies":[{"name":"wp","href":"https:\/\/api.w.org\/{rel}","templated":true}]}}