{"id":10277,"date":"2020-07-17T14:44:53","date_gmt":"2020-07-17T10:44:53","guid":{"rendered":"http:\/\/fedai.az\/?p=10277"},"modified":"2020-07-17T14:44:58","modified_gmt":"2020-07-17T10:44:58","slug":"orduya-konullu-doyusm%c9%99k-ucun-7-min-n%c9%99f%c9%99r-muraci%c9%99t-edib-mudafi%c9%99-nazirliyi","status":"publish","type":"post","link":"https:\/\/fedai.az\/?p=10277","title":{"rendered":"Orduya k\u00f6n\u00fcll\u00fc d\u00f6y\u00fc\u015fm\u0259k \u00fc\u00e7\u00fcn 7 min n\u0259f\u0259r m\u00fcraci\u0259t edib &#8212; M\u00fcdafi\u0259 Nazirliyi"},"content":{"rendered":"\n<p><strong>Son g\u00fcnl\u0259r Az\u0259rbaycan-Erm\u0259nistan d\u00f6vl\u0259t s\u0259rh\u0259dinin Tovuz rayonu istiqam\u0259tind\u0259 ged\u0259n h\u0259rbi \u0259m\u0259liyyatlar zaman\u0131 yaranm\u0131\u015f v\u0259ziyy\u0259tl\u0259 \u0259laq\u0259dar Az\u0259rbaycan\u0131n minl\u0259rl\u0259 v\u0259t\u0259np\u0259rv\u0259r o\u011ful v\u0259 q\u0131zlar\u0131, xaricd\u0259 ya\u015fayan soyda\u015flar\u0131m\u0131z, ehtiyatda olan h\u0259rbi qulluq\u00e7ular, m\u00fcharib\u0259 \u0259lill\u0259ri v\u0259 veteranlar\u0131 M\u00fcdafi\u0259 Nazirliyin\u0259 m\u00fcraci\u0259t \u00fcnvanlayaraq Ordumuza d\u0259st\u0259k m\u0259qs\u0259dil\u0259 h\u0259rbi xidm\u0259t\u0259 \u00e7a\u011fr\u0131lmaqla d\u00f6y\u00fc\u015fl\u0259r\u0259 qat\u0131lmalar\u0131n\u0131 xahi\u015f edirl\u0259r.<\/strong><\/p>\n\n\n\n<p>Bu bar\u0259d\u0259\u00a0M\u00fcdafi\u0259 Nazirliyind\u0259n bildirilib.<\/p>\n\n\n\n<p>Qeyd olunub ki, iyulun 13-d\u0259n 17-d\u0259k M\u00fcdafi\u0259 Nazirliyin\u0259 bu m\u00f6vzuda 7000-\u0259 yax\u0131n m\u00fcraci\u0259t daxil olub.<\/p>\n\n\n\n<p><br>&#171;M\u00fcdafi\u0259 Nazirliyi b\u00fct\u00fcn xalq\u0131m\u0131z\u0131, o c\u00fcml\u0259d\u0259n m\u00fcraci\u0259t ed\u0259n h\u0259r bir v\u0259t\u0259nda\u015f\u0131 h\u0259mr\u0259ylik g\u00f6st\u0259r\u0259r\u0259k Ordumuza d\u0259st\u0259k olduqlar\u0131na g\u00f6r\u0259 alq\u0131\u015flay\u0131r v\u0259 onlara minn\u0259tdarl\u0131q edir.<\/p>\n\n\n\n<p>\u0130yulun 16-da ke\u00e7iril\u0259n Nazirl\u0259r Kabinetinin iclas\u0131nda Az\u0259rbaycan Respublikas\u0131n\u0131n Prezidenti, Silahl\u0131 Q\u00fcvv\u0259l\u0259rin Ali Ba\u015f Komandan\u0131 c\u0259nab \u0130lham \u018fliyevin \u00e7\u0131x\u0131\u015f\u0131nda qeyd olundu\u011fu kimi, h\u0259rbi xidm\u0259t\u0259 c\u0259lb olunmaq arzusunda olan v\u0259t\u0259nda\u015flar \u00f6z anket m\u0259lumat\u0131n\u0131 S\u0259f\u0259rb\u0259rlik v\u0259 H\u0259rbi Xidm\u0259t\u0259 \u00c7a\u011f\u0131r\u0131\u015f \u00fczr\u0259 D\u00f6vl\u0259t Xidm\u0259tin\u0259 t\u0259qdim ed\u0259 bil\u0259rl\u0259r.<\/p>\n\n\n\n<p><strong>Bildiririk ki, Az\u0259rbaycan Ordusu d\u00fc\u015fm\u0259nin ist\u0259nil\u0259n t\u0259xribat v\u0259 h\u00fccumunun qar\u015f\u0131s\u0131n\u0131 q\u0259tiyy\u0259tl\u0259 al\u0131r v\u0259 bundan sonra da alacaqd\u0131r.<br>V\u0259t\u0259np\u0259rv\u0259rlik v\u0259 h\u0259mr\u0259yliyiniz\u0259 g\u00f6r\u0259 \u00e7ox Sa\u011f olun!&#187;, &#8212; dey\u0259 m\u0259lumatda qeyd olunub.\u00a0<\/strong><\/p>\n","protected":false},"excerpt":{"rendered":"<p>Son g\u00fcnl\u0259r Az\u0259rbaycan-Erm\u0259nistan d\u00f6vl\u0259t s\u0259rh\u0259dinin Tovuz rayonu istiqam\u0259tind\u0259 ged\u0259n h\u0259rbi \u0259m\u0259liyyatlar zaman\u0131 yaranm\u0131\u015f v\u0259ziyy\u0259tl\u0259 \u0259laq\u0259dar Az\u0259rbaycan\u0131n minl\u0259rl\u0259 v\u0259t\u0259np\u0259rv\u0259r o\u011ful v\u0259 q\u0131zlar\u0131, xaricd\u0259 ya\u015fayan soyda\u015flar\u0131m\u0131z,<\/p>\n","protected":false},"author":2,"featured_media":9498,"comment_status":"closed","ping_status":"closed","sticky":false,"template":"","format":"standard","meta":{"footnotes":""},"categories":[4],"tags":[],"class_list":["post-10277","post","type-post","status-publish","format-standard","has-post-thumbnail","hentry","category-qarabag"],"aioseo_notices":[],"_links":{"self":[{"href":"https:\/\/fedai.az\/index.php?rest_route=\/wp\/v2\/posts\/10277","targetHints":{"allow":["GET"]}}],"collection":[{"href":"https:\/\/fedai.az\/index.php?rest_route=\/wp\/v2\/posts"}],"about":[{"href":"https:\/\/fedai.az\/index.php?rest_route=\/wp\/v2\/types\/post"}],"author":[{"embeddable":true,"href":"https:\/\/fedai.az\/index.php?rest_route=\/wp\/v2\/users\/2"}],"replies":[{"embeddable":true,"href":"https:\/\/fedai.az\/index.php?rest_route=%2Fwp%2Fv2%2Fcomments&post=10277"}],"version-history":[{"count":1,"href":"https:\/\/fedai.az\/index.php?rest_route=\/wp\/v2\/posts\/10277\/revisions"}],"predecessor-version":[{"id":10278,"href":"https:\/\/fedai.az\/index.php?rest_route=\/wp\/v2\/posts\/10277\/revisions\/10278"}],"wp:featuredmedia":[{"embeddable":true,"href":"https:\/\/fedai.az\/index.php?rest_route=\/wp\/v2\/media\/9498"}],"wp:attachment":[{"href":"https:\/\/fedai.az\/index.php?rest_route=%2Fwp%2Fv2%2Fmedia&parent=10277"}],"wp:term":[{"taxonomy":"category","embeddable":true,"href":"https:\/\/fedai.az\/index.php?rest_route=%2Fwp%2Fv2%2Fcategories&post=10277"},{"taxonomy":"post_tag","embeddable":true,"href":"https:\/\/fedai.az\/index.php?rest_route=%2Fwp%2Fv2%2Ftags&post=10277"}],"curies":[{"name":"wp","href":"https:\/\/api.w.org\/{rel}","templated":true}]}}