{"id":10279,"date":"2020-07-17T15:10:35","date_gmt":"2020-07-17T11:10:35","guid":{"rendered":"http:\/\/fedai.az\/?p=10279"},"modified":"2020-07-17T15:50:51","modified_gmt":"2020-07-17T11:50:51","slug":"az%c9%99rbaycanli-biznesmenl%c9%99rd%c9%99n-moht%c9%99s%c9%99m-addim-erm%c9%99nil%c9%99r-pat-v%c9%99ziyy%c9%99tin%c9%99-salindi","status":"publish","type":"post","link":"https:\/\/fedai.az\/?p=10279","title":{"rendered":"Az\u0259rbaycanl\u0131 biznesmenl\u0259rd\u0259n m\u00f6ht\u0259\u015f\u0259m add\u0131m \u2013 Erm\u0259nil\u0259r pat v\u0259ziyy\u0259tin\u0259 sal\u0131nd\u0131"},"content":{"rendered":"\n<p><strong>Moskvada ya\u015fayan az\u0259rbaycanl\u0131 biznesmenl\u0259r erm\u0259nil\u0259rl\u0259 b\u00fct\u00fcn ticar\u0259t \u0259laq\u0259l\u0259rini k\u0259sibl\u0259r.<\/strong><\/p>\n\n\n\n<p>Az\u0259rbaycanl\u0131 biznesmenl\u0259rd\u0259n Kanal 8-\u0259 veril\u0259n m\u0259lumata g\u00f6r\u0259, Tovuz istiqam\u0259tind\u0259 Erm\u0259nistan Silahl\u0131 Q\u00fcvv\u0259l\u0259rinin t\u0259xribat t\u00f6r\u0259tm\u0259sind\u0259n sonra, s\u00f6z\u00fc bir yer\u0259 qoyublar v\u0259 Erm\u0259nistandan g\u0259l\u0259n m\u0259hsullar\u0131 boykot edibl\u0259r.<\/p>\n\n\n\n<p>\u018fld\u0259 etdiyimiz m\u0259lumata g\u00f6r\u0259, erm\u0259nil\u0259rin Moskvan\u0131n \u0259n b\u00f6y\u00fck meyv\u0259 t\u0259r\u0259v\u0259z bazar\u0131 olan\u201cFud siti\u201d-y\u0259 g\u0259tirdikl\u0259ri b\u00fct\u00fcn m\u0259hsullar \u0259ll\u0259rind\u0259 qal\u0131b v\u0259 m\u0259hsullar\u0131 m\u0259hv olub.Biznesmenl\u0259r bildirib ki, onlara tacikl\u0259r v\u0259 \u00f6zb\u0259kl\u0259r d\u0259 qo\u015fulublar. Haz\u0131rda erm\u0259nil\u0259rin bu v\u0259ziyy\u0259td\u0259n \u00e7\u0131x\u0131\u015f yolu tapmaq \u00fc\u00e7\u00fcn minn\u0259t\u00e7i d\u00fc\u015fd\u00fckl\u0259ri bildirilir.<\/p>\n\n\n\n<p>\u201cFud siti\u201d-d\u0259 i\u015fl\u0259y\u0259n biznesmenl\u0259r bildirib ki, bunu b\u00fct\u00fcn Rusiya \u0259razisin\u0259 yayma\u011f\u0131 planla\u015fd\u0131r\u0131rlar. Erm\u0259ni biznesmenl\u0259rin \u00f6z h\u00f6k\u00fcm\u0259tin\u0259 m\u00fcraci\u0259t ed\u0259c\u0259yi deyilir.<\/p>\n\n\n\n<p>Al\u0131nt\u0131:<strong> Ruslan Mir<\/strong> (Fb)<\/p>\n\n\n\n<figure class=\"wp-block-embed-facebook wp-block-embed is-type-video is-provider-facebook\"><div class=\"wp-block-embed__wrapper\">\n<div id=\"fb-root\"><\/div><script async=\"1\" defer=\"1\" crossorigin=\"anonymous\" src=\"https:\/\/connect.facebook.net\/az_AZ\/sdk.js#xfbml=1&amp;version=v7.0\" nonce=\"6e75b62d\"><\/script><div class=\"fb-video\" data-href=\"https:\/\/www.facebook.com\/ruslan.mir.10\/videos\/587751635257736\/?t=1\" data-width=\"715\"><blockquote cite=\"https:\/\/www.facebook.com\/ruslan.mir.10\/videos\/587751635257736\/\" class=\"fb-xfbml-parse-ignore\"><a href=\"https:\/\/www.facebook.com\/ruslan.mir.10\/videos\/587751635257736\/\"><\/a><p><\/p>Posted by <a href=\"#\" role=\"button\">Ruslan Mir<\/a> on 17 \u0130yul 2020, C\u00fcm\u0259<\/blockquote><\/div>\n<\/div><\/figure>\n\n\n\n<figure class=\"wp-block-embed-facebook wp-block-embed is-type-video is-provider-facebook\"><div class=\"wp-block-embed__wrapper\">\n<div id=\"fb-root\"><\/div><script async=\"1\" defer=\"1\" crossorigin=\"anonymous\" src=\"https:\/\/connect.facebook.net\/az_AZ\/sdk.js#xfbml=1&amp;version=v7.0\" nonce=\"rpN5KrKT\"><\/script><div class=\"fb-video\" data-href=\"https:\/\/www.facebook.com\/ruslan.mir.10\/videos\/587754041924162\/?t=2\" data-width=\"715\"><blockquote cite=\"https:\/\/www.facebook.com\/ruslan.mir.10\/videos\/587754041924162\/\" class=\"fb-xfbml-parse-ignore\"><a href=\"https:\/\/www.facebook.com\/ruslan.mir.10\/videos\/587754041924162\/\"><\/a><p><\/p>Posted by <a href=\"#\" role=\"button\">Ruslan Mir<\/a> on 17 \u0130yul 2020, C\u00fcm\u0259<\/blockquote><\/div>\n<\/div><\/figure>\n\n\n\n\n\n<p><\/p>\n","protected":false},"excerpt":{"rendered":"<p>Moskvada ya\u015fayan az\u0259rbaycanl\u0131 biznesmenl\u0259r erm\u0259nil\u0259rl\u0259 b\u00fct\u00fcn ticar\u0259t \u0259laq\u0259l\u0259rini k\u0259sibl\u0259r. Az\u0259rbaycanl\u0131 biznesmenl\u0259rd\u0259n Kanal 8-\u0259 veril\u0259n m\u0259lumata g\u00f6r\u0259, Tovuz istiqam\u0259tind\u0259 Erm\u0259nistan Silahl\u0131 Q\u00fcvv\u0259l\u0259rinin t\u0259xribat t\u00f6r\u0259tm\u0259sind\u0259n sonra,<\/p>\n","protected":false},"author":2,"featured_media":10280,"comment_status":"closed","ping_status":"closed","sticky":false,"template":"","format":"standard","meta":{"footnotes":""},"categories":[15],"tags":[],"class_list":["post-10279","post","type-post","status-publish","format-standard","has-post-thumbnail","hentry","category-atmaca"],"aioseo_notices":[],"_links":{"self":[{"href":"https:\/\/fedai.az\/index.php?rest_route=\/wp\/v2\/posts\/10279","targetHints":{"allow":["GET"]}}],"collection":[{"href":"https:\/\/fedai.az\/index.php?rest_route=\/wp\/v2\/posts"}],"about":[{"href":"https:\/\/fedai.az\/index.php?rest_route=\/wp\/v2\/types\/post"}],"author":[{"embeddable":true,"href":"https:\/\/fedai.az\/index.php?rest_route=\/wp\/v2\/users\/2"}],"replies":[{"embeddable":true,"href":"https:\/\/fedai.az\/index.php?rest_route=%2Fwp%2Fv2%2Fcomments&post=10279"}],"version-history":[{"count":2,"href":"https:\/\/fedai.az\/index.php?rest_route=\/wp\/v2\/posts\/10279\/revisions"}],"predecessor-version":[{"id":10282,"href":"https:\/\/fedai.az\/index.php?rest_route=\/wp\/v2\/posts\/10279\/revisions\/10282"}],"wp:featuredmedia":[{"embeddable":true,"href":"https:\/\/fedai.az\/index.php?rest_route=\/wp\/v2\/media\/10280"}],"wp:attachment":[{"href":"https:\/\/fedai.az\/index.php?rest_route=%2Fwp%2Fv2%2Fmedia&parent=10279"}],"wp:term":[{"taxonomy":"category","embeddable":true,"href":"https:\/\/fedai.az\/index.php?rest_route=%2Fwp%2Fv2%2Fcategories&post=10279"},{"taxonomy":"post_tag","embeddable":true,"href":"https:\/\/fedai.az\/index.php?rest_route=%2Fwp%2Fv2%2Ftags&post=10279"}],"curies":[{"name":"wp","href":"https:\/\/api.w.org\/{rel}","templated":true}]}}