{"id":10284,"date":"2020-07-17T16:58:55","date_gmt":"2020-07-17T12:58:55","guid":{"rendered":"http:\/\/fedai.az\/?p=10284"},"modified":"2020-07-17T16:58:59","modified_gmt":"2020-07-17T12:58:59","slug":"abs-in-imicini-kardasyanin-yatagina-ortuk-edibl%c9%99r","status":"publish","type":"post","link":"https:\/\/fedai.az\/?p=10284","title":{"rendered":"AB\u015e-\u0131n imicini Karda\u015fyan\u0131n yata\u011f\u0131na \u00f6rt\u00fck edibl\u0259r&#8230;"},"content":{"rendered":"\n<p><strong>Kim Karda\u015fyan AB\u015e Konqresini dolay\u0131b. Dey\u0259s\u0259n d\u00fcnyan\u0131n b\u00fct\u00fcn x\u0259st\u0259l\u0259ri v\u0259 ba\u015fdan xarablar\u0131 AB\u015e Konqresin\u0259 y\u0131\u011f\u0131\u015f\u0131b. Erm\u0259nistan MN s\u00f6z\u00e7\u00fcs\u00fc \u015eu\u015fan Stepanyan \u00f6z facebook s\u0259hif\u0259sind\u0259 Dailymail.co.uk-dan bir status payla\u015f\u0131b. Payla\u015f\u0131mda deyilir: &#171;Kim Karda\u015fyan (g\u00fcya) &#171;Az\u0259rbaycan\u0131n Erm\u0259nistana &#171;h\u00fccumunu&#187; v\u0259 d\u0259st\u0259k\u00e7il\u0259rinin AB\u015e Konqresiyl\u0259 t\u0259masa ke\u00e7m\u0259sini q\u0131n\u0131y\u0131b&#187;.<\/strong><\/p>\n\n\n\n<figure class=\"wp-block-image size-large\"><img decoding=\"async\" src=\"http:\/\/fedai.az\/wp-content\/uploads\/2020\/07\/18096116_298638017234588_3854396057651773440_n-614x400-1.jpg\" alt=\"\" class=\"wp-image-10285\"\/><\/figure>\n\n\n\n<p>Dey\u0259s\u0259n hiyeredul Karda\u015fyan b\u00fct\u00fcn Konqresi yola verib. \u00c7\u00fcnki h\u0259m\u0259n&nbsp;sonra Kongres Az\u0259rbaycan \u0259leyhin\u0259 fikirl\u0259r s\u0259sl\u0259ndirm\u0259y\u0259 ba\u015flad\u0131. \u00d6z\u00fcn\u00fc &#171;super g\u00fcc&#187; sayan bir d\u00f6vl\u0259tin imici, Karda\u015fyan\u0131n yata\u011f\u0131na sal\u0131n\u0131b.<\/p>\n\n\n\n<p>Bir xat\u0131rlatma etm\u0259k yerin d\u00fc\u015f\u0259rdi. Ax\u015fam dan\u0131\u015fan Amerika konqresmeni Jackie Speyer, yax\u0131n vaxtlarda AB\u015e prezidenti Donald Trumpa soyq\u0131r\u0131m adlanan olay\u0131 tan\u0131maq v\u0259 pisl\u0259m\u0259k \u00e7a\u011f\u0131r\u0131\u015f\u0131 il\u0259 m\u0259ktub yazmaq niyy\u0259tind\u0259 oldu\u011funu s\u00f6yl\u0259mi\u015fdi.<\/p>\n\n\n\n<p>Erm\u0259ni k\u00f6k\u0259nli bir konqresmen d\u0259 AB\u015e erm\u0259ni icmas\u0131n\u0131n bu istiqam\u0259td\u0259 \u00e7ox s\u0259y g\u00f6st\u0259rdiyini, h\u0259m d\u0259 zarafatla (zarafatla?) Amerika teledivas\u0131 Kim Karda\u015fyan\u0131n c\u0259miyy\u0259tin bu t\u0259l\u0259bl\u0259rin\u0259 qo\u015fulmas\u0131n\u0131n n\u0259tic\u0259 ver\u0259 bil\u0259c\u0259yini s\u00f6yl\u0259di. \u201cErm\u0259ni icmas\u0131n\u0131n bu m\u0259s\u0259l\u0259d\u0259 gizli silah\u0131 var.<\/p>\n\n\n\n<p>Y\u0259ni Kim Karda\u015fyan\u0131n, Donald Trump\u0131 Twitter \u00fcz\u0259rind\u0259n soyq\u0131r\u0131m\u0131n\u0131 r\u0259smi olaraq tan\u0131ma\u011fa \u00e7a\u011f\u0131rmas\u0131 laz\u0131md\u0131r &#171;- demi\u015fdi.<\/p>\n\n\n\n<p>\u0130ndi \u00f6z\u00fcn\u00fcz n\u0259tic\u0259 \u00e7\u0131xard\u0131n. Qafqaz 102 ildi AB\u015e-\u0131n mandat\u0131yla v\u0259 Vudro Vilsonun \u015f\u0259r\u0259fsizliyi say\u0259sind\u0259 yarad\u0131lm\u0131\u015f qondarma Ararat respublikas\u0131n\u0131n zibilin\u0259 d\u00fc\u015f\u00fcb. Buna g\u00f6r\u0259 d\u0259 Qafqazda h\u0259r k\u0259s Vilsonu l\u0259n\u0259tl\u0259yir&#8230;<\/p>\n\n\n\n<p><strong>Xaqani \u018fd\u0259bo\u011flu<br>AVMV\u0130B M\u0259tbuat Xidm\u0259tinin r\u0259hb\u0259ri<\/strong><\/p>\n","protected":false},"excerpt":{"rendered":"<p>Kim Karda\u015fyan AB\u015e Konqresini dolay\u0131b. Dey\u0259s\u0259n d\u00fcnyan\u0131n b\u00fct\u00fcn x\u0259st\u0259l\u0259ri v\u0259 ba\u015fdan xarablar\u0131 AB\u015e Konqresin\u0259 y\u0131\u011f\u0131\u015f\u0131b. Erm\u0259nistan MN s\u00f6z\u00e7\u00fcs\u00fc \u015eu\u015fan Stepanyan \u00f6z facebook s\u0259hif\u0259sind\u0259 Dailymail.co.uk-dan<\/p>\n","protected":false},"author":2,"featured_media":10286,"comment_status":"closed","ping_status":"closed","sticky":false,"template":"","format":"standard","meta":{"footnotes":""},"categories":[15],"tags":[],"class_list":["post-10284","post","type-post","status-publish","format-standard","has-post-thumbnail","hentry","category-atmaca"],"aioseo_notices":[],"_links":{"self":[{"href":"https:\/\/fedai.az\/index.php?rest_route=\/wp\/v2\/posts\/10284","targetHints":{"allow":["GET"]}}],"collection":[{"href":"https:\/\/fedai.az\/index.php?rest_route=\/wp\/v2\/posts"}],"about":[{"href":"https:\/\/fedai.az\/index.php?rest_route=\/wp\/v2\/types\/post"}],"author":[{"embeddable":true,"href":"https:\/\/fedai.az\/index.php?rest_route=\/wp\/v2\/users\/2"}],"replies":[{"embeddable":true,"href":"https:\/\/fedai.az\/index.php?rest_route=%2Fwp%2Fv2%2Fcomments&post=10284"}],"version-history":[{"count":1,"href":"https:\/\/fedai.az\/index.php?rest_route=\/wp\/v2\/posts\/10284\/revisions"}],"predecessor-version":[{"id":10287,"href":"https:\/\/fedai.az\/index.php?rest_route=\/wp\/v2\/posts\/10284\/revisions\/10287"}],"wp:featuredmedia":[{"embeddable":true,"href":"https:\/\/fedai.az\/index.php?rest_route=\/wp\/v2\/media\/10286"}],"wp:attachment":[{"href":"https:\/\/fedai.az\/index.php?rest_route=%2Fwp%2Fv2%2Fmedia&parent=10284"}],"wp:term":[{"taxonomy":"category","embeddable":true,"href":"https:\/\/fedai.az\/index.php?rest_route=%2Fwp%2Fv2%2Fcategories&post=10284"},{"taxonomy":"post_tag","embeddable":true,"href":"https:\/\/fedai.az\/index.php?rest_route=%2Fwp%2Fv2%2Ftags&post=10284"}],"curies":[{"name":"wp","href":"https:\/\/api.w.org\/{rel}","templated":true}]}}