{"id":102844,"date":"2025-09-26T18:20:12","date_gmt":"2025-09-26T14:20:12","guid":{"rendered":"https:\/\/fedai.az\/?p=102844"},"modified":"2025-09-26T18:25:53","modified_gmt":"2025-09-26T14:25:53","slug":"ismayillida-s%c9%99hidl%c9%99rin-xatir%c9%99si-anildi","status":"publish","type":"post","link":"https:\/\/fedai.az\/?p=102844","title":{"rendered":"\u0130smay\u0131ll\u0131da \u015f\u0259hidl\u0259rin xatir\u0259si an\u0131ld\u0131"},"content":{"rendered":"\n<p>25 sentyabr 2025-ci il tarixind\u0259 \u0130smay\u0131ll\u0131 rayonunun 4 n\u00f6mr\u0259li tam orta m\u0259kt\u0259bind\u0259 an\u0131m g\u00fcn\u00fc m\u0259rasimi ke\u00e7irilmi\u015fdir. T\u0259dbird\u0259 Az\u0259rbaycan V\u0259t\u0259n M\u00fcharib\u0259si Veteranlar\u0131 \u0130ctimai Birliyinin (AVMV\u0130B) \u0130smay\u0131ll\u0131 rayon \u015f\u00f6b\u0259sinin s\u0259dri B\u0259yl\u0259r H\u0259limli, h\u0259m\u00e7inin bir qrup \u00fczv\u00fc, \u015f\u0259hid ail\u0259l\u0259ri, m\u0259kt\u0259bin pedaqoji kollektivi v\u0259 \u015fagirdl\u0259r i\u015ftirak etmi\u015fl\u0259r.<\/p>\n\n\n\n<p>M\u0259rasimd\u0259 AVMV\u0130B-nin s\u0259dri, \u015f\u0259hid anas\u0131, \u0130smay\u0131ll\u0131 U\u015faq v\u0259 Ail\u0259l\u0259r\u0259 D\u0259st\u0259k M\u0259rk\u0259zinin direktoru, h\u0259m\u00e7inin m\u0259kt\u0259bin direktoru \u00e7\u0131x\u0131\u015f ed\u0259r\u0259k V\u0259t\u0259n u\u011frunda canlar\u0131ndan ke\u00e7mi\u015f q\u0259hr\u0259manlar\u0131n xatir\u0259sinin daim \u0259ziz tutuldu\u011funu vur\u011fulam\u0131\u015flar. Qeyd olunmu\u015fdur ki, bu kimi g\u00f6r\u00fc\u015fl\u0259r g\u0259nc n\u0259slin v\u0259t\u0259np\u0259rv\u0259rlik ruhunda t\u0259rbiy\u0259sind\u0259 m\u00fch\u00fcm rol oynay\u0131r.<\/p>\n\n\n\n<p>M\u0259kt\u0259blil\u0259rin haz\u0131rlad\u0131qlar\u0131 b\u0259dii kompozisiyalar, \u015feirl\u0259r v\u0259 musiqi n\u00f6mr\u0259l\u0259ri t\u0259dbir\u0259 x\u00fcsusi r\u0259ng qatm\u0131\u015fd\u0131r. T\u0259dbirin sonunda \u015f\u0259hidl\u0259rimizin ruhuna dualar oxunmu\u015f, onlar\u0131n m\u00fcq\u0259dd\u0259s xatir\u0259si ehtiramla yad edilmi\u015fdir.<\/p>\n\n\n\n<p><strong>AVMV\u0130B-in M\u0259tbuat xidm\u0259ti<\/strong><\/p>\n\n\n\n<a href=\"https:\/\/postimg.cc\/mctRkDxy\" target=\"_blank\"><img decoding=\"async\" src=\"https:\/\/i.postimg.cc\/bvRv6D3W\/Whats-App-Image-2025-09-26-at-09-39-58.jpg\" alt=\"Whats-App-Image-2025-09-26-at-09-39-58\"\/><\/a><br\/><br\/>\n<a href=\"https:\/\/postimg.cc\/gwndjJ9y\" target=\"_blank\"><img decoding=\"async\" src=\"https:\/\/i.postimg.cc\/LsVsyYNW\/Whats-App-Image-2025-09-26-at-09-39-59.jpg\" alt=\"Whats-App-Image-2025-09-26-at-09-39-59\"\/><\/a><br\/><br\/>\n<a href=\"https:\/\/postimages.org\/\" target=\"_blank\"><img decoding=\"async\" src=\"https:\/\/i.postimg.cc\/nL1Ldj0d\/Whats-App-Image-2025-09-26-at-09-39-59-2.jpg\" alt=\"Whats-App-Image-2025-09-26-at-09-39-59-2\"\/><\/a><br\/><br\/>\n","protected":false},"excerpt":{"rendered":"<p>25 sentyabr 2025-ci il tarixind\u0259 \u0130smay\u0131ll\u0131 rayonunun 4 n\u00f6mr\u0259li tam orta m\u0259kt\u0259bind\u0259 an\u0131m g\u00fcn\u00fc m\u0259rasimi ke\u00e7irilmi\u015fdir. T\u0259dbird\u0259 Az\u0259rbaycan V\u0259t\u0259n M\u00fcharib\u0259si Veteranlar\u0131 \u0130ctimai Birliyinin (AVMV\u0130B)<\/p>\n","protected":false},"author":2,"featured_media":102845,"comment_status":"closed","ping_status":"closed","sticky":false,"template":"","format":"standard","meta":{"footnotes":""},"categories":[5],"tags":[],"class_list":["post-102844","post","type-post","status-publish","format-standard","has-post-thumbnail","hentry","category-veteran"],"aioseo_notices":[],"_links":{"self":[{"href":"https:\/\/fedai.az\/index.php?rest_route=\/wp\/v2\/posts\/102844","targetHints":{"allow":["GET"]}}],"collection":[{"href":"https:\/\/fedai.az\/index.php?rest_route=\/wp\/v2\/posts"}],"about":[{"href":"https:\/\/fedai.az\/index.php?rest_route=\/wp\/v2\/types\/post"}],"author":[{"embeddable":true,"href":"https:\/\/fedai.az\/index.php?rest_route=\/wp\/v2\/users\/2"}],"replies":[{"embeddable":true,"href":"https:\/\/fedai.az\/index.php?rest_route=%2Fwp%2Fv2%2Fcomments&post=102844"}],"version-history":[{"count":2,"href":"https:\/\/fedai.az\/index.php?rest_route=\/wp\/v2\/posts\/102844\/revisions"}],"predecessor-version":[{"id":102847,"href":"https:\/\/fedai.az\/index.php?rest_route=\/wp\/v2\/posts\/102844\/revisions\/102847"}],"wp:featuredmedia":[{"embeddable":true,"href":"https:\/\/fedai.az\/index.php?rest_route=\/wp\/v2\/media\/102845"}],"wp:attachment":[{"href":"https:\/\/fedai.az\/index.php?rest_route=%2Fwp%2Fv2%2Fmedia&parent=102844"}],"wp:term":[{"taxonomy":"category","embeddable":true,"href":"https:\/\/fedai.az\/index.php?rest_route=%2Fwp%2Fv2%2Fcategories&post=102844"},{"taxonomy":"post_tag","embeddable":true,"href":"https:\/\/fedai.az\/index.php?rest_route=%2Fwp%2Fv2%2Ftags&post=102844"}],"curies":[{"name":"wp","href":"https:\/\/api.w.org\/{rel}","templated":true}]}}