{"id":102848,"date":"2025-09-27T15:09:40","date_gmt":"2025-09-27T11:09:40","guid":{"rendered":"https:\/\/fedai.az\/?p=102848"},"modified":"2025-09-27T15:50:39","modified_gmt":"2025-09-27T11:50:39","slug":"bin%c9%99q%c9%99di-rayonunda-s%c9%99hidl%c9%99rin-%c9%99ziz-xatir%c9%99si-boyuk-ehtiramla-anildi","status":"publish","type":"post","link":"https:\/\/fedai.az\/?p=102848","title":{"rendered":"Bin\u0259q\u0259di rayonunda \u015f\u0259hidl\u0259rin \u0259ziz xatir\u0259si b\u00f6y\u00fck ehtiramla an\u0131ld\u0131"},"content":{"rendered":"\n<p>27 sentyabr \u2013 \u015e\u0259hidl\u0259rin An\u0131m G\u00fcn\u00fc il\u0259 \u0259laq\u0259dar Bin\u0259q\u0259di rayonunda \u201c\u0130ri \u015e\u0259h\u0259rl\u0259rin Birl\u0259\u015fmi\u015f Su T\u0259chizat\u0131 Xidm\u0259ti\u201d\u00a0publik h\u00fcquqi\u00a0\u015f\u0259xsin Bin\u0259q\u0259di rayon Sukanal idar\u0259si t\u0259r\u0259find\u0259n t\u0259dbir ke\u00e7irilmi\u015fdir. T\u0259dbird\u0259 V\u0259t\u0259n u\u011frunda can\u0131ndan ke\u00e7\u0259n igid o\u011ful v\u0259 q\u0131zlar\u0131m\u0131z\u0131n m\u00fcq\u0259dd\u0259s xatir\u0259sini yad etm\u0259k m\u0259qs\u0259di da\u015f\u0131yan m\u0259rasimd\u0259 d\u00f6vl\u0259t qurumlar\u0131n\u0131n n\u00fcmay\u0259nd\u0259l\u0259ri, m\u00fcharib\u0259 veteranlar\u0131, \u015f\u0259hid ail\u0259l\u0259ri v\u0259 ictimaiyy\u0259t n\u00fcmay\u0259nd\u0259l\u0259ri i\u015ftirak etmi\u015fl\u0259r. T\u0259dbir d\u00f6vl\u0259t himnimizin s\u0259sl\u0259ndirilm\u0259si v\u0259 \u015f\u0259hidl\u0259rimizin xatir\u0259sinin bir d\u0259qiq\u0259lik s\u00fckutla yad edilm\u0259si il\u0259 ba\u015flam\u0131\u015f v\u0259 onlar\u0131n ruhuna dualar oxunmu\u015fdur.<\/p>\n\n\n\n<p>T\u0259dbird\u0259 Bin\u0259q\u0259di rayon Sukanal idar\u0259sinin r\u0259isi D\u0259yan\u0259t \u018fnv\u0259r o\u011flu Seyid\u0259liyev, idar\u0259nin r\u0259is m\u00fcavini Tural \u0130lyas o\u011flu Quliyev, Az\u0259rbaycan V\u0259t\u0259n M\u00fcharib\u0259si Veteranlar\u0131 \u0130ctimai Birliyinin (AVMV\u0130B) Bin\u0259q\u0259di rayon \u015f\u00f6b\u0259sinin s\u0259dri M\u0259rdan \u018fl\u0259sg\u0259rov \u00e7\u0131x\u0131\u015f ed\u0259r\u0259k \u015f\u0259hidl\u0259rin V\u0259t\u0259n qar\u015f\u0131s\u0131ndak\u0131 misilsiz xidm\u0259tl\u0259rind\u0259n, onlar\u0131n f\u0259dakarl\u0131\u011f\u0131ndan v\u0259 q\u0259hr\u0259manl\u0131q tariximizin yaz\u0131lmas\u0131ndak\u0131 rolundan b\u0259hs edibl\u0259r.<\/p>\n\n\n\n<p>\u00c7\u0131x\u0131\u015f ed\u0259nl\u0259r qeyd edibl\u0259r ki, 27 sentyabr Az\u0259rbaycan xalq\u0131 \u00fc\u00e7\u00fcn yaln\u0131z k\u0259d\u0259r v\u0259 h\u00fczn g\u00fcn\u00fc deyil, eyni zamanda q\u0259hr\u0259manl\u0131q v\u0259 q\u00fcrur g\u00fcn\u00fcd\u00fcr. M\u0259hz bu tarixd\u0259 m\u00fcasir Az\u0259rbaycan ordusu Ali Ba\u015f Komandan \u0130lham \u018fliyevin r\u0259hb\u0259rliyi il\u0259 V\u0259t\u0259nimizin azadl\u0131\u011f\u0131 v\u0259 suverenliyi u\u011frunda tarixi Z\u0259f\u0259r y\u00fcr\u00fc\u015f\u00fcn\u0259 ba\u015flay\u0131b. 44 g\u00fcn davam ed\u0259n V\u0259t\u0259n m\u00fcharib\u0259si Az\u0259rbaycan\u0131n \u0259razi b\u00fct\u00f6vl\u00fcy\u00fcn\u00fc b\u0259rpa etm\u0259kl\u0259 yana\u015f\u0131, xalq\u0131m\u0131z\u0131n birliyinin, \u0259zm v\u0259 irad\u0259sinin t\u0259nt\u0259n\u0259sin\u0259 \u00e7evrildi.<\/p>\n\n\n\n<p>M\u0259rasimd\u0259 vur\u011fulan\u0131b ki, \u015f\u0259hidl\u0259rimizin qan\u0131 bahas\u0131na qazan\u0131lm\u0131\u015f bu b\u00f6y\u00fck q\u0259l\u0259b\u0259 t\u0259kc\u0259 bir d\u00f6y\u00fc\u015f\u00fcn n\u0259tic\u0259si deyil, \u0259srl\u0259r boyu azadl\u0131q u\u011frunda apar\u0131lan m\u00fcbariz\u0259nin zirv\u0259sidir. Onlar\u0131n g\u00f6st\u0259rdikl\u0259ri q\u0259hr\u0259manl\u0131q, g\u00f6st\u0259rdikl\u0259ri igidlik g\u0259l\u0259c\u0259k n\u0259sill\u0259r\u0259 \u00f6rn\u0259k, v\u0259t\u0259np\u0259rv\u0259rlik m\u0259kt\u0259bidir.<\/p>\n\n\n\n<p><strong>AVMV\u0130B-in M\u0259tbuat xidm\u0259ti<\/strong><\/p>\n\n\n\n<a href=\"https:\/\/postimg.cc\/Z9ycBHjb\" target=\"_blank\"><img decoding=\"async\" src=\"https:\/\/i.postimg.cc\/nL3wWwDD\/Whats-App-Image-2025-09-27-at-12-45-18.jpg\" alt=\"Whats-App-Image-2025-09-27-at-12-45-18\"\/><\/a><br\/><br\/>\n<a href=\"https:\/\/postimg.cc\/2qBwbGTC\" target=\"_blank\"><img decoding=\"async\" src=\"https:\/\/i.postimg.cc\/cJF5z5nt\/Whats-App-Image-2025-09-27-at-12-45-18-1.jpg\" alt=\"Whats-App-Image-2025-09-27-at-12-45-18-1\"\/><\/a><br\/><br\/>\n<a href=\"https:\/\/postimg.cc\/SXzr2dVy\" target=\"_blank\"><img decoding=\"async\" src=\"https:\/\/i.postimg.cc\/s2T0L0hZ\/Whats-App-Image-2025-09-27-at-12-45-19.jpg\" alt=\"Whats-App-Image-2025-09-27-at-12-45-19\"\/><\/a><br\/><br\/>\n<a href=\"https:\/\/postimg.cc\/McjDM5tq\" target=\"_blank\"><img decoding=\"async\" src=\"https:\/\/i.postimg.cc\/tgBmcmxZ\/Whats-App-Image-2025-09-27-at-12-45-19-1.jpg\" alt=\"Whats-App-Image-2025-09-27-at-12-45-19-1\"\/><\/a><br\/><br\/>\n","protected":false},"excerpt":{"rendered":"<p>27 sentyabr \u2013 \u015e\u0259hidl\u0259rin An\u0131m G\u00fcn\u00fc il\u0259 \u0259laq\u0259dar Bin\u0259q\u0259di rayonunda \u201c\u0130ri \u015e\u0259h\u0259rl\u0259rin Birl\u0259\u015fmi\u015f Su T\u0259chizat\u0131 Xidm\u0259ti\u201d\u00a0publik h\u00fcquqi\u00a0\u015f\u0259xsin Bin\u0259q\u0259di rayon Sukanal idar\u0259si t\u0259r\u0259find\u0259n t\u0259dbir ke\u00e7irilmi\u015fdir.<\/p>\n","protected":false},"author":2,"featured_media":102849,"comment_status":"closed","ping_status":"closed","sticky":false,"template":"","format":"standard","meta":{"footnotes":""},"categories":[5],"tags":[],"class_list":["post-102848","post","type-post","status-publish","format-standard","has-post-thumbnail","hentry","category-veteran"],"aioseo_notices":[],"_links":{"self":[{"href":"https:\/\/fedai.az\/index.php?rest_route=\/wp\/v2\/posts\/102848","targetHints":{"allow":["GET"]}}],"collection":[{"href":"https:\/\/fedai.az\/index.php?rest_route=\/wp\/v2\/posts"}],"about":[{"href":"https:\/\/fedai.az\/index.php?rest_route=\/wp\/v2\/types\/post"}],"author":[{"embeddable":true,"href":"https:\/\/fedai.az\/index.php?rest_route=\/wp\/v2\/users\/2"}],"replies":[{"embeddable":true,"href":"https:\/\/fedai.az\/index.php?rest_route=%2Fwp%2Fv2%2Fcomments&post=102848"}],"version-history":[{"count":4,"href":"https:\/\/fedai.az\/index.php?rest_route=\/wp\/v2\/posts\/102848\/revisions"}],"predecessor-version":[{"id":102854,"href":"https:\/\/fedai.az\/index.php?rest_route=\/wp\/v2\/posts\/102848\/revisions\/102854"}],"wp:featuredmedia":[{"embeddable":true,"href":"https:\/\/fedai.az\/index.php?rest_route=\/wp\/v2\/media\/102849"}],"wp:attachment":[{"href":"https:\/\/fedai.az\/index.php?rest_route=%2Fwp%2Fv2%2Fmedia&parent=102848"}],"wp:term":[{"taxonomy":"category","embeddable":true,"href":"https:\/\/fedai.az\/index.php?rest_route=%2Fwp%2Fv2%2Fcategories&post=102848"},{"taxonomy":"post_tag","embeddable":true,"href":"https:\/\/fedai.az\/index.php?rest_route=%2Fwp%2Fv2%2Ftags&post=102848"}],"curies":[{"name":"wp","href":"https:\/\/api.w.org\/{rel}","templated":true}]}}