{"id":102855,"date":"2025-09-27T16:24:42","date_gmt":"2025-09-27T12:24:42","guid":{"rendered":"https:\/\/fedai.az\/?p=102855"},"modified":"2025-09-27T16:24:42","modified_gmt":"2025-09-27T12:24:42","slug":"yevlaxda-s%c9%99hidl%c9%99rin-%c9%99ziz-xatir%c9%99si-anildi","status":"publish","type":"post","link":"https:\/\/fedai.az\/?p=102855","title":{"rendered":"Yevlaxda \u015f\u0259hidl\u0259rin \u0259ziz xatir\u0259si an\u0131ld\u0131"},"content":{"rendered":"\n<p>Bu g\u00fcn Az\u0259rbaycan V\u0259t\u0259n M\u00fcharib\u0259si Veteranlar\u0131 \u0130ctimai Birliyinin (AVMV\u0130B) Yevlax rayon \u015f\u00f6b\u0259sinin \u00fczvl\u0259ri, \u015f\u0259h\u0259r ictimaiyy\u0259ti, \u015f\u0259hid ail\u0259l\u0259ri v\u0259 qazil\u0259r 27 sentyabr \u2013 \u015e\u0259hidl\u0259rin An\u0131m G\u00fcn\u00fc m\u00fcnasib\u0259til\u0259 \u015e\u0259hidl\u0259r xiyaban\u0131nda bir araya g\u0259libl\u0259r.<\/p>\n\n\n\n<p>T\u0259dbir zaman\u0131 q\u0259hr\u0259man V\u0259t\u0259n \u00f6vladlar\u0131n\u0131n m\u00fcq\u0259dd\u0259s xatir\u0259si b\u00f6y\u00fck ehtiramla yad olunub. \u0130\u015ftirak\u00e7\u0131lar \u015f\u0259hidl\u0259rin m\u0259zarlar\u0131 \u00f6n\u00fcn\u0259 t\u0259r q\u0259r\u0259nfill\u0259r d\u00fcz\u00fcb, onlar\u0131n ruhuna dualar oxuyublar.<\/p>\n\n\n\n<p>\u00c7\u0131x\u0131\u015f ed\u0259nl\u0259r bildiribl\u0259r ki, 27 sentyabr Az\u0259rbaycan tarixind\u0259 yaln\u0131z h\u00fczn g\u00fcn\u00fc deyil, h\u0259m d\u0259 q\u0259hr\u0259manl\u0131q v\u0259 \u015f\u0259r\u0259f g\u00fcn\u00fcd\u00fcr. M\u0259hz bu g\u00fcn 2020-ci ild\u0259 xalq\u0131m\u0131z v\u0259 Ordumuz Ali Ba\u015f Komandan \u0130lham \u018fliyevin r\u0259hb\u0259rliyi il\u0259 torpaqlar\u0131m\u0131z\u0131n azadl\u0131\u011f\u0131 u\u011frunda m\u00fcq\u0259dd\u0259s m\u00fcbariz\u0259y\u0259 qalxaraq parlaq Z\u0259f\u0259r tarixi yazd\u0131.<\/p>\n\n\n\n<p>Yevlax ictimaiyy\u0259tinin n\u00fcmay\u0259nd\u0259l\u0259ri vur\u011fulay\u0131blar ki, \u015f\u0259hidl\u0259rin qan\u0131 il\u0259 yaz\u0131lan bu \u015fanl\u0131 tarix he\u00e7 vaxt unudulmayacaq, onlar\u0131n g\u00f6st\u0259rdiyi q\u0259hr\u0259manl\u0131q g\u0259l\u0259c\u0259k n\u0259sill\u0259r \u00fc\u00e7\u00fcn v\u0259t\u0259np\u0259rv\u0259rlik m\u0259kt\u0259bi olacaq.<\/p>\n\n\n\n<p><strong>AVMV\u0130B-in M\u0259tbuat xidm\u0259ti<\/strong><\/p>\n\n\n\n<a href='https:\/\/postimg.cc\/21JyyR07' target='_blank'><img src='https:\/\/i.postimg.cc\/fbW9HMXp\/Whats-App-Image-2025-09-27-at-15-50-28.jpg' border='0' alt='Whats-App-Image-2025-09-27-at-15-50-28'\/><\/a>\n","protected":false},"excerpt":{"rendered":"<p>Bu g\u00fcn Az\u0259rbaycan V\u0259t\u0259n M\u00fcharib\u0259si Veteranlar\u0131 \u0130ctimai Birliyinin (AVMV\u0130B) Yevlax rayon \u015f\u00f6b\u0259sinin \u00fczvl\u0259ri, \u015f\u0259h\u0259r ictimaiyy\u0259ti, \u015f\u0259hid ail\u0259l\u0259ri v\u0259 qazil\u0259r 27 sentyabr \u2013 \u015e\u0259hidl\u0259rin An\u0131m<\/p>\n","protected":false},"author":2,"featured_media":102856,"comment_status":"closed","ping_status":"closed","sticky":false,"template":"","format":"standard","meta":{"footnotes":""},"categories":[5],"tags":[],"class_list":["post-102855","post","type-post","status-publish","format-standard","has-post-thumbnail","hentry","category-veteran"],"aioseo_notices":[],"_links":{"self":[{"href":"https:\/\/fedai.az\/index.php?rest_route=\/wp\/v2\/posts\/102855","targetHints":{"allow":["GET"]}}],"collection":[{"href":"https:\/\/fedai.az\/index.php?rest_route=\/wp\/v2\/posts"}],"about":[{"href":"https:\/\/fedai.az\/index.php?rest_route=\/wp\/v2\/types\/post"}],"author":[{"embeddable":true,"href":"https:\/\/fedai.az\/index.php?rest_route=\/wp\/v2\/users\/2"}],"replies":[{"embeddable":true,"href":"https:\/\/fedai.az\/index.php?rest_route=%2Fwp%2Fv2%2Fcomments&post=102855"}],"version-history":[{"count":1,"href":"https:\/\/fedai.az\/index.php?rest_route=\/wp\/v2\/posts\/102855\/revisions"}],"predecessor-version":[{"id":102857,"href":"https:\/\/fedai.az\/index.php?rest_route=\/wp\/v2\/posts\/102855\/revisions\/102857"}],"wp:featuredmedia":[{"embeddable":true,"href":"https:\/\/fedai.az\/index.php?rest_route=\/wp\/v2\/media\/102856"}],"wp:attachment":[{"href":"https:\/\/fedai.az\/index.php?rest_route=%2Fwp%2Fv2%2Fmedia&parent=102855"}],"wp:term":[{"taxonomy":"category","embeddable":true,"href":"https:\/\/fedai.az\/index.php?rest_route=%2Fwp%2Fv2%2Fcategories&post=102855"},{"taxonomy":"post_tag","embeddable":true,"href":"https:\/\/fedai.az\/index.php?rest_route=%2Fwp%2Fv2%2Ftags&post=102855"}],"curies":[{"name":"wp","href":"https:\/\/api.w.org\/{rel}","templated":true}]}}