{"id":10292,"date":"2020-07-17T18:14:25","date_gmt":"2020-07-17T14:14:25","guid":{"rendered":"http:\/\/fedai.az\/?p=10292"},"modified":"2020-07-17T22:50:37","modified_gmt":"2020-07-17T18:50:37","slug":"m%c9%99h%c9%99bb%c9%99t-v%c9%99liyeva-t%c9%99hsil-naziri-t%c9%99yin-olundu","status":"publish","type":"post","link":"https:\/\/fedai.az\/?p=10292","title":{"rendered":"M\u0259h\u0259bb\u0259t V\u0259liyeva t\u0259hsil naziri t\u0259yin olundumu?"},"content":{"rendered":"\n<p><strong>D\u00fcn\u0259n \u00f6lk\u0259 Prezidenti \u0130lham \u018fliyev s\u0259r\u0259ncam\u0131 il\u0259 Ceyhun Bayramov Xarici \u0130\u015fl\u0259r naziri t\u0259yin olunduqdan sonra T\u0259hsil naziri v\u0259zif\u0259si bo\u015f qal\u0131b.<\/strong><\/p>\n\n\n\n<p>Fedai.az x\u0259b\u0259r verir ki, art\u0131q bu v\u0259zif\u0259y\u0259 namiz\u0259d t\u0259sdiq olunub, sad\u0259c\u0259 r\u0259smi s\u0259r\u0259ncam g\u00f6zl\u0259nilir. Etibarl\u0131 m\u0259nb\u0259nin verdiyi m\u0259lumata g\u00f6r\u0259 Prezident bu g\u00fcn T\u0259hsil nazirinin m\u00fcavini M\u0259h\u0259bb\u0259t V\u0259liyevan\u0131 q\u0259bul edib v\u0259 nazir v\u0259zif\u0259sin\u0259 t\u0259sdiq edib.<\/p>\n\n\n\n<p>M\u0259h\u0259bb\u0259t V\u0259liyeva 1968-ci ild\u0259 Bak\u0131 \u015f\u0259h\u0259rind\u0259 anadan olub. 1990-c\u0131 ild\u0259 M.F. Axundov ad\u0131na Az\u0259rbaycan Pedaqoji Rus dili v\u0259 \u018fd\u0259biyyat\u0131 \u0130nstitutunu Rus dili v\u0259 \u0259d\u0259biyyat\u0131 m\u00fc\u0259llimi ixtisas\u0131 \u00fczr\u0259 bitirib.<\/p>\n\n\n\n<p>1991-2003-c\u00fc ill\u0259rd\u0259 S\u0259bail rayonu 190 n\u00f6mr\u0259li tam orta m\u0259kt\u0259bd\u0259 m\u00fc\u0259llim, 2003-2008-ci ill\u0259rd\u0259 \u201cXXI \u0259sr\u201d \u00dcmumt\u0259hsil M\u0259rk\u0259zind\u0259 t\u0259lim-t\u0259rbiy\u0259 i\u015fl\u0259ri \u00fczr\u0259 direktor m\u00fcavini, 2008-2014-c\u00fc ill\u0259rd\u0259 akademik Z\u0259rif\u0259 \u018fliyeva ad\u0131na liseyin direktoru v\u0259zif\u0259sind\u0259 \u00e7al\u0131\u015f\u0131b.<\/p>\n\n\n\n<p>2001-ci ild\u0259 \u201c\u0130lin \u0259n yax\u015f\u0131 m\u00fc\u0259llimi\u201d Respublika m\u00fcsabiq\u0259sinin qalibi olub.<\/p>\n\n\n\n<p>Az\u0259rbaycan Respublikas\u0131 Prezidentinin 2008-ci il 25 sentyabr tarixli S\u0259r\u0259ncam\u0131 il\u0259 \u201cAz\u0259rbaycan Respublikas\u0131n\u0131n \u0259m\u0259kdar m\u00fc\u0259llimi\u201d f\u0259xri ad\u0131na layiq g\u00f6r\u00fcl\u00fcb.<\/p>\n\n\n\n<p>2014-2015-ci ill\u0259rd\u0259 Bak\u0131 \u015e\u0259h\u0259ri \u00fczr\u0259 T\u0259hsil \u0130dar\u0259sinin m\u00fcdir m\u00fcavini, 2015-2018-ci ill\u0259rd\u0259 B\u015eT\u0130-nin m\u00fcdiri v\u0259zif\u0259l\u0259rind\u0259 \u00e7al\u0131\u015f\u0131b.<\/p>\n\n\n\n<p>Az\u0259rbaycan Respublikas\u0131n\u0131n Prezidenti c\u0259nab \u0130lham \u018fliyevin 27 iyun 2018-ci il tarixli S\u0259r\u0259ncam\u0131 il\u0259 t\u0259hsil nazirinin m\u00fcavini v\u0259zif\u0259sin\u0259 t\u0259yin edilib.<\/p>\n\n\n\n<p>Psixologiya \u00fczr\u0259 f\u0259ls\u0259f\u0259 doktorudur.<\/p>\n\n\n\n<p>YAP N\u0259simi Rayon T\u0259\u015fkilat\u0131 Siyasi \u015euras\u0131n\u0131n v\u0259 \u0130dar\u0259 Hey\u0259tinin \u00fczv\u00fcd\u00fcr.<\/p>\n\n\n\n<p><\/p>\n","protected":false},"excerpt":{"rendered":"<p>D\u00fcn\u0259n \u00f6lk\u0259 Prezidenti \u0130lham \u018fliyev s\u0259r\u0259ncam\u0131 il\u0259 Ceyhun Bayramov Xarici \u0130\u015fl\u0259r naziri t\u0259yin olunduqdan sonra T\u0259hsil naziri v\u0259zif\u0259si bo\u015f qal\u0131b. Fedai.az x\u0259b\u0259r verir ki,<\/p>\n","protected":false},"author":2,"featured_media":0,"comment_status":"closed","ping_status":"closed","sticky":false,"template":"","format":"standard","meta":{"footnotes":""},"categories":[8],"tags":[],"class_list":["post-10292","post","type-post","status-publish","format-standard","hentry","category-thsil"],"aioseo_notices":[],"_links":{"self":[{"href":"https:\/\/fedai.az\/index.php?rest_route=\/wp\/v2\/posts\/10292","targetHints":{"allow":["GET"]}}],"collection":[{"href":"https:\/\/fedai.az\/index.php?rest_route=\/wp\/v2\/posts"}],"about":[{"href":"https:\/\/fedai.az\/index.php?rest_route=\/wp\/v2\/types\/post"}],"author":[{"embeddable":true,"href":"https:\/\/fedai.az\/index.php?rest_route=\/wp\/v2\/users\/2"}],"replies":[{"embeddable":true,"href":"https:\/\/fedai.az\/index.php?rest_route=%2Fwp%2Fv2%2Fcomments&post=10292"}],"version-history":[{"count":2,"href":"https:\/\/fedai.az\/index.php?rest_route=\/wp\/v2\/posts\/10292\/revisions"}],"predecessor-version":[{"id":10302,"href":"https:\/\/fedai.az\/index.php?rest_route=\/wp\/v2\/posts\/10292\/revisions\/10302"}],"wp:attachment":[{"href":"https:\/\/fedai.az\/index.php?rest_route=%2Fwp%2Fv2%2Fmedia&parent=10292"}],"wp:term":[{"taxonomy":"category","embeddable":true,"href":"https:\/\/fedai.az\/index.php?rest_route=%2Fwp%2Fv2%2Fcategories&post=10292"},{"taxonomy":"post_tag","embeddable":true,"href":"https:\/\/fedai.az\/index.php?rest_route=%2Fwp%2Fv2%2Ftags&post=10292"}],"curies":[{"name":"wp","href":"https:\/\/api.w.org\/{rel}","templated":true}]}}