{"id":103002,"date":"2025-11-09T15:46:47","date_gmt":"2025-11-09T11:46:47","guid":{"rendered":"https:\/\/fedai.az\/?p=103002"},"modified":"2025-11-09T15:51:56","modified_gmt":"2025-11-09T11:51:56","slug":"avmvib-kollektivi-xaqani-ed%c9%99boglunun-m%c9%99zarini-ziyar%c9%99t-etdi","status":"publish","type":"post","link":"https:\/\/fedai.az\/?p=103002","title":{"rendered":"AVMV\u0130B kollektivi Xaqani \u018fd\u0259bo\u011flunun m\u0259zar\u0131n\u0131 ziyar\u0259t etdi"},"content":{"rendered":"\n<p>Bu g\u00fcn Az\u0259rbaycan V\u0259t\u0259n M\u00fcharib\u0259si Veteranlar\u0131 \u0130ctimai Birliyinin (AVMV\u0130B) r\u0259hb\u0259rliyi m\u0259rhum Xaqani Rzaquliyevin (Xaqani \u018fd\u0259bo\u011flu) m\u00f6vludu g\u00fcn\u00fc m\u00fcnasib\u0259til\u0259 onun m\u0259zar\u0131n\u0131 ziyar\u0259t edib, \u00f6n\u00fcn\u0259 g\u00fcl-\u00e7i\u00e7\u0259k d\u0259st\u0259l\u0259ri d\u00fcz\u00fcb, ruhuna dualar oxuyub.<\/p>\n\n\n\n<p>Ziyar\u0259td\u0259 AVMV\u0130B-in Bak\u0131 v\u0259 Bak\u0131\u0259traf\u0131 rayon \u015f\u00f6b\u0259l\u0259rinin s\u0259drl\u0259ri v\u0259 \u00fczvl\u0259ri, m\u00fcharib\u0259 veteranlar\u0131, qazil\u0259r, h\u0259m\u00e7inin Xaqani m\u00fc\u0259llimin ail\u0259 \u00fczvl\u0259ri v\u0259 yax\u0131nlar\u0131 i\u015ftirak edibl\u0259r. \u00c7\u0131x\u0131\u015f ed\u0259nl\u0259r Xaqani \u018fd\u0259bo\u011flunun h\u0259m d\u00f6y\u00fc\u015f meydan\u0131nda, h\u0259m d\u0259 informasiya c\u0259bh\u0259sind\u0259 g\u00f6st\u0259rdiyi xidm\u0259tl\u0259ri xat\u0131rladaraq onun Az\u0259rbaycan\u0131n ilk d\u00f6y\u00fc\u015f\u00e7\u00fc-jurnalistl\u0259rind\u0259n biri kimi milli m\u0259tbuat tarixind\u0259, el\u0259c\u0259 d\u0259 V\u0259t\u0259n m\u00fcharib\u0259si salnam\u0259sind\u0259 qoydu\u011fu izl\u0259ri vur\u011fulay\u0131blar.<\/p>\n\n\n\n<p>Qeyd olunub ki, Xaqani \u018fd\u0259bo\u011flu tarix\u00e7i-t\u00fcrkoloq, m\u00fc\u0259llim, publisist v\u0259 AVMV\u0130B-in M\u0259tbuat xidm\u0259tinin r\u0259hb\u0259ri kimi \u201c\u018fd\u0259bo\u011flu m\u0259kt\u0259bi\u201dni formala\u015fd\u0131r\u0131b, Ulu \u00d6nd\u0259r Heyd\u0259r \u018fliyevin Az\u0259rbaycan\u00e7\u0131l\u0131q ideyas\u0131n\u0131 t\u00fcrk\u00e7\u00fcl\u00fck v\u0259 turan\u00e7\u0131l\u0131q x\u0259tti il\u0259 v\u0259hd\u0259td\u0259 t\u0259qdim ed\u0259r\u0259k milli ideologiyan\u0131n c\u0259miyy\u0259td\u0259 yay\u0131lmas\u0131na t\u00f6hf\u0259 verib. Onun \u00e7oxsayl\u0131 m\u0259qal\u0259 v\u0259 ara\u015fd\u0131rmalar\u0131, o c\u00fcml\u0259d\u0259n 44 g\u00fcnl\u00fck V\u0259t\u0259n m\u00fcharib\u0259si d\u00f6vr\u00fcnd\u0259 bir ne\u00e7\u0259 dild\u0259 yay\u0131lan analitik yaz\u0131lar\u0131 Az\u0259rbaycan h\u0259qiq\u0259tl\u0259rinin beyn\u0259lxalq auditoriyaya \u00e7atd\u0131r\u0131lmas\u0131nda m\u00fch\u00fcm rol oynay\u0131b.<\/p>\n\n\n\n<p>Ziyar\u0259td\u0259n sonra t\u0259dbir i\u015ftirak\u00e7\u0131lar\u0131 \u015e\u0259hidl\u0259rimizin m\u0259zarlar\u0131n\u0131 da ziyar\u0259t ed\u0259r\u0259k, V\u0259t\u0259n u\u011frunda can\u0131ndan ke\u00e7\u0259n igidl\u0259rin xatir\u0259sini ehtiramla an\u0131blar. \u015e\u0259hidl\u0259rin m\u0259zarlar\u0131 \u00fcz\u0259rin\u0259 g\u00fcl d\u0259st\u0259l\u0259ri qoyulub, ruhlar\u0131na dualar oxunub.<\/p>\n\n\n\n<p>AVMV\u0130B r\u0259hb\u0259rliyi bildirib ki, Xaqani \u018fd\u0259bo\u011flunun irsi \u2014 V\u0259t\u0259n\u0259 s\u0259daq\u0259t, s\u00f6z\u0259 v\u0259 silaha b\u0259rab\u0259r ehtiram, c\u0259miyy\u0259t\u0259 ideoloji xidm\u0259t \u2014 t\u0259\u015fkilat\u0131n g\u0259nc n\u0259sill\u0259 i\u015find\u0259, ictimai maarifl\u0259ndirm\u0259 v\u0259 informasiya t\u0259hl\u00fck\u0259sizliyi f\u0259aliyy\u0259tind\u0259 bundan sonra da \u0259sas istinad n\u00f6qt\u0259si olacaq.<\/p>\n\n\n\n<p>Ruhun \u015fad olsun, Xaqani m\u00fc\u0259llim!<\/p>\n\n\n\n<p><strong>AVMV\u0130B-in M\u0259tbuat xidm\u0259ti<\/strong><\/p>\n\n\n\n<a href=\"https:\/\/postimg.cc\/RqhXzSTk\" target=\"_blank\"><img decoding=\"async\" src=\"https:\/\/i.postimg.cc\/HW4KXj8k\/IMG-20251109-112445.jpg\" alt=\"IMG-20251109-112445\"><\/a><br\/><br\/>\n<a href=\"https:\/\/postimg.cc\/PNJ2kXMR\" target=\"_blank\"><img decoding=\"async\" src=\"https:\/\/i.postimg.cc\/RCQ8KqJ4\/IMG-20251109-113951.jpg\" alt=\"IMG-20251109-113951\"><\/a><br\/><br\/>\n<a href=\"https:\/\/postimg.cc\/MXHd86Y5\" target=\"_blank\"><img decoding=\"async\" src=\"https:\/\/i.postimg.cc\/qBXYyghP\/IMG-20251109-113954.jpg\" alt=\"IMG-20251109-113954\"><\/a><br\/><br\/>\n<a href=\"https:\/\/postimg.cc\/QVC0r8qq\" target=\"_blank\"><img decoding=\"async\" src=\"https:\/\/i.postimg.cc\/RCQ8Kq62\/IMG-20251109-113956.jpg\" alt=\"IMG-20251109-113956\"><\/a><br\/><br\/>\n<a href=\"https:\/\/postimg.cc\/6TqYNWhf\" target=\"_blank\"><img decoding=\"async\" src=\"https:\/\/i.postimg.cc\/gcq58rXQ\/IMG-20251109-114015.jpg\" alt=\"IMG-20251109-114015\"><\/a><br\/><br\/>\n<a href=\"https:\/\/postimg.cc\/23y2fkxw\" target=\"_blank\"><img decoding=\"async\" src=\"https:\/\/i.postimg.cc\/7PMc0bGp\/IMG-20251109-114116.jpg\" alt=\"IMG-20251109-114116\"><\/a><br\/><br\/>\n\n\n\n\n<a href=\"https:\/\/postimg.cc\/RqWQDPS5\" target=\"_blank\"><img decoding=\"async\" src=\"https:\/\/i.postimg.cc\/8kHKs3x5\/Whats-App-Image-2025-11-09-at-15-39-42.jpg\" alt=\"Whats-App-Image-2025-11-09-at-15-39-42\"><\/a><br\/><br\/>\n<a href=\"https:\/\/postimg.cc\/Sjn7vZyT\" target=\"_blank\"><img decoding=\"async\" src=\"https:\/\/i.postimg.cc\/L4TCh7Gp\/Whats-App-Image-2025-11-09-at-15-39-40.jpg\" alt=\"Whats-App-Image-2025-11-09-at-15-39-40\"><\/a><br\/><br\/>\n<a href=\"https:\/\/postimg.cc\/hhXb5CS5\" target=\"_blank\"><img decoding=\"async\" src=\"https:\/\/i.postimg.cc\/wxVf3Png\/Whats-App-Image-2025-11-09-at-15-39-40-1.jpg\" alt=\"Whats-App-Image-2025-11-09-at-15-39-40-1\"><\/a><br\/><br\/>\n<a href=\"https:\/\/postimg.cc\/MXnbFsWs\" target=\"_blank\"><img decoding=\"async\" src=\"https:\/\/i.postimg.cc\/L4TCh7GM\/Whats-App-Image-2025-11-09-at-15-39-41.jpg\" alt=\"Whats-App-Image-2025-11-09-at-15-39-41\"><\/a><br\/><br\/>\n<a href=\"https:\/\/postimg.cc\/t7stMrXm\" target=\"_blank\"><img decoding=\"async\" src=\"https:\/\/i.postimg.cc\/BZgYtyRs\/Whats-App-Image-2025-11-09-at-15-39-41-1.jpg\" alt=\"Whats-App-Image-2025-11-09-at-15-39-41-1\"><\/a><br\/><br\/>\n\n","protected":false},"excerpt":{"rendered":"<p>Bu g\u00fcn Az\u0259rbaycan V\u0259t\u0259n M\u00fcharib\u0259si Veteranlar\u0131 \u0130ctimai Birliyinin (AVMV\u0130B) r\u0259hb\u0259rliyi m\u0259rhum Xaqani Rzaquliyevin (Xaqani \u018fd\u0259bo\u011flu) m\u00f6vludu g\u00fcn\u00fc m\u00fcnasib\u0259til\u0259 onun m\u0259zar\u0131n\u0131 ziyar\u0259t edib, \u00f6n\u00fcn\u0259 g\u00fcl-\u00e7i\u00e7\u0259k<\/p>\n","protected":false},"author":2,"featured_media":103006,"comment_status":"closed","ping_status":"closed","sticky":false,"template":"","format":"standard","meta":{"footnotes":""},"categories":[3],"tags":[],"class_list":["post-103002","post","type-post","status-publish","format-standard","has-post-thumbnail","hentry","category-gundm"],"aioseo_notices":[],"_links":{"self":[{"href":"https:\/\/fedai.az\/index.php?rest_route=\/wp\/v2\/posts\/103002","targetHints":{"allow":["GET"]}}],"collection":[{"href":"https:\/\/fedai.az\/index.php?rest_route=\/wp\/v2\/posts"}],"about":[{"href":"https:\/\/fedai.az\/index.php?rest_route=\/wp\/v2\/types\/post"}],"author":[{"embeddable":true,"href":"https:\/\/fedai.az\/index.php?rest_route=\/wp\/v2\/users\/2"}],"replies":[{"embeddable":true,"href":"https:\/\/fedai.az\/index.php?rest_route=%2Fwp%2Fv2%2Fcomments&post=103002"}],"version-history":[{"count":1,"href":"https:\/\/fedai.az\/index.php?rest_route=\/wp\/v2\/posts\/103002\/revisions"}],"predecessor-version":[{"id":103004,"href":"https:\/\/fedai.az\/index.php?rest_route=\/wp\/v2\/posts\/103002\/revisions\/103004"}],"wp:featuredmedia":[{"embeddable":true,"href":"https:\/\/fedai.az\/index.php?rest_route=\/wp\/v2\/media\/103006"}],"wp:attachment":[{"href":"https:\/\/fedai.az\/index.php?rest_route=%2Fwp%2Fv2%2Fmedia&parent=103002"}],"wp:term":[{"taxonomy":"category","embeddable":true,"href":"https:\/\/fedai.az\/index.php?rest_route=%2Fwp%2Fv2%2Fcategories&post=103002"},{"taxonomy":"post_tag","embeddable":true,"href":"https:\/\/fedai.az\/index.php?rest_route=%2Fwp%2Fv2%2Ftags&post=103002"}],"curies":[{"name":"wp","href":"https:\/\/api.w.org\/{rel}","templated":true}]}}