{"id":103010,"date":"2025-11-11T19:33:24","date_gmt":"2025-11-11T15:33:24","guid":{"rendered":"https:\/\/fedai.az\/?p=103010"},"modified":"2025-11-11T19:33:24","modified_gmt":"2025-11-11T15:33:24","slug":"prezident-erdogana-bassagligi-verdi","status":"publish","type":"post","link":"https:\/\/fedai.az\/?p=103010","title":{"rendered":"Prezident \u018frdo\u011fana ba\u015fsa\u011fl\u0131\u011f\u0131 verdi"},"content":{"rendered":"\n<p><strong>Prezident \u0130lham \u018fliyev T\u00fcrkiy\u0259y\u0259 m\u0259xsus h\u0259rbi y\u00fck t\u0259yyar\u0259sinin G\u00fcrc\u00fcstan \u0259razisind\u0259 q\u0259zaya u\u011framas\u0131 il\u0259 \u0259laq\u0259dar T\u00fcrkiy\u0259 Prezidenti R\u0259c\u0259b Tayyib \u018frdo\u011fana ba\u015fsa\u011fl\u0131\u011f\u0131 verib.<\/strong><\/p>\n\n\n\n<p>\u201cFedai.az&#187; x\u0259b\u0259r verir ki, ba\u015fsa\u011fl\u0131\u011f\u0131 m\u0259tnind\u0259 deyilir:<\/p>\n\n\n\n<p>\u201cT\u00fcrkiy\u0259 Respublikas\u0131n\u0131n Prezidenti Zati-alil\u0259ri c\u0259nab R\u0259c\u0259b Tayyib \u018frdo\u011fana<\/p>\n\n\n\n<p>H\u00f6rm\u0259tli c\u0259nab Prezident.<\/p>\n\n\n\n<p>\u018fziz Qarda\u015f\u0131m.<\/p>\n\n\n\n<p>G\u0259nc\u0259d\u0259n qalxan v\u0259 T\u00fcrkiy\u0259 H\u0259rbi Hava Q\u00fcvv\u0259l\u0259rin\u0259 m\u0259xsus h\u0259rbi y\u00fck t\u0259yyar\u0259sinin G\u00fcrc\u00fcstan \u0259razisind\u0259 q\u0259zaya u\u011framas\u0131 n\u0259tic\u0259sind\u0259 h\u0259rb\u00e7il\u0259rin h\u0259lak olmas\u0131 bar\u0259d\u0259 x\u0259b\u0259r bizi son d\u0259r\u0259c\u0259 sars\u0131td\u0131.<\/p>\n\n\n\n<p>Bu a\u011f\u0131r anlarda k\u0259d\u0259rinizi b\u00f6l\u00fc\u015f\u00fcr, ba\u015f vermi\u015f faci\u0259 il\u0259 \u0259laq\u0259dar Siz\u0259, h\u0259lak olanlar\u0131n ail\u0259l\u0259rin\u0259 v\u0259 yax\u0131nlar\u0131na, qarda\u015f T\u00fcrkiy\u0259 xalq\u0131na \u00f6z ad\u0131mdan v\u0259 Az\u0259rbaycan xalq\u0131 ad\u0131ndan d\u0259rin h\u00fcznl\u0259 ba\u015fsa\u011fl\u0131\u011f\u0131 verir\u0259m.<\/p>\n\n\n\n<p>Allah r\u0259hm\u0259t el\u0259sin!\u201d<\/p>\n","protected":false},"excerpt":{"rendered":"<p>Prezident \u0130lham \u018fliyev T\u00fcrkiy\u0259y\u0259 m\u0259xsus h\u0259rbi y\u00fck t\u0259yyar\u0259sinin G\u00fcrc\u00fcstan \u0259razisind\u0259 q\u0259zaya u\u011framas\u0131 il\u0259 \u0259laq\u0259dar T\u00fcrkiy\u0259 Prezidenti R\u0259c\u0259b Tayyib \u018frdo\u011fana ba\u015fsa\u011fl\u0131\u011f\u0131 verib. \u201cFedai.az&#187; x\u0259b\u0259r verir<\/p>\n","protected":false},"author":2,"featured_media":103012,"comment_status":"closed","ping_status":"closed","sticky":false,"template":"","format":"standard","meta":{"footnotes":""},"categories":[3],"tags":[],"class_list":["post-103010","post","type-post","status-publish","format-standard","has-post-thumbnail","hentry","category-gundm"],"aioseo_notices":[],"_links":{"self":[{"href":"https:\/\/fedai.az\/index.php?rest_route=\/wp\/v2\/posts\/103010","targetHints":{"allow":["GET"]}}],"collection":[{"href":"https:\/\/fedai.az\/index.php?rest_route=\/wp\/v2\/posts"}],"about":[{"href":"https:\/\/fedai.az\/index.php?rest_route=\/wp\/v2\/types\/post"}],"author":[{"embeddable":true,"href":"https:\/\/fedai.az\/index.php?rest_route=\/wp\/v2\/users\/2"}],"replies":[{"embeddable":true,"href":"https:\/\/fedai.az\/index.php?rest_route=%2Fwp%2Fv2%2Fcomments&post=103010"}],"version-history":[{"count":1,"href":"https:\/\/fedai.az\/index.php?rest_route=\/wp\/v2\/posts\/103010\/revisions"}],"predecessor-version":[{"id":103013,"href":"https:\/\/fedai.az\/index.php?rest_route=\/wp\/v2\/posts\/103010\/revisions\/103013"}],"wp:featuredmedia":[{"embeddable":true,"href":"https:\/\/fedai.az\/index.php?rest_route=\/wp\/v2\/media\/103012"}],"wp:attachment":[{"href":"https:\/\/fedai.az\/index.php?rest_route=%2Fwp%2Fv2%2Fmedia&parent=103010"}],"wp:term":[{"taxonomy":"category","embeddable":true,"href":"https:\/\/fedai.az\/index.php?rest_route=%2Fwp%2Fv2%2Fcategories&post=103010"},{"taxonomy":"post_tag","embeddable":true,"href":"https:\/\/fedai.az\/index.php?rest_route=%2Fwp%2Fv2%2Ftags&post=103010"}],"curies":[{"name":"wp","href":"https:\/\/api.w.org\/{rel}","templated":true}]}}