{"id":103015,"date":"2025-11-11T23:49:24","date_gmt":"2025-11-11T19:49:24","guid":{"rendered":"https:\/\/fedai.az\/?p=103015"},"modified":"2025-11-11T23:57:58","modified_gmt":"2025-11-11T19:57:58","slug":"103015","status":"publish","type":"post","link":"https:\/\/fedai.az\/?p=103015","title":{"rendered":"AVMV\u0130B s\u0259drind\u0259n T\u00fcrkiy\u0259 xalq\u0131na ba\u015fsa\u011fl\u0131\u011f\u0131"},"content":{"rendered":"\n<p>Az\u0259rbaycan V\u0259t\u0259n M\u00fcharib\u0259si Veteranlar\u0131 \u0130ctimai Birliyinin (AVMV\u0130B) s\u0259dri F\u00fczuli Rzaquliyev T\u00fcrkiy\u0259 H\u0259rbi Hava Q\u00fcvv\u0259l\u0259rin\u0259 m\u0259xsus h\u0259rbi y\u00fck t\u0259yyar\u0259sinin G\u00fcrc\u00fcstan \u0259razisind\u0259 q\u0259zaya u\u011framas\u0131 n\u0259tic\u0259sind\u0259 T\u00fcrkiy\u0259 h\u0259rb\u00e7il\u0259rinin \u015f\u0259hid olmas\u0131 il\u0259 ba\u011fl\u0131 T\u00fcrkiy\u0259 xalq\u0131na v\u0259 d\u00f6vl\u0259tin\u0259 d\u0259rin h\u00fcznl\u0259 ba\u015fsa\u011fl\u0131\u011f\u0131 verib. Ba\u015fsa\u011fl\u0131\u011f\u0131 m\u0259tnind\u0259 deyilir:<\/p>\n\n\n\n<p>&#171;Qarda\u015f T\u00fcrkiy\u0259 Silahl\u0131 Q\u00fcvv\u0259l\u0259rinin h\u0259rbi t\u0259yyar\u0259sinin G\u00fcrc\u00fcstan \u0259razisind\u0259 q\u0259zaya u\u011framas\u0131 v\u0259 n\u0259tic\u0259d\u0259 t\u00fcrk h\u0259rb\u00e7il\u0259rinin \u015f\u0259hid olmas\u0131 x\u0259b\u0259ri bizi d\u0259rind\u0259n sars\u0131td\u0131. Bu a\u011f\u0131r itki h\u0259r bir az\u0259rbaycanl\u0131n\u0131n q\u0259lbini a\u011fr\u0131td\u0131, \u00e7\u00fcnki biz bir mill\u0259t, iki d\u00f6vl\u0259tik v\u0259 birimizin d\u0259rdi dig\u0259rimizin d\u0259rdidir. Az\u0259rbaycan V\u0259t\u0259n M\u00fcharib\u0259si Veteranlar\u0131 \u0130ctimai Birliyi ad\u0131ndan \u015f\u0259hid olan qarda\u015flar\u0131m\u0131z\u0131n ail\u0259l\u0259rin\u0259, yax\u0131nlar\u0131na, h\u0259m\u00e7inin b\u00fct\u00fcn T\u00fcrkiy\u0259 xalq\u0131na d\u0259rin h\u00fcznl\u0259 ba\u015fsa\u011fl\u0131\u011f\u0131 verir, s\u0259bir v\u0259 d\u00f6z\u00fcm dil\u0259yirik. Allah \u015f\u0259hid olan t\u00fcrk \u0259sg\u0259rl\u0259rin\u0259 r\u0259hm\u0259t el\u0259sin, yaral\u0131lar\u0131n \u015f\u0259fas\u0131n\u0131 versin. Az\u0259rbaycan xalq\u0131 bu k\u0259d\u0259rli g\u00fcnd\u0259 qarda\u015f T\u00fcrkiy\u0259nin yan\u0131ndad\u0131r. R\u0259hm\u0259tlik Atat\u00fcrk demi\u015fdir ki, Az\u0259rbaycan\u0131n k\u0259d\u0259ri bizim k\u0259d\u0259rimiz, sevinci bizim sevincimizdir. Biz h\u0259mi\u015f\u0259 qarda\u015f T\u00fcrkiy\u0259nin yan\u0131nday\u0131q\u201d.<\/p>\n\n\n\n<p>Sonda F\u00fczuli Rzaquliyev vur\u011fulay\u0131b ki, Az\u0259rbaycan v\u0259 T\u00fcrkiy\u0259 aras\u0131ndak\u0131 dostluq v\u0259 qarda\u015fl\u0131q ba\u011flar\u0131 sars\u0131lmazd\u0131r, h\u0259r iki xalq daim s\u00fclh, sabitlik v\u0259 d\u00f6vl\u0259t\u00e7ilik ideallar\u0131n\u0131 birlikd\u0259 qorumaqda davam ed\u0259c\u0259k.<br><br><strong>AVMV\u0130B-in M\u0259tbuat xidm\u0259ti<\/strong><\/p>\n","protected":false},"excerpt":{"rendered":"<p>Az\u0259rbaycan V\u0259t\u0259n M\u00fcharib\u0259si Veteranlar\u0131 \u0130ctimai Birliyinin (AVMV\u0130B) s\u0259dri F\u00fczuli Rzaquliyev T\u00fcrkiy\u0259 H\u0259rbi Hava Q\u00fcvv\u0259l\u0259rin\u0259 m\u0259xsus h\u0259rbi y\u00fck t\u0259yyar\u0259sinin G\u00fcrc\u00fcstan \u0259razisind\u0259 q\u0259zaya u\u011framas\u0131 n\u0259tic\u0259sind\u0259 T\u00fcrkiy\u0259<\/p>\n","protected":false},"author":2,"featured_media":98157,"comment_status":"closed","ping_status":"closed","sticky":false,"template":"","format":"standard","meta":{"footnotes":""},"categories":[3],"tags":[],"class_list":["post-103015","post","type-post","status-publish","format-standard","has-post-thumbnail","hentry","category-gundm"],"aioseo_notices":[],"_links":{"self":[{"href":"https:\/\/fedai.az\/index.php?rest_route=\/wp\/v2\/posts\/103015","targetHints":{"allow":["GET"]}}],"collection":[{"href":"https:\/\/fedai.az\/index.php?rest_route=\/wp\/v2\/posts"}],"about":[{"href":"https:\/\/fedai.az\/index.php?rest_route=\/wp\/v2\/types\/post"}],"author":[{"embeddable":true,"href":"https:\/\/fedai.az\/index.php?rest_route=\/wp\/v2\/users\/2"}],"replies":[{"embeddable":true,"href":"https:\/\/fedai.az\/index.php?rest_route=%2Fwp%2Fv2%2Fcomments&post=103015"}],"version-history":[{"count":3,"href":"https:\/\/fedai.az\/index.php?rest_route=\/wp\/v2\/posts\/103015\/revisions"}],"predecessor-version":[{"id":103019,"href":"https:\/\/fedai.az\/index.php?rest_route=\/wp\/v2\/posts\/103015\/revisions\/103019"}],"wp:featuredmedia":[{"embeddable":true,"href":"https:\/\/fedai.az\/index.php?rest_route=\/wp\/v2\/media\/98157"}],"wp:attachment":[{"href":"https:\/\/fedai.az\/index.php?rest_route=%2Fwp%2Fv2%2Fmedia&parent=103015"}],"wp:term":[{"taxonomy":"category","embeddable":true,"href":"https:\/\/fedai.az\/index.php?rest_route=%2Fwp%2Fv2%2Fcategories&post=103015"},{"taxonomy":"post_tag","embeddable":true,"href":"https:\/\/fedai.az\/index.php?rest_route=%2Fwp%2Fv2%2Ftags&post=103015"}],"curies":[{"name":"wp","href":"https:\/\/api.w.org\/{rel}","templated":true}]}}