{"id":103018,"date":"2025-11-12T00:06:24","date_gmt":"2025-11-11T20:06:24","guid":{"rendered":"https:\/\/fedai.az\/?p=103018"},"modified":"2025-11-12T00:06:25","modified_gmt":"2025-11-11T20:06:25","slug":"avmvib-s%c9%99dri-fuzuli-rzaquliyevin-12-noyabr-konstitusiya-gunu-munasib%c9%99til%c9%99-t%c9%99briki","status":"publish","type":"post","link":"https:\/\/fedai.az\/?p=103018","title":{"rendered":"AVMV\u0130B s\u0259dri F\u00fczuli Rzaquliyevin 12 Noyabr \u2013 Konstitusiya G\u00fcn\u00fc m\u00fcnasib\u0259til\u0259 t\u0259briki"},"content":{"rendered":"\n<p>12 noyabr \u2013 Az\u0259rbaycan Respublikas\u0131n\u0131n Konstitusiya G\u00fcn\u00fc xalq\u0131m\u0131z\u0131n d\u00f6vl\u0259t\u00e7ilik tarixind\u0259 x\u00fcsusi yer tutan, m\u00fcst\u0259qil d\u00f6vl\u0259timizin h\u00fcquqi v\u0259 siyasi \u0259saslar\u0131n\u0131 m\u00fc\u0259yy\u0259n ed\u0259n \u0259lam\u0259tdar bir g\u00fcnd\u00fcr. Az\u0259rbaycan V\u0259t\u0259n M\u00fcharib\u0259si Veteranlar\u0131 \u0130ctimai Birliyinin (AVMV\u0130B) s\u0259dri F\u00fczuli Rzaquliyev bu m\u00fcnasib\u0259tl\u0259 xalq\u0131m\u0131z\u0131 t\u0259brik ed\u0259r\u0259k bildirib:<\/p>\n\n\n\n<p>\u201c1995-ci il noyabr\u0131n 12-d\u0259 \u00fcmumxalq s\u0259sverm\u0259si yolu il\u0259 q\u0259bul edilmi\u015f Az\u0259rbaycan Respublikas\u0131n\u0131n Konstitusiyas\u0131 m\u00fcst\u0259qil d\u00f6vl\u0259t\u00e7iliyimizin \u0259sas h\u00fcquqi daya\u011f\u0131, azadl\u0131\u011f\u0131m\u0131z\u0131n v\u0259 milli birliyimizin t\u0259minat\u0131d\u0131r. Ulu \u00d6nd\u0259r Heyd\u0259r \u018fliyevin r\u0259hb\u0259rliyi il\u0259 haz\u0131rlanm\u0131\u015f bu ali s\u0259n\u0259d m\u00fcasir Az\u0259rbaycan\u0131n inki\u015faf\u0131n\u0131n ideya v\u0259 h\u00fcquqi t\u0259m\u0259lini yaratd\u0131.<br>Bu g\u00fcn h\u0259min ideoloji v\u0259 h\u00fcquqi x\u0259tt M\u00fcz\u0259ff\u0259r Ali Ba\u015f Komandan, Prezident \u0130lham \u018fliyev c\u0259nablar\u0131n\u0131n r\u0259hb\u0259rliyi il\u0259 u\u011furla davam etdirilir. D\u00f6vl\u0259timizin siyasi, iqtisadi v\u0259 h\u0259rbi q\u00fcdr\u0259ti, beyn\u0259lxalq n\u00fcfuzu, v\u0259t\u0259nda\u015f rifah\u0131 bu Konstitusiyan\u0131n ruhuna v\u0259 prinsipl\u0259rin\u0259 s\u00f6yk\u0259nir.<br>Biz &#8212; Az\u0259rbaycan V\u0259t\u0259n M\u00fcharib\u0259si Veteranlar\u0131 \u0130ctimai Birliyinin \u00fczvl\u0259ri olaraq, daim d\u00f6vl\u0259timizin v\u0259 d\u00f6vl\u0259t\u00e7iliyimizin yan\u0131nda, Prezidentimizin \u0259traf\u0131nda s\u0131x birl\u0259\u015f\u0259r\u0259k \u00f6lk\u0259mizin suverenliyi v\u0259 milli d\u0259y\u0259rl\u0259rinin qorunmas\u0131 namin\u0259 f\u0259aliyy\u0259timizi davam etdiririk.<br>Bu m\u00fcq\u0259dd\u0259s g\u00fcnd\u0259 xalq\u0131m\u0131za s\u00fclh, firavanl\u0131q v\u0259 \u0259min-amanl\u0131q arzulay\u0131r, Konstitusiyam\u0131z\u0131n ya\u015famas\u0131na v\u0259 m\u00f6hk\u0259ml\u0259nm\u0259sin\u0259 xidm\u0259t ed\u0259n h\u0259r bir v\u0259t\u0259nda\u015f\u0131m\u0131za t\u0259\u015f\u0259kk\u00fcr\u00fcm\u00fc bildirir\u0259m.\u201d<\/p>\n\n\n\n<p><strong>AVMV\u0130B-in M\u0259tbuat xidm\u0259ti<\/strong><\/p>\n","protected":false},"excerpt":{"rendered":"<p>12 noyabr \u2013 Az\u0259rbaycan Respublikas\u0131n\u0131n Konstitusiya G\u00fcn\u00fc xalq\u0131m\u0131z\u0131n d\u00f6vl\u0259t\u00e7ilik tarixind\u0259 x\u00fcsusi yer tutan, m\u00fcst\u0259qil d\u00f6vl\u0259timizin h\u00fcquqi v\u0259 siyasi \u0259saslar\u0131n\u0131 m\u00fc\u0259yy\u0259n ed\u0259n \u0259lam\u0259tdar bir g\u00fcnd\u00fcr.<\/p>\n","protected":false},"author":2,"featured_media":98157,"comment_status":"closed","ping_status":"closed","sticky":false,"template":"","format":"standard","meta":{"footnotes":""},"categories":[3],"tags":[],"class_list":["post-103018","post","type-post","status-publish","format-standard","has-post-thumbnail","hentry","category-gundm"],"aioseo_notices":[],"_links":{"self":[{"href":"https:\/\/fedai.az\/index.php?rest_route=\/wp\/v2\/posts\/103018","targetHints":{"allow":["GET"]}}],"collection":[{"href":"https:\/\/fedai.az\/index.php?rest_route=\/wp\/v2\/posts"}],"about":[{"href":"https:\/\/fedai.az\/index.php?rest_route=\/wp\/v2\/types\/post"}],"author":[{"embeddable":true,"href":"https:\/\/fedai.az\/index.php?rest_route=\/wp\/v2\/users\/2"}],"replies":[{"embeddable":true,"href":"https:\/\/fedai.az\/index.php?rest_route=%2Fwp%2Fv2%2Fcomments&post=103018"}],"version-history":[{"count":1,"href":"https:\/\/fedai.az\/index.php?rest_route=\/wp\/v2\/posts\/103018\/revisions"}],"predecessor-version":[{"id":103020,"href":"https:\/\/fedai.az\/index.php?rest_route=\/wp\/v2\/posts\/103018\/revisions\/103020"}],"wp:featuredmedia":[{"embeddable":true,"href":"https:\/\/fedai.az\/index.php?rest_route=\/wp\/v2\/media\/98157"}],"wp:attachment":[{"href":"https:\/\/fedai.az\/index.php?rest_route=%2Fwp%2Fv2%2Fmedia&parent=103018"}],"wp:term":[{"taxonomy":"category","embeddable":true,"href":"https:\/\/fedai.az\/index.php?rest_route=%2Fwp%2Fv2%2Fcategories&post=103018"},{"taxonomy":"post_tag","embeddable":true,"href":"https:\/\/fedai.az\/index.php?rest_route=%2Fwp%2Fv2%2Ftags&post=103018"}],"curies":[{"name":"wp","href":"https:\/\/api.w.org\/{rel}","templated":true}]}}