{"id":103021,"date":"2025-11-17T12:42:42","date_gmt":"2025-11-17T08:42:42","guid":{"rendered":"https:\/\/fedai.az\/?p=103021"},"modified":"2025-11-17T12:43:17","modified_gmt":"2025-11-17T08:43:17","slug":"avmvib-s%c9%99dri-fuzuli-rzaquliyevin-17-noyabr-milli-dirc%c9%99lis-gunu-munasib%c9%99til%c9%99-t%c9%99briki","status":"publish","type":"post","link":"https:\/\/fedai.az\/?p=103021","title":{"rendered":"AVMV\u0130B s\u0259dri F\u00fczuli Rzaquliyevin 17 Noyabr \u2013 Milli Dir\u00e7\u0259li\u015f G\u00fcn\u00fc m\u00fcnasib\u0259til\u0259 t\u0259briki"},"content":{"rendered":"\n<p>Az\u0259rbaycan V\u0259t\u0259n M\u00fcharib\u0259si Veteranlar\u0131 \u0130ctimai Birliyinin (AVMV\u0130B) s\u0259dri F\u00fczuli Rzaquliyev xalq\u0131m\u0131z\u0131 17 Noyabr \u2013 Milli Dir\u00e7\u0259li\u015f G\u00fcn\u00fc m\u00fcnasib\u0259til\u0259 t\u0259brik edib. T\u0259brikd\u0259 qeyd eidlir:<\/p>\n\n\n\n<p>&#171;17 Noyabr \u2013 xalq\u0131m\u0131z\u0131n azadl\u0131q irad\u0259sinin, milli ruhunun v\u0259 d\u00f6vl\u0259t m\u00fcst\u0259qilliyin\u0259 s\u0259daq\u0259tinin r\u0259mzidir. 1988-ci ild\u0259 Azadl\u0131q meydan\u0131nda ba\u015f qald\u0131ran milli h\u0259r\u0259kat bu g\u00fcn g\u00fccl\u00fc v\u0259 m\u00fcst\u0259qil Az\u0259rbaycan\u0131n t\u0259m\u0259lini qoydu.<\/p>\n\n\n\n<p>Ulu \u00d6nd\u0259r Heyd\u0259r \u018fliyevin siyasi uzaqg\u00f6r\u0259nliyi, m\u00fcdrikliyi v\u0259 q\u0259tiyy\u0259ti n\u0259tic\u0259sind\u0259 bu m\u00fcbariz\u0259 \u00f6z m\u0259ntiqi sonlu\u011funa \u00e7atd\u0131 \u2013 Az\u0259rbaycan azad, suveren v\u0259 qalib d\u00f6vl\u0259t\u0259 \u00e7evrildi.<\/p>\n\n\n\n<p>Bu g\u00fcn M\u00fcz\u0259ff\u0259r Ali Ba\u015f Komandan \u0130lham \u018fliyev c\u0259nablar\u0131n\u0131n r\u0259hb\u0259rliyi il\u0259 \u00f6lk\u0259miz o m\u00fcbariz\u0259nin b\u0259hr\u0259sini ya\u015fay\u0131r, V\u0259t\u0259nimizin h\u0259r qar\u0131\u015f\u0131nda dir\u00e7\u0259li\u015fin yeni s\u0259hif\u0259l\u0259ri yaz\u0131l\u0131r.<\/p>\n\n\n\n<p>Biz &#8212; Az\u0259rbaycan V\u0259t\u0259n M\u00fcharib\u0259si Veteranlar\u0131 \u0130ctimai Birliyi olaraq, d\u00f6vl\u0259timizin v\u0259 d\u00f6vl\u0259t\u00e7iliyimizin yan\u0131nda olma\u011fa, xalq\u0131m\u0131z\u0131n birliyin\u0259 v\u0259 m\u00fcst\u0259qilliyin\u0259 xidm\u0259t etm\u0259y\u0259 davam ed\u0259c\u0259yik.<\/p>\n\n\n\n<p>Milli Dir\u00e7\u0259li\u015f G\u00fcn\u00fcm\u00fcz m\u00fcbar\u0259k olsun!\u201d<\/p>\n\n\n\n<p><strong>AVMV\u0130B-in M\u0259tbuat xidm\u0259ti<\/strong><\/p>\n","protected":false},"excerpt":{"rendered":"<p>Az\u0259rbaycan V\u0259t\u0259n M\u00fcharib\u0259si Veteranlar\u0131 \u0130ctimai Birliyinin (AVMV\u0130B) s\u0259dri F\u00fczuli Rzaquliyev xalq\u0131m\u0131z\u0131 17 Noyabr \u2013 Milli Dir\u00e7\u0259li\u015f G\u00fcn\u00fc m\u00fcnasib\u0259til\u0259 t\u0259brik edib. T\u0259brikd\u0259 qeyd eidlir: &#171;17<\/p>\n","protected":false},"author":2,"featured_media":98157,"comment_status":"closed","ping_status":"closed","sticky":false,"template":"","format":"standard","meta":{"footnotes":""},"categories":[3],"tags":[],"class_list":["post-103021","post","type-post","status-publish","format-standard","has-post-thumbnail","hentry","category-gundm"],"aioseo_notices":[],"_links":{"self":[{"href":"https:\/\/fedai.az\/index.php?rest_route=\/wp\/v2\/posts\/103021","targetHints":{"allow":["GET"]}}],"collection":[{"href":"https:\/\/fedai.az\/index.php?rest_route=\/wp\/v2\/posts"}],"about":[{"href":"https:\/\/fedai.az\/index.php?rest_route=\/wp\/v2\/types\/post"}],"author":[{"embeddable":true,"href":"https:\/\/fedai.az\/index.php?rest_route=\/wp\/v2\/users\/2"}],"replies":[{"embeddable":true,"href":"https:\/\/fedai.az\/index.php?rest_route=%2Fwp%2Fv2%2Fcomments&post=103021"}],"version-history":[{"count":2,"href":"https:\/\/fedai.az\/index.php?rest_route=\/wp\/v2\/posts\/103021\/revisions"}],"predecessor-version":[{"id":103023,"href":"https:\/\/fedai.az\/index.php?rest_route=\/wp\/v2\/posts\/103021\/revisions\/103023"}],"wp:featuredmedia":[{"embeddable":true,"href":"https:\/\/fedai.az\/index.php?rest_route=\/wp\/v2\/media\/98157"}],"wp:attachment":[{"href":"https:\/\/fedai.az\/index.php?rest_route=%2Fwp%2Fv2%2Fmedia&parent=103021"}],"wp:term":[{"taxonomy":"category","embeddable":true,"href":"https:\/\/fedai.az\/index.php?rest_route=%2Fwp%2Fv2%2Fcategories&post=103021"},{"taxonomy":"post_tag","embeddable":true,"href":"https:\/\/fedai.az\/index.php?rest_route=%2Fwp%2Fv2%2Ftags&post=103021"}],"curies":[{"name":"wp","href":"https:\/\/api.w.org\/{rel}","templated":true}]}}