{"id":103024,"date":"2025-11-20T11:01:10","date_gmt":"2025-11-20T07:01:10","guid":{"rendered":"https:\/\/fedai.az\/?p=103024"},"modified":"2025-11-20T11:01:11","modified_gmt":"2025-11-20T07:01:11","slug":"qarak%c9%99nd-faci%c9%99sind%c9%99n-34-il-otur","status":"publish","type":"post","link":"https:\/\/fedai.az\/?p=103024","title":{"rendered":"Qarak\u0259nd faci\u0259sind\u0259n 34 il \u00f6t\u00fcr"},"content":{"rendered":"\n<p><strong>Bu g\u00fcn Az\u0259rbaycan\u0131n m\u00fcst\u0259qillik tarixinin \u0259n faci\u0259li hadis\u0259l\u0259rind\u0259n birinin ild\u00f6n\u00fcm\u00fcd\u00fcr.<\/strong><\/p>\n\n\n\n<p>\u201cFedai.az\u201d-\u0131n m\u0259lumat\u0131na g\u00f6r\u0259, 1991-ci il noyabr\u0131n 20-d\u0259 Xocav\u0259nd rayonunun Qarak\u0259nd k\u0259ndi \u00fcz\u0259rind\u0259 \u201cMi-8\u201d vertolyotunun erm\u0259nil\u0259r t\u0259r\u0259find\u0259n vurulmas\u0131ndan 34 il \u00f6t\u00fcr.<\/p>\n\n\n\n<p>Vertolyotun vurulmas\u0131 n\u0259tic\u0259sind\u0259 Az\u0259rbaycan\u0131n bir \u00e7ox d\u00f6vl\u0259t xadiml\u0259ri v\u0259 jurnalistl\u0259r h\u0259lak olublar.&nbsp;<\/p>\n\n\n\n<p>H\u0259lak olanlar aras\u0131nda d\u00f6vl\u0259t katibi Tofiq \u0130smay\u0131lov, ba\u015f prokuror \u0130sm\u0259t Qay\u0131bov, d\u00f6vl\u0259t m\u00fc\u015faviri, sabiq daxili i\u015fl\u0259r naziri M\u0259h\u0259mm\u0259d \u018fs\u0259dov, mill\u0259t v\u0259kill\u0259ri Vaqif C\u0259f\u0259rov, V\u0259li M\u0259mm\u0259dov, ba\u015f nazirin m\u00fcavini Z\u00fclf\u00fc Hac\u0131yev, Prezident Aparat\u0131n\u0131n \u015f\u00f6b\u0259 m\u00fcdiri, jurnalist Osman Mirz\u0259yev, Qazax\u0131stan daxili i\u015fl\u0259r nazirinin m\u00fcavini Sanlal Serikov, Az\u0259rbaycan D\u00f6vl\u0259t Televiziyas\u0131n\u0131n jurnalisti Al\u0131 Mustafayev d\u0259 var. \u00dcmumilikd\u0259 q\u0259za n\u0259tic\u0259sind\u0259 22 n\u0259f\u0259r h\u0259lak olub.&nbsp;<\/p>\n\n\n\n<p><strong>1991-ci il noyabr\u0131n 20-d\u0259 \u201cMi-8\u201d h\u0259rbi vertolyotunda h\u0259lak olanlar:<\/strong><\/p>\n\n\n\n<p>&#8212; Tofiq Kaz\u0131m o\u011flu \u0130smay\u0131lov &#8212; d\u00f6vl\u0259t katibi;<\/p>\n\n\n\n<p>&#8212; \u0130sm\u0259t \u0130smay\u0131l o\u011flu Qay\u0131bov &#8212; Ba\u015f prokuror;<\/p>\n\n\n\n<p>&#8212; M\u0259h\u0259mm\u0259d N\u0259bi o\u011flu \u018fs\u0259dov &#8212; d\u00f6vl\u0259t m\u00fc\u015faviri;<\/p>\n\n\n\n<p>&#8212; Z\u00fclfi Saleh o\u011flu Hac\u0131yev &#8212; Ba\u015f nazirin m\u00fcavini;<\/p>\n\n\n\n<p>&#8212; Vaqif C\u0259f\u0259r o\u011flu C\u0259f\u0259rov &#8212; mill\u0259t v\u0259kili;<\/p>\n\n\n\n<p>&#8212; V\u0259li H\u00fcseyn o\u011flu M\u0259mm\u0259dov &#8212; mill\u0259t v\u0259kili;<\/p>\n\n\n\n<p>&#8212; Osman Mirz\u0259 H\u00fcseyn o\u011flu Mirz\u0259yev &#8212; Prezident Aparat\u0131nda \u015f\u00f6b\u0259 m\u00fcdiri;<\/p>\n\n\n\n<p>&#8212; Qurban H\u00fcseyn o\u011flu Namaz\u0259liyev &#8212; nazir m\u00fcavini;<\/p>\n\n\n\n<p>&#8212; \u0130qor Aleksandrovi\u00e7 Plavski &#8212; ke\u00e7mi\u015f DQMV-nin prokuroru;<\/p>\n\n\n\n<p>&#8212; Vladimir Vladimirovi\u00e7 Kovalyov &#8212; ke\u00e7mi\u015f DQMV Daxili \u0130\u015fl\u0259r \u0130dar\u0259sinin r\u0259isi;<\/p>\n\n\n\n<p>&#8212; Sergey Semyonovi\u00e7 \u0130vanov &#8212; Da\u011fl\u0131q Qaraba\u011f \u00fczr\u0259 Milli T\u0259hl\u00fck\u0259sizlik \u015e\u00f6b\u0259sinin r\u0259isi;<\/p>\n\n\n\n<p>&#8212; Nikolay Vladimirovi\u00e7 Jinkin &#8212; f\u00f6vq\u0259lad\u0259 v\u0259ziyy\u0259t rayonunun komendant\u0131;<\/p>\n\n\n\n<p>&#8212; Sanlal Dasumovi\u00e7 Serikov &#8212; Qazax\u0131stan D\u0130N-in m\u00fcavini;<\/p>\n\n\n\n<p>&#8212; Mixail Dmitriyevi\u00e7 Luka\u015fov &#8212; milis general-mayoru;<\/p>\n\n\n\n<p>&#8212; Oleq Nikolayevi\u00e7 Ko\u00e7erev &#8212; polkovnik-leytenant;<\/p>\n\n\n\n<p>&#8212; Rafiq M\u0259mm\u0259d o\u011flu M\u0259mm\u0259dov &#8212; d\u00f6vl\u0259t katibinin k\u00f6m\u0259k\u00e7isi;<\/p>\n\n\n\n<p>&#8212; Al\u0131 Mustafa o\u011flu Mustafayev &#8212; telejurnalist;<\/p>\n\n\n\n<p>&#8212; Arif \u0130smay\u0131l o\u011flu H\u00fcseynzad\u0259 &#8212; \u201cAzTV\u201dd\u0259 i\u015f\u0131q\u00e7\u0131;<\/p>\n\n\n\n<p>&#8212; F\u0259xr\u0259ddin \u0130brahim o\u011flu \u015eahbazov &#8212; video-operator;<\/p>\n\n\n\n<p>&#8212; Vya\u00e7eslav Vladimirovi\u00e7 Kotov &#8212; vertolyot hey\u0259tinin komandiri;<\/p>\n\n\n\n<p>&#8212; Gennadi Vladimirovi\u00e7 Domov &#8212; vertolyot hey\u0259tinin \u00fczv\u00fc;<\/p>\n\n\n\n<p>&#8212; Dmitri Borisovi\u00e7 Yarovenko &#8212; vertolyot hey\u0259tinin \u00fczv\u00fc.<\/p>\n\n\n\n<p><\/p>\n","protected":false},"excerpt":{"rendered":"<p>Bu g\u00fcn Az\u0259rbaycan\u0131n m\u00fcst\u0259qillik tarixinin \u0259n faci\u0259li hadis\u0259l\u0259rind\u0259n birinin ild\u00f6n\u00fcm\u00fcd\u00fcr. \u201cFedai.az\u201d-\u0131n m\u0259lumat\u0131na g\u00f6r\u0259, 1991-ci il noyabr\u0131n 20-d\u0259 Xocav\u0259nd rayonunun Qarak\u0259nd k\u0259ndi \u00fcz\u0259rind\u0259 \u201cMi-8\u201d vertolyotunun<\/p>\n","protected":false},"author":2,"featured_media":103025,"comment_status":"closed","ping_status":"closed","sticky":false,"template":"","format":"standard","meta":{"footnotes":""},"categories":[4],"tags":[],"class_list":["post-103024","post","type-post","status-publish","format-standard","has-post-thumbnail","hentry","category-qarabag"],"aioseo_notices":[],"_links":{"self":[{"href":"https:\/\/fedai.az\/index.php?rest_route=\/wp\/v2\/posts\/103024","targetHints":{"allow":["GET"]}}],"collection":[{"href":"https:\/\/fedai.az\/index.php?rest_route=\/wp\/v2\/posts"}],"about":[{"href":"https:\/\/fedai.az\/index.php?rest_route=\/wp\/v2\/types\/post"}],"author":[{"embeddable":true,"href":"https:\/\/fedai.az\/index.php?rest_route=\/wp\/v2\/users\/2"}],"replies":[{"embeddable":true,"href":"https:\/\/fedai.az\/index.php?rest_route=%2Fwp%2Fv2%2Fcomments&post=103024"}],"version-history":[{"count":1,"href":"https:\/\/fedai.az\/index.php?rest_route=\/wp\/v2\/posts\/103024\/revisions"}],"predecessor-version":[{"id":103026,"href":"https:\/\/fedai.az\/index.php?rest_route=\/wp\/v2\/posts\/103024\/revisions\/103026"}],"wp:featuredmedia":[{"embeddable":true,"href":"https:\/\/fedai.az\/index.php?rest_route=\/wp\/v2\/media\/103025"}],"wp:attachment":[{"href":"https:\/\/fedai.az\/index.php?rest_route=%2Fwp%2Fv2%2Fmedia&parent=103024"}],"wp:term":[{"taxonomy":"category","embeddable":true,"href":"https:\/\/fedai.az\/index.php?rest_route=%2Fwp%2Fv2%2Fcategories&post=103024"},{"taxonomy":"post_tag","embeddable":true,"href":"https:\/\/fedai.az\/index.php?rest_route=%2Fwp%2Fv2%2Ftags&post=103024"}],"curies":[{"name":"wp","href":"https:\/\/api.w.org\/{rel}","templated":true}]}}