{"id":103028,"date":"2025-11-22T11:26:24","date_gmt":"2025-11-22T07:26:24","guid":{"rendered":"https:\/\/fedai.az\/?p=103028"},"modified":"2025-11-22T11:26:24","modified_gmt":"2025-11-22T07:26:24","slug":"komit%c9%99-s%c9%99dri-qht-r%c9%99hb%c9%99rl%c9%99ri-il%c9%99-gorusub","status":"publish","type":"post","link":"https:\/\/fedai.az\/?p=103028","title":{"rendered":"Komit\u0259 s\u0259dri QHT r\u0259hb\u0259rl\u0259ri il\u0259 g\u00f6r\u00fc\u015f\u00fcb"},"content":{"rendered":"\n<p>Mill\u0259t v\u0259kili, Milli M\u0259clisin \u0130ctimai birlikl\u0259r v\u0259 dini qurumlar komit\u0259sinin s\u0259dri Fazil Mustafa bu g\u00fcn parlamentd\u0259 n\u00f6vb\u0259ti q\u0259bul ke\u00e7irib.<\/p>\n\n\n\n<p>Q\u0259bulda bir s\u0131ra qeyri-h\u00f6kum\u0259t t\u0259\u015fkilatlar\u0131n\u0131n r\u0259hb\u0259rl\u0259ri, o c\u00fcml\u0259d\u0259n h\u0259rbi-v\u0259t\u0259np\u0259rv\u0259rlik y\u00f6n\u00fcnd\u0259 f\u0259aliyy\u0259t g\u00f6st\u0259r\u0259n v\u0259 m\u00fcharib\u0259 veteranlar\u0131n\u0131n \u00fczv oldu\u011fu QHT-l\u0259rin r\u0259hb\u0259rl\u0259ri i\u015ftirak edib. G\u00f6r\u00fc\u015f zaman\u0131 i\u015ftirak\u00e7\u0131lar h\u0259yata ke\u00e7irdikl\u0259ri ictimai t\u0259\u015f\u0259bb\u00fcsl\u0259r v\u0259 m\u00f6vcud \u00e7\u0259tinlikl\u0259rl\u0259 ba\u011fl\u0131 Komit\u0259 s\u0259drin\u0259 \u0259trafl\u0131 m\u0259lumat verib.<\/p>\n\n\n\n<p>Fazil Mustafa s\u0259sl\u0259ndiril\u0259n fikirl\u0259ri dinl\u0259y\u0259r\u0259k m\u00fczakir\u0259 olunan m\u0259s\u0259l\u0259l\u0259r \u00fczr\u0259 \u00f6z m\u00f6vqeyini, h\u00fcquqi yana\u015fmalar\u0131 v\u0259 institusional \u0259m\u0259kda\u015fl\u0131q imkanlar\u0131n\u0131 diqq\u0259t\u0259 \u00e7atd\u0131r\u0131b. Komit\u0259 s\u0259dri vur\u011fulay\u0131b ki, QHT-l\u0259rin f\u0259aliyy\u0259ti d\u00f6vl\u0259t &#8212; v\u0259t\u0259nda\u015f c\u0259miyy\u0259ti m\u00fcnasib\u0259tl\u0259rinin \u00f6n\u0259mli t\u0259rkib hiss\u0259sidir. O, QHT-l\u0259rin sosial layih\u0259l\u0259rd\u0259, \u00f6z\u0259llikl\u0259 d\u0259 veteranlar\u0131n reabilitasiyas\u0131, g\u0259ncl\u0259rin v\u0259t\u0259np\u0259rv\u0259rlik t\u0259rbiy\u0259si v\u0259 ictimai maarifl\u0259ndirm\u0259 sah\u0259l\u0259rind\u0259 rolunun art\u0131r\u0131lmas\u0131n\u0131n \u00f6n\u0259mini vur\u011fulay\u0131b.<\/p>\n\n\n\n<p>G\u00f6r\u00fc\u015f\u00fcn sonunda Komit\u0259 s\u0259dri m\u00fcraci\u0259tl\u0259rin aidiyy\u0259ti \u00fczr\u0259 m\u0259rk\u0259zi icra hakimiyy\u0259ti orqanlar\u0131na y\u00f6nl\u0259ndiril\u0259c\u0259yini bildirib.<\/p>\n","protected":false},"excerpt":{"rendered":"<p>Mill\u0259t v\u0259kili, Milli M\u0259clisin \u0130ctimai birlikl\u0259r v\u0259 dini qurumlar komit\u0259sinin s\u0259dri Fazil Mustafa bu g\u00fcn parlamentd\u0259 n\u00f6vb\u0259ti q\u0259bul ke\u00e7irib. Q\u0259bulda bir s\u0131ra qeyri-h\u00f6kum\u0259t t\u0259\u015fkilatlar\u0131n\u0131n<\/p>\n","protected":false},"author":2,"featured_media":103029,"comment_status":"closed","ping_status":"closed","sticky":false,"template":"","format":"standard","meta":{"footnotes":""},"categories":[3],"tags":[],"class_list":["post-103028","post","type-post","status-publish","format-standard","has-post-thumbnail","hentry","category-gundm"],"aioseo_notices":[],"_links":{"self":[{"href":"https:\/\/fedai.az\/index.php?rest_route=\/wp\/v2\/posts\/103028","targetHints":{"allow":["GET"]}}],"collection":[{"href":"https:\/\/fedai.az\/index.php?rest_route=\/wp\/v2\/posts"}],"about":[{"href":"https:\/\/fedai.az\/index.php?rest_route=\/wp\/v2\/types\/post"}],"author":[{"embeddable":true,"href":"https:\/\/fedai.az\/index.php?rest_route=\/wp\/v2\/users\/2"}],"replies":[{"embeddable":true,"href":"https:\/\/fedai.az\/index.php?rest_route=%2Fwp%2Fv2%2Fcomments&post=103028"}],"version-history":[{"count":1,"href":"https:\/\/fedai.az\/index.php?rest_route=\/wp\/v2\/posts\/103028\/revisions"}],"predecessor-version":[{"id":103030,"href":"https:\/\/fedai.az\/index.php?rest_route=\/wp\/v2\/posts\/103028\/revisions\/103030"}],"wp:featuredmedia":[{"embeddable":true,"href":"https:\/\/fedai.az\/index.php?rest_route=\/wp\/v2\/media\/103029"}],"wp:attachment":[{"href":"https:\/\/fedai.az\/index.php?rest_route=%2Fwp%2Fv2%2Fmedia&parent=103028"}],"wp:term":[{"taxonomy":"category","embeddable":true,"href":"https:\/\/fedai.az\/index.php?rest_route=%2Fwp%2Fv2%2Fcategories&post=103028"},{"taxonomy":"post_tag","embeddable":true,"href":"https:\/\/fedai.az\/index.php?rest_route=%2Fwp%2Fv2%2Ftags&post=103028"}],"curies":[{"name":"wp","href":"https:\/\/api.w.org\/{rel}","templated":true}]}}