{"id":103052,"date":"2025-12-04T21:54:56","date_gmt":"2025-12-04T17:54:56","guid":{"rendered":"https:\/\/fedai.az\/?p=103052"},"modified":"2025-12-04T21:54:57","modified_gmt":"2025-12-04T17:54:57","slug":"avmvib-naxcivan-muxtar-respublikasi-t%c9%99skilatinda-t%c9%99dbir","status":"publish","type":"post","link":"https:\/\/fedai.az\/?p=103052","title":{"rendered":"AVMV\u0130B Nax\u00e7\u0131van Muxtar Respublikas\u0131 t\u0259\u015fkilat\u0131nda t\u0259dbir"},"content":{"rendered":"\n<p>03.12.2025-ci il tarixind\u0259 Az\u0259rbaycan V\u0259t\u0259n M\u00fcharib\u0259si Veteranlar\u0131 \u0130ctimai Birliyinin (AVMV\u0130B) Nax\u00e7\u0131van Muxtar Respublikas\u0131 t\u0259\u015fkilat\u0131 V\u0259t\u0259n m\u00fcharib\u0259si veteran\u0131, AVMV\u0130B-in \u00fczv\u00fc Hac\u0131 Qas\u0131m \u018fs\u0259d o\u011flu Qas\u0131movun 75 illik yubileyi m\u00fcnasib\u0259til\u0259 onu t\u0259brik etmi\u015fdir.<\/p>\n\n\n\n<p>T\u0259dbird\u0259 AVMV\u0130B Nax\u00e7\u0131van MR t\u0259\u015fkilat\u0131n\u0131n s\u0259dri R\u00f6v\u015f\u0259n \u0130smay\u0131lxanl\u0131, yubilyar v\u0259 t\u0259\u015fkilat\u0131n dig\u0259r \u00fczvl\u0259ri i\u015ftirak etmi\u015f, ona \u00fcr\u0259k s\u00f6zl\u0259rini s\u00f6yl\u0259y\u0259r\u0259k uzun \u00f6m\u00fcr v\u0259 can sa\u011fl\u0131\u011f\u0131 arzulam\u0131\u015flar.<\/p>\n\n\n\n<a href=\"https:\/\/postimg.cc\/8fcYw2nz\" target=\"_blank\"><img decoding=\"async\" src=\"https:\/\/i.postimg.cc\/SRfpQq6C\/Whats-App-Image-2025-12-04-at-16-34-50.jpg\" alt=\"Whats-App-Image-2025-12-04-at-16-34-50\"><\/a><br><br>\n<a href=\"https:\/\/postimg.cc\/p5rSkw1T\" target=\"_blank\"><img decoding=\"async\" src=\"https:\/\/i.postimg.cc\/3NFHr7Xg\/Whats-App-Image-2025-12-04-at-16-34-50-(1).jpg\" alt=\"Whats-App-Image-2025-12-04-at-16-34-50-(1)\"><\/a><br><br>\n\n","protected":false},"excerpt":{"rendered":"<p>03.12.2025-ci il tarixind\u0259 Az\u0259rbaycan V\u0259t\u0259n M\u00fcharib\u0259si Veteranlar\u0131 \u0130ctimai Birliyinin (AVMV\u0130B) Nax\u00e7\u0131van Muxtar Respublikas\u0131 t\u0259\u015fkilat\u0131 V\u0259t\u0259n m\u00fcharib\u0259si veteran\u0131, AVMV\u0130B-in \u00fczv\u00fc Hac\u0131 Qas\u0131m \u018fs\u0259d o\u011flu Qas\u0131movun<\/p>\n","protected":false},"author":2,"featured_media":103053,"comment_status":"closed","ping_status":"closed","sticky":false,"template":"","format":"standard","meta":{"footnotes":""},"categories":[5],"tags":[],"class_list":["post-103052","post","type-post","status-publish","format-standard","has-post-thumbnail","hentry","category-veteran"],"aioseo_notices":[],"_links":{"self":[{"href":"https:\/\/fedai.az\/index.php?rest_route=\/wp\/v2\/posts\/103052","targetHints":{"allow":["GET"]}}],"collection":[{"href":"https:\/\/fedai.az\/index.php?rest_route=\/wp\/v2\/posts"}],"about":[{"href":"https:\/\/fedai.az\/index.php?rest_route=\/wp\/v2\/types\/post"}],"author":[{"embeddable":true,"href":"https:\/\/fedai.az\/index.php?rest_route=\/wp\/v2\/users\/2"}],"replies":[{"embeddable":true,"href":"https:\/\/fedai.az\/index.php?rest_route=%2Fwp%2Fv2%2Fcomments&post=103052"}],"version-history":[{"count":1,"href":"https:\/\/fedai.az\/index.php?rest_route=\/wp\/v2\/posts\/103052\/revisions"}],"predecessor-version":[{"id":103054,"href":"https:\/\/fedai.az\/index.php?rest_route=\/wp\/v2\/posts\/103052\/revisions\/103054"}],"wp:featuredmedia":[{"embeddable":true,"href":"https:\/\/fedai.az\/index.php?rest_route=\/wp\/v2\/media\/103053"}],"wp:attachment":[{"href":"https:\/\/fedai.az\/index.php?rest_route=%2Fwp%2Fv2%2Fmedia&parent=103052"}],"wp:term":[{"taxonomy":"category","embeddable":true,"href":"https:\/\/fedai.az\/index.php?rest_route=%2Fwp%2Fv2%2Fcategories&post=103052"},{"taxonomy":"post_tag","embeddable":true,"href":"https:\/\/fedai.az\/index.php?rest_route=%2Fwp%2Fv2%2Ftags&post=103052"}],"curies":[{"name":"wp","href":"https:\/\/api.w.org\/{rel}","templated":true}]}}