{"id":103059,"date":"2025-12-09T23:56:42","date_gmt":"2025-12-09T19:56:42","guid":{"rendered":"https:\/\/fedai.az\/?p=103059"},"modified":"2025-12-10T14:48:58","modified_gmt":"2025-12-10T10:48:58","slug":"x%c9%99yan%c9%99t-ed%c9%99nl%c9%99r-qarsisinda-h%c9%99mis%c9%99-az%c9%99rbaycan-doyuscusunu-gor%c9%99c%c9%99k","status":"publish","type":"post","link":"https:\/\/fedai.az\/?p=103059","title":{"rendered":"X\u0259yan\u0259t ed\u0259nl\u0259r qar\u015f\u0131s\u0131nda h\u0259mi\u015f\u0259 Az\u0259rbaycan d\u00f6y\u00fc\u015f\u00e7\u00fcs\u00fcn\u00fc g\u00f6r\u0259c\u0259k"},"content":{"rendered":"\n<p>Az\u0259rbaycan V\u0259t\u0259n M\u00fcharib\u0259si Veteranlar\u0131 \u0130ctimai Birliyi (AVMV\u0130B) olaraq bu g\u00fcn \u00f6lk\u0259mizin milli t\u0259hl\u00fck\u0259sizliyin\u0259 v\u0259 d\u00f6vl\u0259t\u00e7ilik dayaqlar\u0131na qar\u015f\u0131 y\u00f6n\u0259lmi\u015f h\u0259r bir t\u0259hdid\u0259 s\u0259rt m\u00f6vqeyimizi bir daha b\u0259yan edirik. Az\u0259rbaycan d\u00f6vl\u0259tin\u0259, Prezidentin\u0259, ordusuna, xalq\u0131na ill\u0259rl\u0259 x\u0259yan\u0259t ed\u0259n Ramiz Mehdiyevin f\u0259aliyy\u0259tinin if\u015fa olunmas\u0131 t\u0259kc\u0259 siyasi m\u0259s\u0259l\u0259 deyil, milli t\u0259hl\u00fck\u0259sizlik m\u0259s\u0259l\u0259sidir.<\/p>\n\n\n\n<p>Bu g\u00fcn art\u0131q he\u00e7 kim\u0259 sirr deyil ki, Ramiz Mehdiyev uzun ill\u0259r boyunca d\u00f6vl\u0259t i\u00e7ind\u0259 x\u0259yan\u0259t yuvalar\u0131 yaratmaq, c\u0259miyy\u0259ti par\u00e7alamaq, hakimiyy\u0259tin s\u00fctunlar\u0131n\u0131 z\u0259ifl\u0259tm\u0259k, \u00f6lk\u0259mizin i\u00e7ind\u0259 v\u0259 xaricind\u0259 Az\u0259rbaycan\u0131 ist\u0259m\u0259y\u0259n q\u00fcvv\u0259l\u0259rl\u0259 \u0259m\u0259kda\u015fl\u0131q etm\u0259k kimi a\u011f\u0131r \u0259m\u0259ll\u0259rin m\u00fc\u0259llifidir. O, \u00f6z \u015f\u0259xsi m\u0259nafeyini d\u00f6vl\u0259t maraqlar\u0131ndan \u00fcst\u00fcn tutmu\u015f, milli ideologiyan\u0131 sars\u0131tmaq, hakimiyy\u0259t\u0259 qar\u015f\u0131 gizli m\u0259rk\u0259zl\u0259r formala\u015fd\u0131rmaq \u00fc\u00e7\u00fcn davaml\u0131 \u015f\u0259kild\u0259 \u00e7al\u0131\u015fm\u0131\u015fd\u0131r.<\/p>\n\n\n\n<p>Bu g\u00fcn Az\u0259rbaycan\u0131 g\u00f6z\u00fc g\u00f6t\u00fcrm\u0259y\u0259n q\u00fcvv\u0259l\u0259r kifay\u0259t q\u0259d\u0259rdir. D\u00f6vl\u0259timiz regionda g\u00fccl\u0259ndikc\u0259, \u0259z\u0259li torpaqlar\u0131m\u0131z i\u015f\u011faldan azad edildikc\u0259, Qaraba\u011fda suverenliyimiz b\u0259rq\u0259rar olduqca Az\u0259rbaycan\u0131 ist\u0259m\u0259y\u0259n xarici m\u0259rk\u0259zl\u0259rin narahatl\u0131\u011f\u0131 art\u0131r. Bu destruktiv q\u00fcvv\u0259l\u0259r h\u0259r zaman i\u00e7\u0259rid\u0259n d\u0259st\u0259k axtar\u0131r. Ramiz Mehdiyev kimi \u015f\u0259xsl\u0259rin f\u0259aliyy\u0259ti m\u0259hz bu qaranl\u0131q dair\u0259l\u0259rin maraqlar\u0131na xidm\u0259t edib.<\/p>\n\n\n\n<p>Bu g\u00fcn \u00dcmummilli Lider Heyd\u0259r \u018fliyevin d\u00f6vl\u0259t\u00e7ilik siyas\u0259tini b\u00f6y\u00fck \u0259zml\u0259 davam etdir\u0259n, M\u00fcz\u0259ff\u0259r Ali Ba\u015f Komandan \u0130lham \u018fliyevin q\u0259tiyy\u0259tli idar\u0259\u00e7iliyi say\u0259sind\u0259 Az\u0259rbaycan d\u00fcnyada s\u00f6z sahibi bir d\u00f6vl\u0259t\u0259 \u00e7evrilmi\u015fdir. 44 g\u00fcnl\u00fck V\u0259t\u0259n m\u00fcharib\u0259sind\u0259 qazan\u0131lan q\u0259l\u0259b\u0259, Qaraba\u011f\u0131n tam azadl\u0131\u011f\u0131, d\u00f6vl\u0259t suverenliyimizin tam b\u0259rpas\u0131 Prezidentimizin irad\u0259sinin v\u0259 Az\u0259rbaycan xalq\u0131n\u0131n birliyinin parlaq t\u0259nt\u0259n\u0259sidir.<\/p>\n\n\n\n<p>Bel\u0259 bir zamanda d\u00f6vl\u0259t i\u00e7ind\u0259 x\u0259yan\u0259t ed\u0259n, milli birliyi pozma\u011fa \u00e7al\u0131\u015fan h\u0259r bir \u015f\u0259xsin f\u0259aliyy\u0259tin\u0259 qanun qar\u015f\u0131s\u0131nda qiym\u0259t verilm\u0259si vacibdir v\u0259 qa\u00e7\u0131lmazd\u0131r.<\/p>\n\n\n\n<p>T\u0259\u015fkilat\u0131m\u0131z bir daha b\u0259yan edir ki, Prezidentimiz\u0259 v\u0259 d\u00f6vl\u0259timiz\u0259 x\u0259yan\u0259t ed\u0259nl\u0259r qar\u015f\u0131s\u0131nda bizi &#8212; d\u00f6y\u00fc\u015f\u00e7\u00fcl\u0259ri, d\u00f6y\u00fc\u015f meydanlar\u0131nda can qoymu\u015f minl\u0259rl\u0259 qaz\u0131, \u015f\u0259hid ail\u0259si, m\u00fcharib\u0259 i\u015ftirak\u00e7\u0131lar\u0131n\u0131 g\u00f6r\u0259c\u0259kdir, \u00e7\u00fcnki biz yax\u015f\u0131 bilirik ki, d\u00f6vl\u0259t\u00e7iliyi qorumaq yaln\u0131z s\u0259rh\u0259dd\u0259 deyil, h\u0259m d\u0259 daxilimizd\u0259 apar\u0131lan m\u00fcbariz\u0259nin n\u0259tic\u0259sidir.<\/p>\n\n\n\n<p><strong>AVMV\u0130B-in M\u0259tbuat xidm\u0259ti<\/strong><\/p>\n","protected":false},"excerpt":{"rendered":"<p>Az\u0259rbaycan V\u0259t\u0259n M\u00fcharib\u0259si Veteranlar\u0131 \u0130ctimai Birliyi (AVMV\u0130B) olaraq bu g\u00fcn \u00f6lk\u0259mizin milli t\u0259hl\u00fck\u0259sizliyin\u0259 v\u0259 d\u00f6vl\u0259t\u00e7ilik dayaqlar\u0131na qar\u015f\u0131 y\u00f6n\u0259lmi\u015f h\u0259r bir t\u0259hdid\u0259 s\u0259rt m\u00f6vqeyimizi bir<\/p>\n","protected":false},"author":2,"featured_media":103060,"comment_status":"closed","ping_status":"closed","sticky":false,"template":"","format":"standard","meta":{"footnotes":""},"categories":[3],"tags":[],"class_list":["post-103059","post","type-post","status-publish","format-standard","has-post-thumbnail","hentry","category-gundm"],"aioseo_notices":[],"_links":{"self":[{"href":"https:\/\/fedai.az\/index.php?rest_route=\/wp\/v2\/posts\/103059","targetHints":{"allow":["GET"]}}],"collection":[{"href":"https:\/\/fedai.az\/index.php?rest_route=\/wp\/v2\/posts"}],"about":[{"href":"https:\/\/fedai.az\/index.php?rest_route=\/wp\/v2\/types\/post"}],"author":[{"embeddable":true,"href":"https:\/\/fedai.az\/index.php?rest_route=\/wp\/v2\/users\/2"}],"replies":[{"embeddable":true,"href":"https:\/\/fedai.az\/index.php?rest_route=%2Fwp%2Fv2%2Fcomments&post=103059"}],"version-history":[{"count":2,"href":"https:\/\/fedai.az\/index.php?rest_route=\/wp\/v2\/posts\/103059\/revisions"}],"predecessor-version":[{"id":103062,"href":"https:\/\/fedai.az\/index.php?rest_route=\/wp\/v2\/posts\/103059\/revisions\/103062"}],"wp:featuredmedia":[{"embeddable":true,"href":"https:\/\/fedai.az\/index.php?rest_route=\/wp\/v2\/media\/103060"}],"wp:attachment":[{"href":"https:\/\/fedai.az\/index.php?rest_route=%2Fwp%2Fv2%2Fmedia&parent=103059"}],"wp:term":[{"taxonomy":"category","embeddable":true,"href":"https:\/\/fedai.az\/index.php?rest_route=%2Fwp%2Fv2%2Fcategories&post=103059"},{"taxonomy":"post_tag","embeddable":true,"href":"https:\/\/fedai.az\/index.php?rest_route=%2Fwp%2Fv2%2Ftags&post=103059"}],"curies":[{"name":"wp","href":"https:\/\/api.w.org\/{rel}","templated":true}]}}