{"id":103065,"date":"2025-12-12T22:36:04","date_gmt":"2025-12-12T18:36:04","guid":{"rendered":"https:\/\/fedai.az\/?p=103065"},"modified":"2025-12-12T22:36:40","modified_gmt":"2025-12-12T18:36:40","slug":"avmvib-r%c9%99hb%c9%99rliyi-umummilli-lider-heyd%c9%99r-eliyevin-anim-gunund%c9%99-f%c9%99xri-xiyabani-ziyar%c9%99t-etdi","status":"publish","type":"post","link":"https:\/\/fedai.az\/?p=103065","title":{"rendered":"AVMV\u0130B r\u0259hb\u0259rliyi \u00dcmummilli Lider Heyd\u0259r \u018fliyevin an\u0131m g\u00fcn\u00fcnd\u0259 F\u0259xri Xiyaban\u0131 ziyar\u0259t etdi"},"content":{"rendered":"\n<p>Bu g\u00fcn Az\u0259rbaycan V\u0259t\u0259n M\u00fcharib\u0259si Veteranlar\u0131 \u0130ctimai Birliyinin (AVMV\u0130B) r\u0259hb\u0259rliyi, el\u0259c\u0259 d\u0259 Birliyin Bak\u0131 v\u0259 Bak\u0131\u0259traf\u0131 rayon \u015f\u00f6b\u0259l\u0259rinin s\u0259drl\u0259ri \u00dcmummilli Liderimiz, Ulu \u00d6nd\u0259r Heyd\u0259r \u018fliyevin v\u0259fat\u0131n\u0131n ild\u00f6n\u00fcm\u00fc il\u0259 \u0259laq\u0259dar F\u0259xri Xiyaban\u0131 ziyar\u0259t etmi\u015fl\u0259r. Ziyar\u0259t i\u015ftirak\u00e7\u0131lar\u0131 Ulu \u00d6nd\u0259rin m\u0259zar\u0131 \u00f6n\u00fcn\u0259 g\u00fcl-\u00e7i\u00e7\u0259k d\u0259st\u0259l\u0259ri d\u00fcz\u0259r\u0259k, onun \u0259ziz xatir\u0259sini d\u0259rin ehtiramla yad etmi\u015f, ruhuna dualar oxumu\u015flar.<\/p>\n\n\n\n<p>T\u0259dbir zaman\u0131 AVMV\u0130B r\u0259hb\u0259rliyi Ulu \u00d6nd\u0259r Heyd\u0259r \u018fliyevin m\u00fcst\u0259qil Az\u0259rbaycan d\u00f6vl\u0259tinin qurulmas\u0131nda, xalq\u0131m\u0131z\u0131n m\u0259n\u0259vi-siyasi birliyinin formala\u015fmas\u0131nda v\u0259 v\u0259t\u0259np\u0259rv\u0259rlik ideologiyas\u0131n\u0131n inki\u015faf\u0131nda misilsiz xidm\u0259tl\u0259rini x\u00fcsusi vur\u011fulam\u0131\u015fd\u0131r. Qeyd olunmu\u015fdur ki, bu g\u00fcn Az\u0259rbaycan d\u00f6vl\u0259t\u00e7iliyinin dayaqlar\u0131 m\u0259hz Ulu \u00d6nd\u0259rin yaratd\u0131\u011f\u0131 m\u00f6hk\u0259m ideoloji-siyasi t\u0259m\u0259ll\u0259r \u00fcz\u0259rind\u0259 y\u00fcks\u0259lir v\u0259 M\u00fcz\u0259ff\u0259r Ali Ba\u015f Komandan, Prezident \u0130lham \u018fliyevin u\u011furlu r\u0259hb\u0259rliyi il\u0259 daha da g\u00fccl\u0259nir.<\/p>\n\n\n\n<p>Ziyar\u0259td\u0259n sonra t\u0259dbir AVMV\u0130B S\u0259bail rayon \u015f\u00f6b\u0259sinin akt zal\u0131nda davam etdirilmi\u015fdir. Burada \u00dcmummilli Liderinin h\u0259yat v\u0259 f\u0259aliyy\u0259tin\u0259 h\u0259sr olunmu\u015f an\u0131m t\u0259dbiri t\u0259\u015fkil olunmu\u015f, Ulu \u00d6nd\u0259rin d\u00f6vl\u0259t\u00e7ilik irsini \u0259ks etdir\u0259n videokadrlar n\u00fcmayi\u015f etdirilmi\u015fdir.<\/p>\n\n\n\n<p>T\u0259dbird\u0259 AVMV\u0130B S\u0259bail rayon \u015f\u00f6b\u0259sinin \u00fczv\u00fc \u0130lham R\u0259sulzad\u0259nin haz\u0131rlad\u0131\u011f\u0131 v\u0259 \u00dcmummilli Lider Heyd\u0259r \u018fliyevin h\u0259yat yolundan, d\u00f6vl\u0259t\u00e7ilik f\u0259aliyy\u0259tind\u0259n, xalq\u0131na \u0259v\u0259zsiz xidm\u0259tl\u0259rind\u0259n b\u0259hs ed\u0259n s\u0259n\u0259dli film g\u00f6st\u0259rilmi\u015fdir. Film i\u015ftirak\u00e7\u0131lar t\u0259r\u0259find\u0259n b\u00f6y\u00fck maraqla qar\u015f\u0131lanm\u0131\u015f v\u0259 Ulu \u00d6nd\u0259rin z\u0259ngin irsinin bu g\u00fcn d\u0259 Az\u0259rbaycan \u00fc\u00e7\u00fcn nec\u0259 strateji \u0259h\u0259miyy\u0259t da\u015f\u0131d\u0131\u011f\u0131 bir daha diqq\u0259t\u0259 \u00e7atd\u0131r\u0131lm\u0131\u015fd\u0131r.<\/p>\n\n\n\n<p>\u00c7\u0131x\u0131\u015f ed\u0259nl\u0259r vur\u011fulam\u0131\u015flar ki, Heyd\u0259r \u018fliyev ideyalar\u0131 bu g\u00fcn Az\u0259rbaycan xalq\u0131n\u0131n milli birliyinin, v\u0259t\u0259np\u0259rv\u0259rlik ruhunun, g\u00fccl\u00fc d\u00f6vl\u0259t\u00e7ilik \u0259n\u0259n\u0259l\u0259rinin ideoloji \u0259sas\u0131n\u0131 t\u0259\u015fkil edir. M\u00fcz\u0259ff\u0259r Ali Ba\u015f Komandan \u0130lham \u018fliyev c\u0259nablar\u0131n\u0131n r\u0259hb\u0259rliyi il\u0259 \u0259ld\u0259 olunan tarixi Z\u0259f\u0259r d\u0259 m\u0259hz Heyd\u0259r \u018fliyevin yaratd\u0131\u011f\u0131 siyasi kursun b\u0259hr\u0259sidir.<\/p>\n\n\n\n<p><strong>AVMV\u0130B-in M\u0259tbuat xidm\u0259ti<\/strong><\/p>\n\n\n\nkgmVTyy5\/Whats-App-Image-2025-12-12-at-22-17-08-(2).jpg&#187; alt=&#187;Whats-App-Image-2025-12-12-at-22-17-08-(2)&#187;><\/a><br><br>\n<a href=\"https:\/\/postimages.org\/\" target=\"_blank\"><img decoding=\"async\" src=\"https:\/\/i.postimg.cc\/W1vD577N\/Whats-App-Image-2025-12-12-at-22-17-08-(3).jpg\" alt=\"Whats-App-Image-2025-12-12-at-22-17-08-(3)\"><\/a><br><br>\n<a href=\"https:\/\/postimg.cc\/Yhdq9YVV\" target=\"_blank\"><img decoding=\"async\" src=\"https:\/\/i.postimg.cc\/Qd3BfqqX\/Whats-App-Image-2025-12-12-at-22-17-08-(4).jpg\" alt=\"Whats-App-Image-2025-12-12-at-22-17-08-(4)\"><\/a><br><br>\n<a href=\"https:\/\/postimages.org\/\" target=\"_blank\"><img decoding=\"async\" src=\"https:\/\/i.postimg.cc\/8PWJdYL7\/Whats-App-Image-2025-12-12-at-22-17-09.jpg\" alt=\"Whats-App-Image-2025-12-12-at-22-17-09\"><\/a><br><br>\n<a href=\"https:\/\/postimg.cc\/GHXh2GN6\" target=\"_blank\"><img decoding=\"async\" src=\"https:\/\/i.postimg.cc\/YCH4dxx2\/Whats-App-Image-2025-12-12-at-22-17-09-(1).jpg\" alt=\"Whats-App-Image-2025-12-12-at-22-17-09-(1)\"><\/a><br><br>\n","protected":false},"excerpt":{"rendered":"<p>Bu g\u00fcn Az\u0259rbaycan V\u0259t\u0259n M\u00fcharib\u0259si Veteranlar\u0131 \u0130ctimai Birliyinin (AVMV\u0130B) r\u0259hb\u0259rliyi, el\u0259c\u0259 d\u0259 Birliyin Bak\u0131 v\u0259 Bak\u0131\u0259traf\u0131 rayon \u015f\u00f6b\u0259l\u0259rinin s\u0259drl\u0259ri \u00dcmummilli Liderimiz, Ulu \u00d6nd\u0259r Heyd\u0259r<\/p>\n","protected":false},"author":2,"featured_media":103066,"comment_status":"closed","ping_status":"closed","sticky":false,"template":"","format":"standard","meta":{"footnotes":""},"categories":[3],"tags":[],"class_list":["post-103065","post","type-post","status-publish","format-standard","has-post-thumbnail","hentry","category-gundm"],"aioseo_notices":[],"_links":{"self":[{"href":"https:\/\/fedai.az\/index.php?rest_route=\/wp\/v2\/posts\/103065","targetHints":{"allow":["GET"]}}],"collection":[{"href":"https:\/\/fedai.az\/index.php?rest_route=\/wp\/v2\/posts"}],"about":[{"href":"https:\/\/fedai.az\/index.php?rest_route=\/wp\/v2\/types\/post"}],"author":[{"embeddable":true,"href":"https:\/\/fedai.az\/index.php?rest_route=\/wp\/v2\/users\/2"}],"replies":[{"embeddable":true,"href":"https:\/\/fedai.az\/index.php?rest_route=%2Fwp%2Fv2%2Fcomments&post=103065"}],"version-history":[{"count":2,"href":"https:\/\/fedai.az\/index.php?rest_route=\/wp\/v2\/posts\/103065\/revisions"}],"predecessor-version":[{"id":103068,"href":"https:\/\/fedai.az\/index.php?rest_route=\/wp\/v2\/posts\/103065\/revisions\/103068"}],"wp:featuredmedia":[{"embeddable":true,"href":"https:\/\/fedai.az\/index.php?rest_route=\/wp\/v2\/media\/103066"}],"wp:attachment":[{"href":"https:\/\/fedai.az\/index.php?rest_route=%2Fwp%2Fv2%2Fmedia&parent=103065"}],"wp:term":[{"taxonomy":"category","embeddable":true,"href":"https:\/\/fedai.az\/index.php?rest_route=%2Fwp%2Fv2%2Fcategories&post=103065"},{"taxonomy":"post_tag","embeddable":true,"href":"https:\/\/fedai.az\/index.php?rest_route=%2Fwp%2Fv2%2Ftags&post=103065"}],"curies":[{"name":"wp","href":"https:\/\/api.w.org\/{rel}","templated":true}]}}