{"id":103072,"date":"2025-12-14T15:49:26","date_gmt":"2025-12-14T11:49:26","guid":{"rendered":"https:\/\/fedai.az\/?p=103072"},"modified":"2025-12-14T15:49:27","modified_gmt":"2025-12-14T11:49:27","slug":"avmvib-dovl%c9%99t-veteran-munasib%c9%99tl%c9%99rinin-mohk%c9%99ml%c9%99ndirilm%c9%99si-istiqam%c9%99tind%c9%99-ardicil-f%c9%99aliyy%c9%99tini-davam-etdirir","status":"publish","type":"post","link":"https:\/\/fedai.az\/?p=103072","title":{"rendered":"AVMV\u0130B d\u00f6vl\u0259t-veteran m\u00fcnasib\u0259tl\u0259rinin m\u00f6hk\u0259ml\u0259ndirilm\u0259si istiqam\u0259tind\u0259 ard\u0131c\u0131l f\u0259aliyy\u0259tini davam etdirir"},"content":{"rendered":"\n<p>Son bir h\u0259ft\u0259 \u0259rzind\u0259 Az\u0259rbaycan V\u0259t\u0259n M\u00fcharib\u0259si Veteranlar\u0131 \u0130ctimai Birliyi (AVMV\u0130B) d\u00f6vl\u0259tin ali idar\u0259etm\u0259 orqanlar\u0131n\u0131n n\u00fcmay\u0259nd\u0259l\u0259ri il\u0259 bir s\u0131ra m\u00fch\u00fcm v\u0259 m\u0259zmunlu g\u00f6r\u00fc\u015fl\u0259r ke\u00e7irmi\u015fdir. Bu bar\u0259d\u0259 AVMV\u0130B s\u0259drinin birinci m\u00fcavini Vahid Abdur\u0259hmanov m\u0259lumat ver\u0259r\u0259k bildirib ki, x\u00fcsusil\u0259 dekabr ay\u0131n\u0131n son h\u0259ft\u0259sind\u0259 ke\u00e7iril\u0259n g\u00f6r\u00fc\u015fl\u0259r veteran ictimaiyy\u0259tini narahat ed\u0259n aktual m\u0259s\u0259l\u0259l\u0259rin m\u00fczakir\u0259si bax\u0131m\u0131ndan m\u00fch\u00fcm \u0259h\u0259miyy\u0259t da\u015f\u0131y\u0131b.<\/p>\n\n\n\n<p>G\u00f6r\u00fc\u015fl\u0259r zaman\u0131 ilk n\u00f6vb\u0259d\u0259 son d\u00f6vrl\u0259rd\u0259 Az\u0259rbaycan V\u0259t\u0259n M\u00fcharib\u0259si Veteranlar\u0131 \u0130ctimai Birliyin\u0259 v\u0259 \u00fcmumilikd\u0259 veteran ictimaiyy\u0259tin\u0259 qar\u015f\u0131 apar\u0131lan d\u0259qiql\u0259\u015fdirilm\u0259mi\u015f h\u0259r\u0259k\u0259tl\u0259r v\u0259 dezinformasiya c\u0259hdl\u0259ri il\u0259 ba\u011fl\u0131 m\u0259s\u0259l\u0259l\u0259r \u0259trafl\u0131 \u015f\u0259kild\u0259 m\u00fczakir\u0259 olunub. Qeyd edilib ki, bu c\u00fcr hallar\u0131n qar\u015f\u0131s\u0131n\u0131n al\u0131nmas\u0131 yaln\u0131z ictimai m\u00f6vqe il\u0259 deyil, eyni zamanda h\u00fcquqi v\u0259 institusional mexanizml\u0259r vasit\u0259sil\u0259 t\u0259min edilm\u0259lidir. Bu istiqam\u0259td\u0259 d\u00f6vl\u0259t qurumlar\u0131 il\u0259 qar\u015f\u0131l\u0131ql\u0131 koordinasiya v\u0259 \u0259m\u0259kda\u015fl\u0131\u011f\u0131n g\u00fccl\u0259ndirilm\u0259sinin vacibliyi x\u00fcsusi vur\u011fulan\u0131b.<\/p>\n\n\n\n<p>Bununla yana\u015f\u0131, g\u00f6r\u00fc\u015fl\u0259rd\u0259 veteranlar\u0131n h\u00fcquqlar\u0131n\u0131n m\u00fcdafi\u0259si, ictimai birlikl\u0259rin f\u0259aliyy\u0259ti \u00fc\u00e7\u00fcn h\u00fcquqi m\u00fchitin daha da t\u0259kmill\u0259\u015fdirilm\u0259si, d\u00f6vl\u0259t\u2013veteran m\u00fcnasib\u0259tl\u0259rinin m\u00f6hk\u0259ml\u0259ndirilm\u0259si v\u0259 c\u0259miyy\u0259t\u0259 sa\u011flam mesajlar\u0131n \u00e7atd\u0131r\u0131lmas\u0131 m\u0259s\u0259l\u0259l\u0259ri d\u0259 diqq\u0259t m\u0259rk\u0259zind\u0259 olub.<\/p>\n\n\n\n<p>AVMV\u0130B s\u0259dri F\u00fczuli Rzaquliyev v\u0259 s\u0259drin birinci m\u00fcavini Vahid Abdur\u0259hmanovun i\u015ftirak\u0131 il\u0259 bir s\u0131ra y\u00fcks\u0259k s\u0259viyy\u0259li g\u00f6r\u00fc\u015fl\u0259r ke\u00e7irilib. Bel\u0259 ki, Az\u0259rbaycan Respublikas\u0131n\u0131n Birinci vitse-prezidenti Mehriban xan\u0131m \u018fliyevan\u0131n katibliyinin n\u00fcmay\u0259nd\u0259l\u0259ri, Az\u0259rbaycan Respublikas\u0131 Prezidentinin k\u00f6m\u0259k\u00e7isi, \u018frazi-t\u0259\u015fkilat m\u0259s\u0259l\u0259l\u0259ri \u00fczr\u0259 \u015f\u00f6b\u0259 m\u00fcdiri Zeynal Na\u011fd\u0259liyev, Prezidentin k\u00f6m\u0259k\u00e7isi, H\u00fcquq-m\u00fchafiz\u0259 orqanlar\u0131 il\u0259 i\u015f \u015f\u00f6b\u0259sinin m\u00fcdiri Fuad \u018fl\u0259sg\u0259rov, Prezident Administrasiyas\u0131n\u0131n Xarici siyas\u0259t m\u0259s\u0259l\u0259l\u0259ri \u00fczr\u0259 k\u00f6m\u0259k\u00e7isi Hikm\u0259t Hac\u0131yev, \u018fdliyy\u0259 Nazirliyinin Notariat, qeydiyyat v\u0259 reyestr ba\u015f idar\u0259sinin r\u0259isi El\u015fad M\u0259mm\u0259dli v\u0259 m\u0259sul \u015f\u0259xsl\u0259ri il\u0259 g\u00f6r\u00fc\u015fl\u0259r ke\u00e7irilib.<\/p>\n\n\n\n<p>Eyni zamanda, AVMV\u0130B \u0130dar\u0259 hey\u0259tinin q\u0259rar\u0131na uy\u011fun olaraq yerli rayon \u015f\u00f6b\u0259l\u0259rinin s\u0259drl\u0259ri d\u0259 Milli M\u0259clis\u0259 se\u00e7ilmi\u015f mill\u0259t v\u0259kill\u0259ri il\u0259 d\u0259 m\u0259qs\u0259dy\u00f6nl\u00fc g\u00f6r\u00fc\u015fl\u0259r t\u0259\u015fkil etmi\u015fl\u0259r. AVMV\u0130B \u0130dar\u0259 Hey\u0259tinin \u00fczv\u00fc \u2013 Qurban Osmanov (AVMV\u0130B N\u0259rimanov rayon \u015f\u00f6b\u0259sinin s\u0259dri) N\u0259rimanov rayonundan se\u00e7ilmi\u015f deputat Hikm\u0259t Babao\u011flu il\u0259, AVMV\u0130B \u0130dar\u0259 Hey\u0259tinin \u00fczv\u00fc Eldar R\u00fcst\u0259mov (AVMV\u0130B Suraxan\u0131 rayon \u015f\u00f6b\u0259sinin s\u0259dri) Suraxan\u0131 rayonundan se\u00e7ilmi\u015f deputat Qaya M\u0259mm\u0259dov il\u0259, o c\u00fcml\u0259d\u0259n F\u0259qan N\u0259sibzad\u0259 (AVMV\u0130B S\u0259bail rayon \u015f\u00f6b\u0259sinin s\u0259dri) komit\u0259 s\u0259dri Siyavu\u015f Novruzov il\u0259, F\u0259r\u0259c Dada\u015fov (K\u00fcrd\u0259mir rayon \u015f\u00f6b\u0259sinin s\u0259dri) K\u00fcrd\u0259mir rayonundan se\u00e7ilmi\u015f deputat \u018fmin\u0259 A\u011fazad\u0259 il\u0259 g\u00f6r\u00fc\u015fl\u0259r\u00fcn t\u0259\u015fkil olunmas\u0131 v\u0259 ke\u00e7irilm\u0259sind\u0259 x\u00fcsusi f\u0259all\u0131q g\u00f6st\u0259mir\u015f z\u0259ruri m\u0259s\u0259l\u0259l\u0259ri diqq\u0259t\u0259 \u00e7atd\u0131rm\u0131\u015flar.<\/p>\n\n\n\n<p>G\u00f6r\u00fc\u015fl\u0259rd\u0259 bildirilib ki, veteran ad\u0131ndan sui-istifad\u0259 edilm\u0259si, ictimai birlikl\u0259rin n\u00fcfuzuna x\u0259l\u0259l g\u0259tirm\u0259y\u0259 y\u00f6n\u0259lmi\u015f c\u0259hdl\u0259r t\u0259kc\u0259 konkret t\u0259\u015fkilata deyil, b\u00fct\u00f6vl\u00fckd\u0259 d\u00f6vl\u0259t\u00e7ilik maraqlar\u0131na ziddir v\u0259 bu hallara qar\u015f\u0131 prinsipial m\u00f6vqe ortaya qoyulmal\u0131d\u0131r.<\/p>\n\n\n\n<p>Sonda vur\u011fulan\u0131b ki, Az\u0259rbaycan V\u0259t\u0259n M\u00fcharib\u0259si Veteranlar\u0131 \u0130ctimai Birliyi Ulu \u00d6nd\u0259r Heyd\u0259r \u018fliyevin d\u00f6vl\u0259t\u00e7ilik irsin\u0259, Prezident, M\u00fcz\u0259ff\u0259r Ali Ba\u015f Komandan \u0130lham \u018fliyevin h\u0259yata ke\u00e7irdiyi siyasi kursa v\u0259 milli maraqlara sadiq olaraq f\u0259aliyy\u0259tini bundan sonra da q\u0259tiyy\u0259tl\u0259 davam etdir\u0259c\u0259kdir. AVMV\u0130B veteranlar\u0131n h\u00fcquq v\u0259 m\u0259nafel\u0259rinin qorunmas\u0131, c\u0259miyy\u0259t\u0259 qar\u015f\u0131 y\u00f6n\u0259lmi\u015f t\u0259xribat xarakterli kampaniyalar\u0131n qar\u015f\u0131s\u0131n\u0131n al\u0131nmas\u0131 v\u0259 d\u00f6vl\u0259t-veteran h\u0259mr\u0259yliyinin m\u00f6hk\u0259ml\u0259ndirilm\u0259si istiqam\u0259tind\u0259 \u00f6z m\u00f6vqeyini d\u0259yi\u015fm\u0259z hesab edir.<\/p>\n\n\n\n<p><strong>AVMV\u0130B-in M\u0259tbuat xidm\u0259ti<\/strong><\/p>\n","protected":false},"excerpt":{"rendered":"<p>Son bir h\u0259ft\u0259 \u0259rzind\u0259 Az\u0259rbaycan V\u0259t\u0259n M\u00fcharib\u0259si Veteranlar\u0131 \u0130ctimai Birliyi (AVMV\u0130B) d\u00f6vl\u0259tin ali idar\u0259etm\u0259 orqanlar\u0131n\u0131n n\u00fcmay\u0259nd\u0259l\u0259ri il\u0259 bir s\u0131ra m\u00fch\u00fcm v\u0259 m\u0259zmunlu g\u00f6r\u00fc\u015fl\u0259r ke\u00e7irmi\u015fdir.<\/p>\n","protected":false},"author":2,"featured_media":100612,"comment_status":"closed","ping_status":"closed","sticky":false,"template":"","format":"standard","meta":{"footnotes":""},"categories":[3],"tags":[],"class_list":["post-103072","post","type-post","status-publish","format-standard","has-post-thumbnail","hentry","category-gundm"],"aioseo_notices":[],"_links":{"self":[{"href":"https:\/\/fedai.az\/index.php?rest_route=\/wp\/v2\/posts\/103072","targetHints":{"allow":["GET"]}}],"collection":[{"href":"https:\/\/fedai.az\/index.php?rest_route=\/wp\/v2\/posts"}],"about":[{"href":"https:\/\/fedai.az\/index.php?rest_route=\/wp\/v2\/types\/post"}],"author":[{"embeddable":true,"href":"https:\/\/fedai.az\/index.php?rest_route=\/wp\/v2\/users\/2"}],"replies":[{"embeddable":true,"href":"https:\/\/fedai.az\/index.php?rest_route=%2Fwp%2Fv2%2Fcomments&post=103072"}],"version-history":[{"count":1,"href":"https:\/\/fedai.az\/index.php?rest_route=\/wp\/v2\/posts\/103072\/revisions"}],"predecessor-version":[{"id":103073,"href":"https:\/\/fedai.az\/index.php?rest_route=\/wp\/v2\/posts\/103072\/revisions\/103073"}],"wp:featuredmedia":[{"embeddable":true,"href":"https:\/\/fedai.az\/index.php?rest_route=\/wp\/v2\/media\/100612"}],"wp:attachment":[{"href":"https:\/\/fedai.az\/index.php?rest_route=%2Fwp%2Fv2%2Fmedia&parent=103072"}],"wp:term":[{"taxonomy":"category","embeddable":true,"href":"https:\/\/fedai.az\/index.php?rest_route=%2Fwp%2Fv2%2Fcategories&post=103072"},{"taxonomy":"post_tag","embeddable":true,"href":"https:\/\/fedai.az\/index.php?rest_route=%2Fwp%2Fv2%2Ftags&post=103072"}],"curies":[{"name":"wp","href":"https:\/\/api.w.org\/{rel}","templated":true}]}}