{"id":103076,"date":"2025-12-23T23:46:53","date_gmt":"2025-12-23T19:46:53","guid":{"rendered":"https:\/\/fedai.az\/?p=103076"},"modified":"2025-12-23T23:46:54","modified_gmt":"2025-12-23T19:46:54","slug":"avmvib-s%c9%99dri-c%c9%99nab-prezidentimizi-dogum-gunu-munasib%c9%99ti-il%c9%99-t%c9%99brik-etdi","status":"publish","type":"post","link":"https:\/\/fedai.az\/?p=103076","title":{"rendered":"AVMV\u0130B s\u0259dri c\u0259nab Prezidentimizi do\u011fum g\u00fcn\u00fc m\u00fcnasib\u0259ti il\u0259 t\u0259brik etdi"},"content":{"rendered":"\n<p>Az\u0259rbaycan V\u0259t\u0259n M\u00fcharib\u0259si Veteranlar\u0131 \u0130ctimai Birliyinin (AVMV\u0130B) s\u0259dri F\u00fczuli Rzaquliyev Az\u0259rbaycan Respublikas\u0131n\u0131n Prezidenti c\u0259nab \u0130lham \u018fliyevi do\u011fum g\u00fcn\u00fc m\u00fcnasib\u0259til\u0259 t\u0259brik edib. T\u0259brikd\u0259 deyilir:<\/p>\n\n\n\n<p>H\u00f6rm\u0259tli c\u0259nab Prezident,<\/p>\n\n\n\n<p>Sizi \u2014 Az\u0259rbaycan Respublikas\u0131n\u0131n Prezidenti, Ali Ba\u015f Komandan c\u0259nab \u0130lham \u018fliyevi do\u011fum g\u00fcn\u00fcn\u00fcz m\u00fcnasib\u0259til\u0259 Az\u0259rbaycan V\u0259t\u0259n M\u00fcharib\u0259si Veteranlar\u0131 \u0130ctimai Birliyi (AVMV\u0130B) ad\u0131ndan v\u0259 \u015f\u0259xs\u0259n \u00f6z ad\u0131mdan s\u0259mimi-q\u0259lbd\u0259n t\u0259brik edir\u0259m.<\/p>\n\n\n\n<p>Sizin m\u00fcdrik, uzaqg\u00f6r\u0259n v\u0259 q\u0259tiyy\u0259tli r\u0259hb\u0259rliyiniz alt\u0131nda Az\u0259rbaycan d\u00f6vl\u0259ti \u015fanl\u0131 tarixinin \u0259n m\u00f6ht\u0259\u015f\u0259m s\u0259hif\u0259l\u0259rind\u0259n birini yazm\u0131\u015f, V\u0259t\u0259n m\u00fcharib\u0259sind\u0259 qazan\u0131lan m\u00f6ht\u0259\u015f\u0259m Q\u0259l\u0259b\u0259 il\u0259 \u0259razi b\u00fct\u00f6vl\u00fcy\u00fcn\u00fc v\u0259 suverenliyini tam b\u0259rpa etmi\u015fdir. Bu tarixi Z\u0259f\u0259r xalq\u2013Prezident\u2013Ordu birliyinin parlaq n\u00fcmun\u0259si olmaqla yana\u015f\u0131, Sizin liderliyinizin v\u0259 siyasi irad\u0259nizin t\u0259nt\u0259n\u0259sidir.<\/p>\n\n\n\n<p>V\u0259t\u0259n u\u011frunda can\u0131ndan ke\u00e7mi\u015f \u015f\u0259hidl\u0259rimizin ail\u0259l\u0259rin\u0259, m\u00fcharib\u0259 veteranlar\u0131na v\u0259 qazil\u0259rimiz\u0259 g\u00f6st\u0259rdiyiniz davaml\u0131 diqq\u0259t v\u0259 qay\u011f\u0131, onlar\u0131n sosial m\u00fcdafi\u0259sinin g\u00fccl\u0259ndirilm\u0259si istiqam\u0259tind\u0259 h\u0259yata ke\u00e7iril\u0259n m\u0259qs\u0259dy\u00f6nl\u00fc d\u00f6vl\u0259t siyas\u0259ti AVMV\u0130B \u00fczvl\u0259ri v\u0259 b\u00fct\u00fcn veteranlar t\u0259r\u0259find\u0259n d\u0259rin minn\u0259tdarl\u0131q hissi il\u0259 qar\u015f\u0131lan\u0131r.<\/p>\n\n\n\n<p>Bu \u0259lam\u0259tdar g\u00fcnd\u0259 Siz\u0259 m\u00f6hk\u0259m cansa\u011fl\u0131\u011f\u0131, uzun \u00f6m\u00fcr, ail\u0259 s\u0259ad\u0259ti, d\u00f6vl\u0259t\u00e7ilik f\u0259aliyy\u0259tinizd\u0259 yeni-yeni u\u011furlar, m\u00fcst\u0259qil v\u0259 q\u00fcdr\u0259tli Az\u0259rbaycan namin\u0259 g\u00f6rd\u00fcy\u00fcn\u00fcz \u015f\u0259r\u0259fli i\u015fl\u0259rd\u0259 daim m\u00fcv\u0259ff\u0259qiyy\u0259tl\u0259r arzulay\u0131ram. M\u0259n ba\u015fda olmaqla bizim t\u0259\u015fkilat\u0131m\u0131z Sizin sadiq \u0259sg\u0259rl\u0259rinizik v\u0259 bir d\u00f6y\u00fc\u015f\u00e7\u00fc kimi daim \u0259mriniz\u0259 haz\u0131r\u0131q.<\/p>\n\n\n\n<p>Do\u011fum g\u00fcn\u00fcn\u00fcz m\u00fcbar\u0259k olsun, c\u0259nab Prezident!<\/p>\n\n\n\n<p><strong>D\u0259rin h\u00f6rm\u0259tl\u0259,<br>F\u00fczuli Rzaquliyev<br>Az\u0259rbaycan V\u0259t\u0259n M\u00fcharib\u0259si Veteranlar\u0131<br>\u0130ctimai Birliyinin s\u0259dri<\/strong><\/p>\n","protected":false},"excerpt":{"rendered":"<p>Az\u0259rbaycan V\u0259t\u0259n M\u00fcharib\u0259si Veteranlar\u0131 \u0130ctimai Birliyinin (AVMV\u0130B) s\u0259dri F\u00fczuli Rzaquliyev Az\u0259rbaycan Respublikas\u0131n\u0131n Prezidenti c\u0259nab \u0130lham \u018fliyevi do\u011fum g\u00fcn\u00fc m\u00fcnasib\u0259til\u0259 t\u0259brik edib. T\u0259brikd\u0259 deyilir: H\u00f6rm\u0259tli<\/p>\n","protected":false},"author":2,"featured_media":98157,"comment_status":"closed","ping_status":"closed","sticky":false,"template":"","format":"standard","meta":{"footnotes":""},"categories":[3],"tags":[],"class_list":["post-103076","post","type-post","status-publish","format-standard","has-post-thumbnail","hentry","category-gundm"],"aioseo_notices":[],"_links":{"self":[{"href":"https:\/\/fedai.az\/index.php?rest_route=\/wp\/v2\/posts\/103076","targetHints":{"allow":["GET"]}}],"collection":[{"href":"https:\/\/fedai.az\/index.php?rest_route=\/wp\/v2\/posts"}],"about":[{"href":"https:\/\/fedai.az\/index.php?rest_route=\/wp\/v2\/types\/post"}],"author":[{"embeddable":true,"href":"https:\/\/fedai.az\/index.php?rest_route=\/wp\/v2\/users\/2"}],"replies":[{"embeddable":true,"href":"https:\/\/fedai.az\/index.php?rest_route=%2Fwp%2Fv2%2Fcomments&post=103076"}],"version-history":[{"count":1,"href":"https:\/\/fedai.az\/index.php?rest_route=\/wp\/v2\/posts\/103076\/revisions"}],"predecessor-version":[{"id":103077,"href":"https:\/\/fedai.az\/index.php?rest_route=\/wp\/v2\/posts\/103076\/revisions\/103077"}],"wp:featuredmedia":[{"embeddable":true,"href":"https:\/\/fedai.az\/index.php?rest_route=\/wp\/v2\/media\/98157"}],"wp:attachment":[{"href":"https:\/\/fedai.az\/index.php?rest_route=%2Fwp%2Fv2%2Fmedia&parent=103076"}],"wp:term":[{"taxonomy":"category","embeddable":true,"href":"https:\/\/fedai.az\/index.php?rest_route=%2Fwp%2Fv2%2Fcategories&post=103076"},{"taxonomy":"post_tag","embeddable":true,"href":"https:\/\/fedai.az\/index.php?rest_route=%2Fwp%2Fv2%2Ftags&post=103076"}],"curies":[{"name":"wp","href":"https:\/\/api.w.org\/{rel}","templated":true}]}}