{"id":10308,"date":"2020-07-18T00:33:11","date_gmt":"2020-07-17T20:33:11","guid":{"rendered":"http:\/\/fedai.az\/?p=10308"},"modified":"2020-07-18T00:33:16","modified_gmt":"2020-07-17T20:33:16","slug":"operativ-q%c9%99rargahdan-karantin-rejiminin-uzadilmasi-il%c9%99-bagli-m%c9%99lumat-yaydi","status":"publish","type":"post","link":"https:\/\/fedai.az\/?p=10308","title":{"rendered":"Operativ Q\u0259rargahdan karantin rejiminin uzad\u0131lmas\u0131 il\u0259 ba\u011fl\u0131 m\u0259lumat yayd\u0131"},"content":{"rendered":"\n<p><strong>Operativ Q\u0259rargah karantin rejiminin uzad\u0131lmas\u0131 il\u0259 ba\u011fl\u0131 m\u0259lumat yay\u0131b.<\/strong><\/p>\n\n\n\n<p>M\u0259lumatda deyilir:<\/p>\n\n\n\n<p>Bildirilir ki, b\u0259zi k\u00fctl\u0259vi informasiya vasit\u0259l\u0259ri v\u0259 sosial \u015f\u0259b\u0259k\u0259 istifad\u0259\u00e7il\u0259ri Az\u0259rbaycan Respublikas\u0131 Nazirl\u0259r Kabineti yan\u0131nda Operativ Q\u0259rargah\u0131n m\u0259tbuat \u00fc\u00e7\u00fcn a\u00e7\u0131qlamalar\u0131n\u0131 ictimaiyy\u0259t\u0259 qeyri-d\u0259qiqlikl\u0259 t\u0259qdim edir. Bel\u0259 ki, K\u0130V v\u0259 sosial \u015f\u0259b\u0259k\u0259 vasit\u0259\u00e7il\u0259ri yay\u0131mlanan r\u0259smi m\u0259lumatlar\u0131 t\u0259hrif olunmu\u015f ba\u015fl\u0131q v\u0259 m\u0259tnl\u0259rl\u0259 verm\u0259kl\u0259 c\u0259miyy\u0259td\u0259 \u00e7a\u015fq\u0131nl\u0131q v\u0259 yanl\u0131\u015f fikrin formala\u015fmas\u0131na yol a\u00e7\u0131r.<\/p>\n\n\n\n<p>Operativ Q\u0259rargah\u0131n x\u00fcsusi karantin rejimi il\u0259 \u0259laq\u0259dar 17 iyul tarixli m\u0259lumat\u0131 il\u0259 \u0259laq\u0259dar a\u015fa\u011f\u0131dak\u0131lar\u0131 bir daha diqq\u0259tiniz\u0259 \u00e7atd\u0131r\u0131r\u0131q:<\/p>\n\n\n\n<p>16 rayon v\u0259 \u015f\u0259h\u0259rd\u0259 t\u0259tbiq olunan s\u0259rtl\u0259\u015fdirilmi\u015f karantin rejimi 2020-ci il 5 avqust saat 06:00-d\u0259k uzad\u0131lm\u0131\u015fd\u0131r v\u0259 qar\u015f\u0131dak\u0131 m\u00fcdd\u0259td\u0259 14 rayonda q\u00fcvv\u0259d\u0259 olacaqd\u0131r.<\/p>\n\n\n\n<p>Eyni zamanda h\u0259min 14 rayon v\u0259 \u015f\u0259h\u0259rin \u0259razisind\u0259ki m\u0259hdudiyy\u0259tl\u0259r\u0259 b\u0259zi yum\u015falmalar t\u0259tbiq olunacaqd\u0131r:<\/p>\n\n\n\n<p>Bel\u0259 ki, 20 iyul tarixd\u0259n etibar\u0259n masaj v\u0259 hamam xidm\u0259ti istisna olmaqla b\u0259rb\u0259rxana, g\u00f6z\u0259llik salonlar\u0131n\u0131n f\u0259aliyy\u0259tin\u0259 v\u0259 kosmetik xidm\u0259tl\u0259rin g\u00f6st\u0259rilm\u0259sin\u0259 icaz\u0259 verilir.<\/p>\n\n\n\n<p>Ya\u015fay\u0131\u015f yerini v\u0259 oldu\u011fu yeri t\u0259rk etm\u0259k \u00fc\u00e7\u00fcn SMS icaz\u0259nin m\u00fcdd\u0259ti 2 saatdan 3 saatad\u0259k art\u0131r\u0131l\u0131r.<\/p>\n\n\n\n<p>Bir daha b\u00fct\u00fcn k\u00fctl\u0259vi informasiya vasit\u0259l\u0259rini v\u0259 sosial \u015f\u0259b\u0259k\u0259 istifad\u0259\u00e7il\u0259rini yay\u0131mlanan r\u0259smi m\u0259lumatlar\u0131 d\u0259qiqlikl\u0259 t\u0259hlil etm\u0259y\u0259 v\u0259 ictimaiyy\u0259tin diqq\u0259tin\u0259 t\u0259hrif olunmadan \u00e7atd\u0131rma\u011fa \u00e7a\u011f\u0131r\u0131r\u0131q.<\/p>\n","protected":false},"excerpt":{"rendered":"<p>Operativ Q\u0259rargah karantin rejiminin uzad\u0131lmas\u0131 il\u0259 ba\u011fl\u0131 m\u0259lumat yay\u0131b. M\u0259lumatda deyilir: Bildirilir ki, b\u0259zi k\u00fctl\u0259vi informasiya vasit\u0259l\u0259ri v\u0259 sosial \u015f\u0259b\u0259k\u0259 istifad\u0259\u00e7il\u0259ri Az\u0259rbaycan Respublikas\u0131 Nazirl\u0259r<\/p>\n","protected":false},"author":2,"featured_media":8276,"comment_status":"closed","ping_status":"closed","sticky":false,"template":"","format":"standard","meta":{"footnotes":""},"categories":[3],"tags":[],"class_list":["post-10308","post","type-post","status-publish","format-standard","has-post-thumbnail","hentry","category-gundm"],"aioseo_notices":[],"_links":{"self":[{"href":"https:\/\/fedai.az\/index.php?rest_route=\/wp\/v2\/posts\/10308","targetHints":{"allow":["GET"]}}],"collection":[{"href":"https:\/\/fedai.az\/index.php?rest_route=\/wp\/v2\/posts"}],"about":[{"href":"https:\/\/fedai.az\/index.php?rest_route=\/wp\/v2\/types\/post"}],"author":[{"embeddable":true,"href":"https:\/\/fedai.az\/index.php?rest_route=\/wp\/v2\/users\/2"}],"replies":[{"embeddable":true,"href":"https:\/\/fedai.az\/index.php?rest_route=%2Fwp%2Fv2%2Fcomments&post=10308"}],"version-history":[{"count":1,"href":"https:\/\/fedai.az\/index.php?rest_route=\/wp\/v2\/posts\/10308\/revisions"}],"predecessor-version":[{"id":10309,"href":"https:\/\/fedai.az\/index.php?rest_route=\/wp\/v2\/posts\/10308\/revisions\/10309"}],"wp:featuredmedia":[{"embeddable":true,"href":"https:\/\/fedai.az\/index.php?rest_route=\/wp\/v2\/media\/8276"}],"wp:attachment":[{"href":"https:\/\/fedai.az\/index.php?rest_route=%2Fwp%2Fv2%2Fmedia&parent=10308"}],"wp:term":[{"taxonomy":"category","embeddable":true,"href":"https:\/\/fedai.az\/index.php?rest_route=%2Fwp%2Fv2%2Fcategories&post=10308"},{"taxonomy":"post_tag","embeddable":true,"href":"https:\/\/fedai.az\/index.php?rest_route=%2Fwp%2Fv2%2Ftags&post=10308"}],"curies":[{"name":"wp","href":"https:\/\/api.w.org\/{rel}","templated":true}]}}