{"id":103095,"date":"2026-01-12T22:58:33","date_gmt":"2026-01-12T18:58:33","guid":{"rendered":"https:\/\/fedai.az\/?p=103095"},"modified":"2026-01-12T23:46:02","modified_gmt":"2026-01-12T19:46:02","slug":"agdasda-s%c9%99hid-m%c9%99h%c9%99mm%c9%99d-n%c9%99biyevin-xatir%c9%99sin%c9%99-h%c9%99sr-olunmus-t%c9%99dbir-kecirilib","status":"publish","type":"post","link":"https:\/\/fedai.az\/?p=103095","title":{"rendered":"A\u011fda\u015fda \u015f\u0259hid M\u0259h\u0259mm\u0259d N\u0259biyevin xatir\u0259sin\u0259 h\u0259sr olunmu\u015f t\u0259dbir ke\u00e7irilib"},"content":{"rendered":"\n<p><strong>A\u011fda\u015fda \u015f\u0259hid M\u0259h\u0259mm\u0259d N\u0259biyevin xatir\u0259sin\u0259 h\u0259sr olunmu\u015f t\u0259dbir ke\u00e7irilib<\/strong><\/p>\n\n\n\n<p>Az\u0259rbaycan V\u0259t\u0259n M\u00fcharib\u0259si Veteranlar\u0131 \u0130ctimai Birliyinin (AVMV\u0130B) A\u011fda\u015f rayon \u015f\u00f6b\u0259sinin i\u015ftirak\u0131 il\u0259 A\u011fda\u015f\u0131n Orta L\u0259ki k\u0259nd orta m\u0259kt\u0259bind\u0259 \u015f\u0259hid M\u0259h\u0259mm\u0259d N\u0259biyevin xatir\u0259sin\u0259 h\u0259sr olunmu\u015f t\u0259dbir ke\u00e7irilib. T\u0259dbir \u015f\u0259hid M\u0259h\u0259mm\u0259d \u018f\u015fr\u0259f o\u011flu N\u0259biyevin \u015f\u0259had\u0259t\u0259 ucalmas\u0131n\u0131n 32-ci ild\u00f6n\u00fcm\u00fc m\u00fcnasib\u0259til\u0259 ke\u00e7irilib.<\/p>\n\n\n\n<p>T\u0259dbird\u0259 bildirilib ki, 1960-c\u0131 ild\u0259 A\u011fda\u015f rayonunun Orta L\u0259ki k\u0259ndind\u0259 anadan olan M\u0259h\u0259mm\u0259d N\u0259biyev 1994-c\u00fc ild\u0259 F\u00fczuli rayonunda ged\u0259n a\u011f\u0131r d\u00f6y\u00fc\u015fl\u0259rd\u0259 i\u015ftirak edib. O, xidm\u0259t etdiyi rota il\u0259 F\u00fczulinin bir ne\u00e7\u0259 k\u0259ndinin azad edilm\u0259sind\u0259 x\u00fcsusi \u015f\u00fcca\u0259t g\u00f6st\u0259rib v\u0259 h\u0259min ilin 12 yanvar tarixind\u0259 Yuxar\u0131 Abur\u0259hmanl\u0131 k\u0259ndi istiqam\u0259tind\u0259 ged\u0259n d\u00f6y\u00fc\u015fl\u0259r zaman\u0131 q\u0259hr\u0259mancas\u0131na \u015f\u0259hid olub.<\/p>\n\n\n\n<p>Qeyd edilib ki, A\u011fda\u015f rayon Orta L\u0259ki k\u0259nd tam orta \u00fcmumt\u0259hsil m\u0259kt\u0259bi 1995-ci ild\u0259n \u015f\u0259hid M\u0259h\u0259mm\u0259d N\u0259biyevin ad\u0131n\u0131 da\u015f\u0131y\u0131r v\u0259 bu g\u00fcn d\u0259 onun xatir\u0259si m\u0259kt\u0259bd\u0259 b\u00f6y\u00fck ehtiramla yad edilir.<\/p>\n\n\n\n<p>T\u0259dbir zaman\u0131 m\u0259kt\u0259bd\u0259 \u015f\u0259hidin xatir\u0259sinin \u0259b\u0259dil\u0259\u015fdirilm\u0259si m\u0259qs\u0259dil\u0259 ucald\u0131lan abid\u0259nin yarad\u0131lmas\u0131nda v\u0259 a\u00e7\u0131l\u0131\u015f m\u0259rasimind\u0259 f\u0259al i\u015ftirak ed\u0259n, Orta L\u0259ki k\u0259nd M. N\u0259biyev ad\u0131na tam orta \u00fcmumt\u0259hsil m\u0259kt\u0259binin G\u0259ncl\u0259rin \u00e7a\u011f\u0131r\u0131\u015faq\u0259d\u0259rki haz\u0131rl\u0131\u011f\u0131 m\u00fc\u0259llimi M\u0259mm\u0259dov \u018fflatun Abub\u0259kir o\u011flunun \u0259m\u0259yinin x\u00fcsusi qeyd olunmas\u0131 t\u0259dbir i\u015ftirak\u00e7\u0131lar\u0131 t\u0259r\u0259find\u0259n y\u00fcks\u0259k qiym\u0259tl\u0259ndirilib.<\/p>\n\n\n\n<p>Sonda \u015f\u0259hidimizin ehsan s\u00fcfr\u0259si t\u0259\u015fkil olunub v\u0259 onun \u0259ziz xatir\u0259si bir d\u0259qiq\u0259lik s\u00fckutla yad edilib, V\u0259t\u0259n u\u011frunda canlar\u0131ndan ke\u00e7\u0259n b\u00fct\u00fcn \u015f\u0259hidl\u0259rimiz\u0259 Allahdan r\u0259hm\u0259t dil\u0259nib.<\/p>\n\n\n\n<p><strong>AVMV\u0130B-in M\u0259tbuat xidm\u0259ti<\/strong><\/p>\n\n\n\n<a href=\"https:\/\/postimg.cc\/SYx6g5Xt\" target=\"_blank\"><img decoding=\"async\" src=\"https:\/\/i.postimg.cc\/4yzWxRXZ\/Whats-App-Image-2026-01-12-at-22-48-42.jpg\" alt=\"Whats-App-Image-2026-01-12-at-22-48-42\"><\/a><br><br>\n<a href=\"https:\/\/postimg.cc\/CnxGctZ9\" target=\"_blank\"><img decoding=\"async\" src=\"https:\/\/i.postimg.cc\/qq81vHpB\/Whats-App-Image-2026-01-12-at-22-49-29.jpg\" alt=\"Whats-App-Image-2026-01-12-at-22-49-29\"><\/a><br><br>\n<a href=\"https:\/\/postimg.cc\/Mfp794c5\" target=\"_blank\"><img decoding=\"async\" src=\"https:\/\/i.postimg.cc\/yxFL8CsM\/Whats-App-Image-2026-01-12-at-22-49-29-(2).jpg\" alt=\"Whats-App-Image-2026-01-12-at-22-49-29-(2)\"><\/a><br><br>\n<a href=\"https:\/\/postimg.cc\/T53VtSy9\" target=\"_blank\"><img decoding=\"async\" src=\"https:\/\/i.postimg.cc\/brQmwfpK\/Whats-App-Image-2026-01-12-at-22-49-29-(3).jpg\" alt=\"Whats-App-Image-2026-01-12-at-22-49-29-(3)\"><\/a><br><br>\n<a href=\"https:\/\/postimg.cc\/rRw1fbdf\" target=\"_blank\"><img decoding=\"async\" src=\"https:\/\/i.postimg.cc\/NF1djvQv\/Whats-App-Image-2026-01-12-at-22-49-29-(4).jpg\" alt=\"Whats-App-Image-2026-01-12-at-22-49-29-(4)\"><\/a><br><br>\n","protected":false},"excerpt":{"rendered":"<p>A\u011fda\u015fda \u015f\u0259hid M\u0259h\u0259mm\u0259d N\u0259biyevin xatir\u0259sin\u0259 h\u0259sr olunmu\u015f t\u0259dbir ke\u00e7irilib Az\u0259rbaycan V\u0259t\u0259n M\u00fcharib\u0259si Veteranlar\u0131 \u0130ctimai Birliyinin (AVMV\u0130B) A\u011fda\u015f rayon \u015f\u00f6b\u0259sinin i\u015ftirak\u0131 il\u0259 A\u011fda\u015f\u0131n Orta L\u0259ki<\/p>\n","protected":false},"author":2,"featured_media":103096,"comment_status":"closed","ping_status":"closed","sticky":false,"template":"","format":"standard","meta":{"footnotes":""},"categories":[5],"tags":[],"class_list":["post-103095","post","type-post","status-publish","format-standard","has-post-thumbnail","hentry","category-veteran"],"aioseo_notices":[],"_links":{"self":[{"href":"https:\/\/fedai.az\/index.php?rest_route=\/wp\/v2\/posts\/103095","targetHints":{"allow":["GET"]}}],"collection":[{"href":"https:\/\/fedai.az\/index.php?rest_route=\/wp\/v2\/posts"}],"about":[{"href":"https:\/\/fedai.az\/index.php?rest_route=\/wp\/v2\/types\/post"}],"author":[{"embeddable":true,"href":"https:\/\/fedai.az\/index.php?rest_route=\/wp\/v2\/users\/2"}],"replies":[{"embeddable":true,"href":"https:\/\/fedai.az\/index.php?rest_route=%2Fwp%2Fv2%2Fcomments&post=103095"}],"version-history":[{"count":2,"href":"https:\/\/fedai.az\/index.php?rest_route=\/wp\/v2\/posts\/103095\/revisions"}],"predecessor-version":[{"id":103099,"href":"https:\/\/fedai.az\/index.php?rest_route=\/wp\/v2\/posts\/103095\/revisions\/103099"}],"wp:featuredmedia":[{"embeddable":true,"href":"https:\/\/fedai.az\/index.php?rest_route=\/wp\/v2\/media\/103096"}],"wp:attachment":[{"href":"https:\/\/fedai.az\/index.php?rest_route=%2Fwp%2Fv2%2Fmedia&parent=103095"}],"wp:term":[{"taxonomy":"category","embeddable":true,"href":"https:\/\/fedai.az\/index.php?rest_route=%2Fwp%2Fv2%2Fcategories&post=103095"},{"taxonomy":"post_tag","embeddable":true,"href":"https:\/\/fedai.az\/index.php?rest_route=%2Fwp%2Fv2%2Ftags&post=103095"}],"curies":[{"name":"wp","href":"https:\/\/api.w.org\/{rel}","templated":true}]}}