{"id":103106,"date":"2026-01-16T20:26:17","date_gmt":"2026-01-16T16:26:17","guid":{"rendered":"https:\/\/fedai.az\/?p=103106"},"modified":"2026-01-16T20:30:16","modified_gmt":"2026-01-16T16:30:16","slug":"avmvib-r%c9%99hb%c9%99rliyi-milli-q%c9%99hr%c9%99man-sahin-tagiyevin-vida-m%c9%99rasimind%c9%99-istirak-edib","status":"publish","type":"post","link":"https:\/\/fedai.az\/?p=103106","title":{"rendered":"AVMV\u0130B s\u0259dri v\u0259 veteranlar Milli Q\u0259hr\u0259man \u015eahin Ta\u011f\u0131yevin vida m\u0259rasimind\u0259 i\u015ftirak edib"},"content":{"rendered":"\n<p>Yanvar\u0131n 16-da Az\u0259rbaycan\u0131n Milli Q\u0259hr\u0259man\u0131 \u015eahin Ta\u011f\u0131yev H\u0259rbi Memorial M\u0259zarl\u0131qda d\u0259fn edilib. \u018fvv\u0259lc\u0259 m\u0259rhumla vida m\u0259rasimi ke\u00e7irilib, m\u0259rasimd\u0259 d\u00f6vl\u0259t v\u0259 ictimaiyy\u0259t n\u00fcmay\u0259nd\u0259l\u0259ri, o c\u00fcml\u0259d\u0259n Az\u0259rbaycan V\u0259t\u0259n M\u00fcharib\u0259si Veteranlar\u0131 \u0130ctimai Birliyinin (AVMV\u0130B) s\u0259dri F\u00fczuli Rzaquliyevin ba\u015f\u00e7\u0131l\u0131\u011f\u0131 il\u0259 AVMV\u0130B-in bir ne\u00e7\u0259 \u015f\u00f6b\u0259 s\u0259drl\u0259ri v\u0259 m\u00fcharib\u0259 veteranlar\u0131 da i\u015ftirak edib. Birliyin n\u00fcmay\u0259nd\u0259l\u0259ri Az\u0259rbaycan\u0131n Milli Q\u0259hr\u0259man\u0131n\u0131n m\u0259zar\u0131 \u00f6n\u00fcn\u0259 g\u00fcl-\u00e7i\u00e7\u0259k d\u0259st\u0259l\u0259ri d\u00fcz\u0259r\u0259k ruhuna dualar oxuyub, m\u0259rhuma Allahdan r\u0259hm\u0259t dil\u0259yibl\u0259r. Daha sonra \u015eahin Ta\u011f\u0131yevin n\u0259\u015fi Az\u0259rbaycan Respublikas\u0131n\u0131n D\u00f6vl\u0259t Himninin s\u0259dalar\u0131 v\u0259 yayl\u0131m at\u0259\u015fi alt\u0131nda torpa\u011fa tap\u015f\u0131r\u0131l\u0131b. Milli Q\u0259hr\u0259man\u0131n ruhuna dualar oxunub, m\u0259zar\u0131 \u00fcz\u0259rin\u0259 g\u00fcl-\u00e7i\u00e7\u0259k v\u0259 \u0259klill\u0259r qoyulub.<\/p>\n\n\n\n<p>\u018fsl\u0259n \u015eu\u015fadan olan \u015eahin Tal\u0131b o\u011flu Ta\u011f\u0131yev 1949-cu il fevral\u0131n 3-d\u0259 T\u0259rt\u0259r \u015f\u0259h\u0259rind\u0259 anadan olub. 1988-ci ild\u0259 Milli Azadl\u0131q H\u0259r\u0259kat\u0131na qo\u015fulub, 1991-ci ild\u0259 k\u00f6n\u00fcll\u00fc olaraq Qaraba\u011f m\u00fcharib\u0259sind\u0259 i\u015ftirak edib. Leytenant r\u00fctb\u0259sind\u0259 b\u00f6l\u00fck komandiri kimi d\u00f6y\u00fc\u015fl\u0259r\u0259 r\u0259hb\u0259rlik edib, 1992-ci ild\u0259 \u201cQurtulu\u015f\u201d batalyonunun komandiri t\u0259yin olunaraq A\u011fd\u0259r\u0259, T\u0259rt\u0259r v\u0259 \u0259traf istiqam\u0259tl\u0259rd\u0259 ged\u0259n d\u00f6y\u00fc\u015fl\u0259rd\u0259 x\u00fcsusi igidlik n\u00fcmayi\u015f etdirib. \u015eahin Ta\u011f\u0131yev dekabr\u0131n 29-da \u0130sve\u00e7in Malm\u00f6 \u015f\u0259h\u0259rind\u0259 uzun s\u00fcr\u0259n x\u0259st\u0259likd\u0259n sonra v\u0259fat edib, c\u0259naz\u0259si yanvar\u0131n 15-d\u0259 V\u0259t\u0259n\u0259 g\u0259tirilib.<br>Allah r\u0259hm\u0259t etsin!<\/p>\n\n\n\n<p><strong>AVMV\u0130B-in M\u0259tbuat xidm\u0259ti<\/strong><\/p>\n\n\n\n<a href=\"https:\/\/postimg.cc\/bsQbJFzN\" target=\"_blank\"><img decoding=\"async\" src=\"https:\/\/i.postimg.cc\/YqPxdJZg\/Whats-App-Image-2026-01-16-at-19-49-55-(1).jpg\" alt=\"Whats-App-Image-2026-01-16-at-19-49-55-(1)\"><\/a><br><br>\n<a href=\"https:\/\/postimg.cc\/fJxXLgwW\" target=\"_blank\"><img decoding=\"async\" src=\"https:\/\/i.postimg.cc\/TYsctZFb\/Whats-App-Image-2026-01-16-at-19-50-49.jpg\" alt=\"Whats-App-Image-2026-01-16-at-19-50-49\"><\/a><br><br>\n","protected":false},"excerpt":{"rendered":"<p>Yanvar\u0131n 16-da Az\u0259rbaycan\u0131n Milli Q\u0259hr\u0259man\u0131 \u015eahin Ta\u011f\u0131yev H\u0259rbi Memorial M\u0259zarl\u0131qda d\u0259fn edilib. \u018fvv\u0259lc\u0259 m\u0259rhumla vida m\u0259rasimi ke\u00e7irilib, m\u0259rasimd\u0259 d\u00f6vl\u0259t v\u0259 ictimaiyy\u0259t n\u00fcmay\u0259nd\u0259l\u0259ri, o c\u00fcml\u0259d\u0259n<\/p>\n","protected":false},"author":2,"featured_media":103107,"comment_status":"closed","ping_status":"closed","sticky":false,"template":"","format":"standard","meta":{"footnotes":""},"categories":[3],"tags":[],"class_list":["post-103106","post","type-post","status-publish","format-standard","has-post-thumbnail","hentry","category-gundm"],"aioseo_notices":[],"_links":{"self":[{"href":"https:\/\/fedai.az\/index.php?rest_route=\/wp\/v2\/posts\/103106","targetHints":{"allow":["GET"]}}],"collection":[{"href":"https:\/\/fedai.az\/index.php?rest_route=\/wp\/v2\/posts"}],"about":[{"href":"https:\/\/fedai.az\/index.php?rest_route=\/wp\/v2\/types\/post"}],"author":[{"embeddable":true,"href":"https:\/\/fedai.az\/index.php?rest_route=\/wp\/v2\/users\/2"}],"replies":[{"embeddable":true,"href":"https:\/\/fedai.az\/index.php?rest_route=%2Fwp%2Fv2%2Fcomments&post=103106"}],"version-history":[{"count":4,"href":"https:\/\/fedai.az\/index.php?rest_route=\/wp\/v2\/posts\/103106\/revisions"}],"predecessor-version":[{"id":103111,"href":"https:\/\/fedai.az\/index.php?rest_route=\/wp\/v2\/posts\/103106\/revisions\/103111"}],"wp:featuredmedia":[{"embeddable":true,"href":"https:\/\/fedai.az\/index.php?rest_route=\/wp\/v2\/media\/103107"}],"wp:attachment":[{"href":"https:\/\/fedai.az\/index.php?rest_route=%2Fwp%2Fv2%2Fmedia&parent=103106"}],"wp:term":[{"taxonomy":"category","embeddable":true,"href":"https:\/\/fedai.az\/index.php?rest_route=%2Fwp%2Fv2%2Fcategories&post=103106"},{"taxonomy":"post_tag","embeddable":true,"href":"https:\/\/fedai.az\/index.php?rest_route=%2Fwp%2Fv2%2Ftags&post=103106"}],"curies":[{"name":"wp","href":"https:\/\/api.w.org\/{rel}","templated":true}]}}