{"id":103112,"date":"2026-01-19T23:18:16","date_gmt":"2026-01-19T19:18:16","guid":{"rendered":"https:\/\/fedai.az\/?p=103112"},"modified":"2026-01-19T23:18:16","modified_gmt":"2026-01-19T19:18:16","slug":"20-yanvar-bizim-qurur-v%c9%99-huzn-tariximizdir","status":"publish","type":"post","link":"https:\/\/fedai.az\/?p=103112","title":{"rendered":"20 Yanvar bizim q\u00fcrur v\u0259 h\u00fczn tariximizdir"},"content":{"rendered":"\n<p>20 Yanvar 1990-c\u0131 il Az\u0259rbaycan xalq\u0131n\u0131n azadl\u0131q, m\u00fcst\u0259qillik v\u0259 milli l\u0259yaq\u0259t u\u011frunda apard\u0131\u011f\u0131 m\u00fcbariz\u0259nin qanla yaz\u0131lm\u0131\u015f, lakin \u015f\u0259r\u0259fl\u0259 ucald\u0131lm\u0131\u015f s\u0259hif\u0259sidir. H\u0259min gec\u0259 sovet imperiyas\u0131n\u0131n silahl\u0131 q\u00fcvv\u0259l\u0259ri dinc \u0259haliy\u0259 qar\u015f\u0131 amans\u0131zl\u0131q n\u00fcmayi\u015f etdirdi, g\u00fcnahs\u0131z insanlar q\u0259tl\u0259 yetirildi. Lakin bu faci\u0259 Az\u0259rbaycan xalq\u0131n\u0131n irad\u0259sini s\u0131nd\u0131ra bilm\u0259di, \u0259ksin\u0259, milli azadl\u0131q ruhunu daha da g\u00fccl\u0259ndirdi.<\/p>\n\n\n\n<p>20 Yanvar \u015f\u0259hidl\u0259ri \u00f6z canlar\u0131 bahas\u0131na xalq\u0131m\u0131z\u0131n azad ya\u015famaq haqq\u0131n\u0131 b\u00fct\u00fcn d\u00fcnyaya b\u0259yan etdil\u0259r. Onlar\u0131n t\u00f6kd\u00fcy\u00fc qan m\u00fcst\u0259qil Az\u0259rbaycan\u0131n t\u0259m\u0259l da\u015f\u0131na \u00e7evrildi. Bu g\u00fcn biz h\u0259min \u015f\u0259hidl\u0259rin xatir\u0259si qar\u015f\u0131s\u0131nda ba\u015f \u0259yir, onlar\u0131n m\u00fcq\u0259dd\u0259s amal\u0131n\u0131 daim uca tuturuq.<\/p>\n\n\n\n<p>Az\u0259rbaycan V\u0259t\u0259n M\u00fcharib\u0259si Veteranlar\u0131 \u0130ctimai Birliyinin \u00fczvl\u0259ri olaraq biz 20 Yanvar \u015f\u0259hidl\u0259rinin ideallar\u0131na sadiqik. 44 g\u00fcnl\u00fck V\u0259t\u0259n M\u00fcharib\u0259sind\u0259 qazan\u0131lan tarixi Q\u0259l\u0259b\u0259 d\u0259 m\u0259hz bu azadl\u0131q ruhunun, milli irad\u0259nin v\u0259 \u015f\u0259hidl\u0259rimizin biz\u0259 miras qoydu\u011fu m\u00fcbariz\u0259 \u0259zminin davam\u0131d\u0131r. \u015e\u0259hidl\u0259rimizin qan\u0131 yerd\u0259 qalmad\u0131 \u2013 Az\u0259rbaycan \u00f6z \u0259razi b\u00fct\u00f6vl\u00fcy\u00fcn\u00fc b\u0259rpa etdi v\u0259 qalib d\u00f6vl\u0259t kimi tarix\u0259 imza atd\u0131.<\/p>\n\n\n\n<p>20 Yanvar faci\u0259si eyni zamanda xalq\u0131m\u0131z\u0131n birliyinin, m\u0259rdliyinin v\u0259 sars\u0131lmaz ruhunun simvoludur. Bu tarixi unutmaq yox, d\u0259rind\u0259n d\u0259rk etm\u0259k, g\u0259nc n\u0259sill\u0259r\u0259 \u00e7atd\u0131rmaq h\u0259r birimizin v\u0259t\u0259nda\u015fl\u0131q borcudur.<\/p>\n\n\n\n<p>Ulu \u00f6nd\u0259r Heyd\u0259r \u018fliyevin dediyi kimi, <em>\u201c20 Yanvar faci\u0259si Az\u0259rbaycan xalq\u0131n\u0131n q\u0259hr\u0259manl\u0131q salnam\u0259sidir.\u201d<\/em> Bu salnam\u0259 \u0259b\u0259di ya\u015fayacaq.<\/p>\n\n\n\n<p>Allah b\u00fct\u00fcn \u015f\u0259hidl\u0259rimiz\u0259 r\u0259hm\u0259t el\u0259sin. Onlar\u0131n \u0259ziz xatir\u0259si daim q\u0259lbimizd\u0259 ya\u015fayacaq.<\/p>\n\n\n\n<p><strong>F\u00fczuli Rzaquliyev<\/strong><br>Az\u0259rbaycan V\u0259t\u0259n M\u00fcharib\u0259si Veteranlar\u0131<br>\u0130ctimai Birliyinin s\u0259dri<\/p>\n","protected":false},"excerpt":{"rendered":"<p>20 Yanvar 1990-c\u0131 il Az\u0259rbaycan xalq\u0131n\u0131n azadl\u0131q, m\u00fcst\u0259qillik v\u0259 milli l\u0259yaq\u0259t u\u011frunda apard\u0131\u011f\u0131 m\u00fcbariz\u0259nin qanla yaz\u0131lm\u0131\u015f, lakin \u015f\u0259r\u0259fl\u0259 ucald\u0131lm\u0131\u015f s\u0259hif\u0259sidir. H\u0259min gec\u0259 sovet imperiyas\u0131n\u0131n<\/p>\n","protected":false},"author":2,"featured_media":98157,"comment_status":"closed","ping_status":"closed","sticky":false,"template":"","format":"standard","meta":{"footnotes":""},"categories":[3],"tags":[],"class_list":["post-103112","post","type-post","status-publish","format-standard","has-post-thumbnail","hentry","category-gundm"],"aioseo_notices":[],"_links":{"self":[{"href":"https:\/\/fedai.az\/index.php?rest_route=\/wp\/v2\/posts\/103112","targetHints":{"allow":["GET"]}}],"collection":[{"href":"https:\/\/fedai.az\/index.php?rest_route=\/wp\/v2\/posts"}],"about":[{"href":"https:\/\/fedai.az\/index.php?rest_route=\/wp\/v2\/types\/post"}],"author":[{"embeddable":true,"href":"https:\/\/fedai.az\/index.php?rest_route=\/wp\/v2\/users\/2"}],"replies":[{"embeddable":true,"href":"https:\/\/fedai.az\/index.php?rest_route=%2Fwp%2Fv2%2Fcomments&post=103112"}],"version-history":[{"count":1,"href":"https:\/\/fedai.az\/index.php?rest_route=\/wp\/v2\/posts\/103112\/revisions"}],"predecessor-version":[{"id":103113,"href":"https:\/\/fedai.az\/index.php?rest_route=\/wp\/v2\/posts\/103112\/revisions\/103113"}],"wp:featuredmedia":[{"embeddable":true,"href":"https:\/\/fedai.az\/index.php?rest_route=\/wp\/v2\/media\/98157"}],"wp:attachment":[{"href":"https:\/\/fedai.az\/index.php?rest_route=%2Fwp%2Fv2%2Fmedia&parent=103112"}],"wp:term":[{"taxonomy":"category","embeddable":true,"href":"https:\/\/fedai.az\/index.php?rest_route=%2Fwp%2Fv2%2Fcategories&post=103112"},{"taxonomy":"post_tag","embeddable":true,"href":"https:\/\/fedai.az\/index.php?rest_route=%2Fwp%2Fv2%2Ftags&post=103112"}],"curies":[{"name":"wp","href":"https:\/\/api.w.org\/{rel}","templated":true}]}}