{"id":103122,"date":"2026-01-28T20:00:50","date_gmt":"2026-01-28T16:00:50","guid":{"rendered":"https:\/\/fedai.az\/?p=103122"},"modified":"2026-01-28T20:00:50","modified_gmt":"2026-01-28T16:00:50","slug":"xaqani-sirvaninin-900-illik-yubileyi-qeyd-edil%c9%99c%c9%99k-s%c9%99r%c9%99ncam","status":"publish","type":"post","link":"https:\/\/fedai.az\/?p=103122","title":{"rendered":"Xaqani \u015eirvaninin 900 illik yubileyi qeyd edil\u0259c\u0259k\u00a0&#8212; S\u0259r\u0259ncam"},"content":{"rendered":"\n<p><strong>Prezident \u0130lham \u018fliyev&nbsp;B\u00f6y\u00fck Az\u0259rbaycan \u015fairi Xaqani \u015eirvaninin 900 illik yubileyinin qeyd edilm\u0259si haqq\u0131nda S\u0259r\u0259ncam&nbsp;imzalay\u0131b.<\/strong><\/p>\n\n\n\n<p>S\u0259r\u0259ncamda deyilir:<\/p>\n\n\n\n<p>\u201c2026-c\u0131 ild\u0259 b\u00f6y\u00fck Az\u0259rbaycan \u015fairi \u018ffz\u0259l\u0259ddin Xaqani \u015eirvaninin 900 illiyi tamam olur.<\/p>\n\n\n\n<p>Xaqani \u015eirvani Az\u0259rbaycan \u0259d\u0259biyyat\u0131 v\u0259 m\u0259d\u0259niyy\u0259tinin q\u0131z\u0131l d\u00f6vr\u00fcn\u00fcn \u00fcmumb\u0259\u015f\u0259r m\u0259d\u0259niyy\u0259ti x\u0259zin\u0259sin\u0259 b\u0259x\u015f etdiyi n\u0259h\u0259ng simalardand\u0131r. Z\u0259man\u0259sinin \u0259n m\u00fcxt\u0259lif elml\u0259rini d\u0259rind\u0259n bil\u0259n v\u0259 \u015e\u0259rqin \u00e7ox\u0259srlik m\u0259d\u0259ni \u0259n\u0259n\u0259l\u0259ri z\u0259minind\u0259 \u0259z\u0259m\u0259tl\u0259 y\u00fcks\u0259l\u0259n q\u00fcdr\u0259tli s\u00f6z ustas\u0131 \u015feiriyy\u0259tin zirv\u0259sind\u0259 dayanan s\u0259n\u0259t n\u00fcmun\u0259l\u0259rind\u0259n ibar\u0259t z\u0259ngin bir irs qoyub getmi\u015fdir. \u018fdal\u0259t\u0259 \u00e7a\u011f\u0131r\u0131\u015f, m\u00fcbariz\u0259 ruhu v\u0259 \u015f\u0259xsiyy\u0259t azadl\u0131\u011f\u0131, m\u0259n\u0259vi ucal\u0131q, insan l\u0259yaq\u0259ti v\u0259 idrak\u0131n g\u00fcc\u00fcn\u0259 inam bu nadir irsin s\u0259ciyy\u0259vi c\u0259h\u0259tl\u0259ridir. M\u00fct\u0259f\u0259kkir s\u0259n\u0259tkar ictimai-f\u0259ls\u0259fi v\u0259 didaktik-\u0259xlaqi d\u00fc\u015f\u00fcnc\u0259l\u0259rd\u0259n yo\u011frulan, y\u00fcks\u0259k estetik d\u0259y\u0259r\u0259 malik humanist m\u0259zmunlu \u0259s\u0259rl\u0259rind\u0259 sosial-tarixi hadis\u0259l\u0259ri \u00f6z\u00fcn\u0259m\u0259xsus b\u0259diilikl\u0259 m\u0259naland\u0131rm\u0131\u015f v\u0259 bunlardan ibr\u0259t alma\u011f\u0131 t\u00f6vsiy\u0259 etmi\u015fdir. Xaqani yarad\u0131c\u0131l\u0131\u011f\u0131nda parlaq lirik l\u00f6vh\u0259l\u0259rl\u0259 ifad\u0259sini tapan v\u0259t\u0259np\u0259rv\u0259rlik motivl\u0259ri \u015fairin do\u011fma yurda v\u0259 onun g\u00f6z\u0259llikl\u0259rin\u0259 sonsuz sevgisinin dol\u011fun poetik t\u0259zah\u00fcr\u00fcd\u00fcr. \u018fsrinin m\u0259d\u0259ni h\u0259yat\u0131 il\u0259 heyr\u0259tamiz d\u0259r\u0259c\u0259d\u0259 s\u0131x ba\u011fl\u0131 olan Xaqani \u015eirvani klassik \u0259d\u0259biyyata qazand\u0131rd\u0131\u011f\u0131 yenilikl\u0259rl\u0259 b\u00fct\u00f6vl\u00fckd\u0259 Yax\u0131n v\u0259 Orta \u015e\u0259rq xalqlar\u0131n\u0131n \u0259d\u0259bi-f\u0259ls\u0259fi fikrinin inki\u015faf\u0131na q\u00fcvv\u0259tli t\u0259sir g\u00f6st\u0259rmi\u015fdir. Sonrak\u0131 y\u00fczillikl\u0259rin ustad \u015fairl\u0259ri Xaqani d\u00fchas\u0131na h\u0259mi\u015f\u0259 ehtiramla yana\u015fm\u0131\u015f, m\u0259kt\u0259b kimi ondan b\u0259hr\u0259l\u0259nmi\u015fl\u0259r\u201d.<\/p>\n\n\n\n<p><strong>S\u0259r\u0259ncamla Xaqani \u015eirvaninin 900 illik yubileyinin qeyd olunmas\u0131n\u0131 t\u0259min etm\u0259k m\u0259qs\u0259dil\u0259 q\u0259rara al\u0131n\u0131r:<\/strong><\/p>\n\n\n\n<p>&#8212; Az\u0259rbaycan Respublikas\u0131n\u0131n M\u0259d\u0259niyy\u0259t Nazirliyi Az\u0259rbaycan Milli Elml\u0259r Akademiyas\u0131 il\u0259 birlikd\u0259 b\u00f6y\u00fck Az\u0259rbaycan \u015fairi Xaqani \u015eirvaninin 900 illik yubileyin\u0259 h\u0259sr olunmu\u015f t\u0259dbirl\u0259r plan\u0131 haz\u0131rlay\u0131b h\u0259yata ke\u00e7irsin.<\/p>\n\n\n\n<p>&#8212; Az\u0259rbaycan Respublikas\u0131n\u0131n Nazirl\u0259r Kabineti bu S\u0259r\u0259ncamdan ir\u0259li g\u0259l\u0259n m\u0259s\u0259l\u0259l\u0259ri h\u0259ll etsin.<\/p>\n","protected":false},"excerpt":{"rendered":"<p>Prezident \u0130lham \u018fliyev&nbsp;B\u00f6y\u00fck Az\u0259rbaycan \u015fairi Xaqani \u015eirvaninin 900 illik yubileyinin qeyd edilm\u0259si haqq\u0131nda S\u0259r\u0259ncam&nbsp;imzalay\u0131b. S\u0259r\u0259ncamda deyilir: \u201c2026-c\u0131 ild\u0259 b\u00f6y\u00fck Az\u0259rbaycan \u015fairi \u018ffz\u0259l\u0259ddin Xaqani \u015eirvaninin<\/p>\n","protected":false},"author":2,"featured_media":49912,"comment_status":"closed","ping_status":"closed","sticky":false,"template":"","format":"standard","meta":{"footnotes":""},"categories":[3],"tags":[],"class_list":["post-103122","post","type-post","status-publish","format-standard","has-post-thumbnail","hentry","category-gundm"],"aioseo_notices":[],"_links":{"self":[{"href":"https:\/\/fedai.az\/index.php?rest_route=\/wp\/v2\/posts\/103122","targetHints":{"allow":["GET"]}}],"collection":[{"href":"https:\/\/fedai.az\/index.php?rest_route=\/wp\/v2\/posts"}],"about":[{"href":"https:\/\/fedai.az\/index.php?rest_route=\/wp\/v2\/types\/post"}],"author":[{"embeddable":true,"href":"https:\/\/fedai.az\/index.php?rest_route=\/wp\/v2\/users\/2"}],"replies":[{"embeddable":true,"href":"https:\/\/fedai.az\/index.php?rest_route=%2Fwp%2Fv2%2Fcomments&post=103122"}],"version-history":[{"count":1,"href":"https:\/\/fedai.az\/index.php?rest_route=\/wp\/v2\/posts\/103122\/revisions"}],"predecessor-version":[{"id":103123,"href":"https:\/\/fedai.az\/index.php?rest_route=\/wp\/v2\/posts\/103122\/revisions\/103123"}],"wp:featuredmedia":[{"embeddable":true,"href":"https:\/\/fedai.az\/index.php?rest_route=\/wp\/v2\/media\/49912"}],"wp:attachment":[{"href":"https:\/\/fedai.az\/index.php?rest_route=%2Fwp%2Fv2%2Fmedia&parent=103122"}],"wp:term":[{"taxonomy":"category","embeddable":true,"href":"https:\/\/fedai.az\/index.php?rest_route=%2Fwp%2Fv2%2Fcategories&post=103122"},{"taxonomy":"post_tag","embeddable":true,"href":"https:\/\/fedai.az\/index.php?rest_route=%2Fwp%2Fv2%2Ftags&post=103122"}],"curies":[{"name":"wp","href":"https:\/\/api.w.org\/{rel}","templated":true}]}}