{"id":10313,"date":"2020-07-18T00:55:02","date_gmt":"2020-07-17T20:55:02","guid":{"rendered":"http:\/\/fedai.az\/?p=10313"},"modified":"2020-07-18T00:55:08","modified_gmt":"2020-07-17T20:55:08","slug":"xoruzun-gorun%c9%99n-quyrugu-rusiyanin-q%c9%99fil-h%c9%99rbi-t%c9%99limin%c9%99-erm%c9%99nistan-ordusu-da-c%c9%99lb-olunub","status":"publish","type":"post","link":"https:\/\/fedai.az\/?p=10313","title":{"rendered":"Xoruzun g\u00f6r\u00fcn\u0259n quyru\u011fu: Rusiyan\u0131n q\u0259fil h\u0259rbi t\u0259limin\u0259 Erm\u0259nistan ordusu da c\u0259lb olunub"},"content":{"rendered":"\n<p>Rusiyan\u0131n C\u0259nub h\u0259rbi dair\u0259sinin t\u0259liml\u0259rin\u0259 Erm\u0259nistan silahl\u0131 q\u00fcvv\u0259l\u0259ri d\u0259 c\u0259lb olunub.<\/p>\n\n\n\n<p> Erm\u0259nistan M\u00fcdafi\u0259 Nazirliyinin n\u00fcmay\u0259nd\u0259si Arcun Ovanesyan \u00f6z a\u00e7\u0131qlamas\u0131nda fakt\u0131 t\u0259sdiql\u0259yib. Onun s\u00f6zl\u0259rin\u0259 g\u00f6r\u0259, t\u0259liml\u0259r\u0259 tank, artilleriya, motoat\u0131c\u0131 v\u0259 dig\u0259r b\u00f6lm\u0259l\u0259r qat\u0131lacaq.<\/p>\n\n\n\n<p>Bu bar\u0259d\u0259 m\u0259lumat\u0131 Sputnik-Armenia yay\u0131b.<\/p>\n\n\n\n<p>\u201cRusiya g\u00fccl\u00fc ordusu olan b\u00f6y\u00fck d\u00f6vl\u0259tdir. \u0130st\u0259nil\u0259n yoxlaman\u0131 ke\u00e7ir\u0259 bil\u0259r. Erm\u0259nistan da Rusiyan\u0131n burada dislokasiya olunmu\u015f h\u0259rbi bazas\u0131nda birg\u0259 t\u0259lim planla\u015fd\u0131r\u0131blar\u201d.&nbsp;<\/p>\n\n\n\n<p>Qeyd olunub ki, t\u0259liml\u0259r Erm\u0259nistan \u0259razisind\u0259 v\u0259 onun h\u00fcdudlar\u0131ndan k\u0259narda ke\u00e7iril\u0259c\u0259k.<\/p>\n\n\n\n<p>Qeyd ed\u0259k ki, bu g\u00fcn s\u0259h\u0259r Putinin \u0259mri il\u0259 C\u0259nub h\u0259rbi dair\u0259si q\u0259fil yoxlama t\u0259limi ba\u015flan\u0131b. 149 min \u015f\u0259xsi hey\u0259t t\u0259liml\u0259r\u0259 c\u0259lb olunub.<\/p>\n","protected":false},"excerpt":{"rendered":"<p>Rusiyan\u0131n C\u0259nub h\u0259rbi dair\u0259sinin t\u0259liml\u0259rin\u0259 Erm\u0259nistan silahl\u0131 q\u00fcvv\u0259l\u0259ri d\u0259 c\u0259lb olunub. Erm\u0259nistan M\u00fcdafi\u0259 Nazirliyinin n\u00fcmay\u0259nd\u0259si Arcun Ovanesyan \u00f6z a\u00e7\u0131qlamas\u0131nda fakt\u0131 t\u0259sdiql\u0259yib. Onun s\u00f6zl\u0259rin\u0259 g\u00f6r\u0259,<\/p>\n","protected":false},"author":2,"featured_media":10314,"comment_status":"closed","ping_status":"closed","sticky":false,"template":"","format":"standard","meta":{"footnotes":""},"categories":[13],"tags":[],"class_list":["post-10313","post","type-post","status-publish","format-standard","has-post-thumbnail","hentry","category-xarici"],"aioseo_notices":[],"_links":{"self":[{"href":"https:\/\/fedai.az\/index.php?rest_route=\/wp\/v2\/posts\/10313","targetHints":{"allow":["GET"]}}],"collection":[{"href":"https:\/\/fedai.az\/index.php?rest_route=\/wp\/v2\/posts"}],"about":[{"href":"https:\/\/fedai.az\/index.php?rest_route=\/wp\/v2\/types\/post"}],"author":[{"embeddable":true,"href":"https:\/\/fedai.az\/index.php?rest_route=\/wp\/v2\/users\/2"}],"replies":[{"embeddable":true,"href":"https:\/\/fedai.az\/index.php?rest_route=%2Fwp%2Fv2%2Fcomments&post=10313"}],"version-history":[{"count":1,"href":"https:\/\/fedai.az\/index.php?rest_route=\/wp\/v2\/posts\/10313\/revisions"}],"predecessor-version":[{"id":10315,"href":"https:\/\/fedai.az\/index.php?rest_route=\/wp\/v2\/posts\/10313\/revisions\/10315"}],"wp:featuredmedia":[{"embeddable":true,"href":"https:\/\/fedai.az\/index.php?rest_route=\/wp\/v2\/media\/10314"}],"wp:attachment":[{"href":"https:\/\/fedai.az\/index.php?rest_route=%2Fwp%2Fv2%2Fmedia&parent=10313"}],"wp:term":[{"taxonomy":"category","embeddable":true,"href":"https:\/\/fedai.az\/index.php?rest_route=%2Fwp%2Fv2%2Fcategories&post=10313"},{"taxonomy":"post_tag","embeddable":true,"href":"https:\/\/fedai.az\/index.php?rest_route=%2Fwp%2Fv2%2Ftags&post=10313"}],"curies":[{"name":"wp","href":"https:\/\/api.w.org\/{rel}","templated":true}]}}