{"id":10316,"date":"2020-07-18T01:06:27","date_gmt":"2020-07-17T21:06:27","guid":{"rendered":"http:\/\/fedai.az\/?p=10316"},"modified":"2020-07-18T01:06:32","modified_gmt":"2020-07-17T21:06:32","slug":"erm%c9%99nistan-fasizm-v%c9%99-v%c9%99hsilik-az%c9%99rbaycanin-mulki-v%c9%99t%c9%99ndaslarini-h%c9%99d%c9%99f%c9%99-alib-nurit-qrinqer","status":"publish","type":"post","link":"https:\/\/fedai.az\/?p=10316","title":{"rendered":"Erm\u0259nistan, Fa\u015fizm v\u0259 V\u0259h\u015filik Az\u0259rbaycan\u0131n m\u00fclki v\u0259t\u0259nda\u015flar\u0131n\u0131 h\u0259d\u0259f\u0259 al\u0131b &#8212; Nurit Qrinqer"},"content":{"rendered":"\n<p>12 iyul 2020-ci ild\u0259 Erm\u0259nistan n\u00f6vb\u0259ti d\u0259f\u0259 Az\u0259rbaycana qar\u015f\u0131 t\u0259cav\u00fcz akt\u0131 t\u00f6r\u0259tdi.<\/p>\n\n\n\n<p>Erm\u0259nistan silahl\u0131 q\u00fcvv\u0259l\u0259ri Az\u0259rbaycan\u0131n Tovuz rayonunun Dondar Qu\u015f\u00e7u k\u0259ndini h\u0259d\u0259f\u0259 alaraq uzun m\u0259saf\u0259li artilleriyadan istifad\u0259 etm\u0259kl\u0259 Az\u0259rbaycana qar\u015f\u0131 geni\u015f h\u0259rbi \u0259m\u0259liyyata ba\u015flad\u0131. Bu h\u0259r\u0259k\u0259ti il\u0259 Erm\u0259nistan t\u0259cav\u00fczkar v\u0259 terror\u00e7u mahiyy\u0259tini bir daha n\u00fcmayi\u015f etdirdi.<\/p>\n\n\n\n<p>Erm\u0259ni h\u00fccumu beyn\u0259lxalq s\u0259viyy\u0259d\u0259 tan\u0131nan Erm\u0259nistan-Az\u0259rbaycan s\u0259rh\u0259di boyunca, Erm\u0259nistan\u0131n qeyri-qanuni i\u015f\u011fal\u0131 alt\u0131nda olan Qaraba\u011f b\u00f6lg\u0259sind\u0259n xeyli aral\u0131da ba\u015f verdi. H\u00fccumla son ill\u0259r \u0259rzind\u0259 iki \u00f6lk\u0259 aras\u0131nda at\u0259\u015fk\u0259s rejimi \u0259n kobud \u015f\u0259kild\u0259 pozuldu. Bu m\u0259qal\u0259ni yazark\u0259n, Erm\u0259nistan\u0131n son h\u0259rbi t\u0259xribat\u0131 n\u0259tic\u0259sind\u0259 11 az\u0259rbaycanl\u0131 h\u0259rb\u00e7i v\u0259 bir m\u00fclki \u015f\u0259xsin \u00f6ld\u00fcy\u00fcn\u0259 dair m\u0259lumat verildi.<\/p>\n\n\n\n<p>V\u0259ziyy\u0259t g\u0259rgin olaraq qal\u0131r, Erm\u0259nistan ordusu davaml\u0131 olaraq Az\u0259rbaycan\u0131n h\u0259rbi v\u0259 m\u00fclki strukturlar\u0131n\u0131 at\u0259\u015f\u0259 tutur. Qeyd etm\u0259k laz\u0131md\u0131r ki, erm\u0259nil\u0259r h\u0259rbi t\u0259xribata COVID-19 pandemiyas\u0131 \u015f\u0259raitind\u0259 ba\u015flad\u0131lar.<\/p>\n\n\n\n<p>Az\u0259rbaycanla olan s\u0259rh\u0259d\u0259 h\u00fccum etm\u0259kl\u0259 Erm\u0259nistan\u0131n \u00fczv\u00fc oldu\u011fu h\u0259rbi ittifaq Kollektiv T\u0259hl\u00fck\u0259sizlik M\u00fcqavil\u0259si T\u0259\u015fkilat\u0131n\u0131 (KTMT) m\u00fcnaqi\u015f\u0259y\u0259 c\u0259lb etm\u0259k niyy\u0259tind\u0259 oldu\u011fu g\u00f6r\u00fcn\u00fcr.<\/p>\n\n\n\n<p>KTMT, 15 May 1992-ci ild\u0259 M\u00fcst\u0259qil D\u00f6vl\u0259tl\u0259r Birliyin\u0259 daxil olan alt\u0131 postsovet d\u00f6vl\u0259tinin &#8212; Rusiya, Erm\u0259nistan, Qazax\u0131stan, Q\u0131r\u011f\u0131z\u0131stan, Tacikistan v\u0259 \u00d6zb\u0259kistan\u0131n Kollektiv T\u0259hl\u00fck\u0259sizlik M\u00fcqavil\u0259sini imzalad\u0131\u011f\u0131 zaman yaranm\u0131\u015f h\u00f6kum\u0259tl\u0259raras\u0131 h\u0259rbi ittifaqd\u0131r.<\/p>\n\n\n\n<p>M\u0259n Az\u0259rbaycan\u0131n Erm\u0259nistanla t\u0259mas x\u0259ttind\u0259 olmu\u015fam v\u0259 orada v\u0259ziyy\u0259t g\u0259rgindir. Erm\u0259ni silahl\u0131 q\u00fcvv\u0259l\u0259ri barma\u011f\u0131 t\u0259tikd\u0259 davaml\u0131 at\u0259\u015f a\u00e7\u0131r v\u0259 Az\u0259rbaycan ordusuna n\u0259 vaxt h\u00fccum ed\u0259c\u0259yini he\u00e7 kim bilmir.<\/p>\n\n\n\n<p><strong>Az\u0259rbaycan Respublikas\u0131 Xarici \u0130\u015fl\u0259r Nazirliyinin b\u0259yanat\u0131ndan \u00e7\u0131xar\u0131\u015flar:<\/strong><\/p>\n\n\n\n<p><em>&#171;\u0130yulun 12-d\u0259 Erm\u0259nistan silahl\u0131 q\u00fcvv\u0259l\u0259ri a\u011f\u0131r artilleriyadan istifad\u0259 ed\u0259r\u0259k Az\u0259rbaycanla Erm\u0259nistan aras\u0131nda d\u00f6vl\u0259t s\u0259rh\u0259di boyunca Tovuz rayonu istiqam\u0259tind\u0259 m\u00f6vqel\u0259ri \u0259l\u0259 ke\u00e7irm\u0259k \u00fc\u00e7\u00fcn h\u00fccuma ke\u00e7di.&#187;<\/em><\/p>\n\n\n\n<figure class=\"wp-block-image\"><a href=\"https:\/\/newsblaze.com\/wp-content\/uploads\/2020\/07\/screenshot-the-village-of-dondar-gushchu-in-azerbaijans-tovuz-district-targeted-by-armenian-military-forces-700x525.jpg\"><img decoding=\"async\" src=\"https:\/\/newsblaze.com\/wp-content\/uploads\/2020\/07\/screenshot-the-village-of-dondar-gushchu-in-azerbaijans-tovuz-district-targeted-by-armenian-military-forces-700x525.jpg\" alt=\"Screenshot the village of Dondar Gushchu in Azerbaijan's Tovuz district targeted by Armenia.\"\/><\/a><\/figure>\n\n\n\n<p>Erm\u0259ni h\u0259rbi q\u00fcvv\u0259l\u0259rinin h\u0259d\u0259f\u0259 ald\u0131\u011f\u0131 Az\u0259rbaycan\u0131n Tovuz rayonundak\u0131 Dondar Qu\u015f\u00e7u k\u0259ndinin fotosu<\/p>\n\n\n\n<p><em>Az\u0259rbaycan d\u00fc\u015fm\u0259n q\u00fcvv\u0259l\u0259rinin h\u00fccumunun qar\u015f\u0131s\u0131n\u0131 ald\u0131. D\u00f6y\u00fc\u015f zaman\u0131 Az\u0259rbaycan ordusunun d\u00f6rd h\u0259rb\u00e7isi \u015f\u0259hid olub, d\u00f6rd n\u0259f\u0259r is\u0259 yaralan\u0131b.<\/em><\/p>\n\n\n\n<p><em>&#171;Erm\u0259nistan silahl\u0131 q\u00fcvv\u0259l\u0259rinin bu t\u0259xribat\u0131 t\u0259cav\u00fczkar Erm\u0259nistan r\u0259hb\u0259rliyinin b\u00f6lg\u0259d\u0259ki g\u0259rginliyin artmas\u0131na xidm\u0259t ed\u0259n son h\u0259r\u0259k\u0259tl\u0259ri v\u0259 b\u0259yanatlar\u0131n\u0131n davam\u0131 olaraq g\u00f6r\u00fclm\u0259lidir.&#187;<\/em><\/p>\n\n\n\n<p><em>&#171;T\u0259cav\u00fczkar siyas\u0259ti \u00f6lk\u0259nin milli t\u0259hl\u00fck\u0259sizlik strategiyas\u0131nda \u0259ks olunan Erm\u0259nistan, yeni m\u00f6vqel\u0259ri \u0259l\u0259 ke\u00e7irm\u0259k v\u0259 b\u00f6lg\u0259d\u0259ki g\u0259rginliyi art\u0131rmaq m\u0259qs\u0259dini a\u00e7\u0131q \u015f\u0259kild\u0259 n\u00fcmayi\u015f etdirir.&#187;<\/em><\/p>\n\n\n\n<p>Az\u0259rbaycan Erm\u0259nistan\u0131n m\u00fcnaqi\u015f\u0259y\u0259 son qoymas\u0131n\u0131 v\u0259 i\u015f\u011fal\u00e7\u0131 q\u00fcvv\u0259l\u0259rini Az\u0259rbaycan\u0131n beyn\u0259lxalq s\u0259viyy\u0259d\u0259 tan\u0131nan \u0259razil\u0259rind\u0259n \u00e7\u0131xarmas\u0131n\u0131 ist\u0259yir.<\/p>\n\n\n\n<p><em>&#171;Bu erm\u0259ni t\u0259xribat\u0131, AT\u018fT-in Minsk Qrupu h\u0259ms\u0259drl\u0259rinin vasit\u0259\u00e7iliyi il\u0259 Erm\u0259nistan-Az\u0259rbaycan, Da\u011fl\u0131q Qaraba\u011f m\u00fcnaqi\u015f\u0259sinin h\u0259lli il\u0259 ba\u011fl\u0131 apar\u0131lan dan\u0131\u015f\u0131qlar\u0131n mahiyy\u0259tin\u0259 b\u00f6y\u00fck \u015f\u00fcbh\u0259 yarad\u0131r.&#187;<\/em><\/p>\n\n\n\n<p><em>\u201cBeyn\u0259lxalq birliyin Erm\u0259nistan\u0131n t\u0259cav\u00fczkar siyas\u0259tin\u0259 dair m\u00f6vqeyi m\u0259lumdur. V\u0259ziyy\u0259ti g\u0259rginl\u0259\u015fdirm\u0259y\u0259 xidm\u0259t ed\u0259n son t\u0259xribat\u00e7\u0131 h\u0259r\u0259k\u0259tl\u0259r\u0259 g\u00f6r\u0259 Erm\u0259nistan tam m\u0259suliyy\u0259t da\u015f\u0131y\u0131r. &#171;<\/em><\/p>\n\n\n\n<p><em>&#171;Bundan sonra d\u00fc\u015fm\u0259n q\u00fcvv\u0259l\u0259rinin t\u0259xribatlar\u0131n\u0131n qar\u015f\u0131s\u0131 &nbsp;al\u0131nacaqd\u0131r.&#187;<\/em><\/p>\n\n\n\n<p><em>&#171;Allah \u015e\u0259hidl\u0259rimiz\u0259 r\u0259hm\u0259t el\u0259sin&#187;<\/em>.<\/p>\n\n\n\n<figure class=\"wp-block-image\"><a href=\"https:\/\/newsblaze.com\/wp-content\/uploads\/2020\/07\/azerbaijani-kids-hold-the-photo-of-heir-father-killed-in-the-july-2020-armenian-military-hostility-on-azerbaijan.jpg\"><img decoding=\"async\" src=\"https:\/\/newsblaze.com\/wp-content\/uploads\/2020\/07\/azerbaijani-kids-hold-the-photo-of-heir-father-killed-in-the-july-2020-armenian-military-hostility-on-azerbaijan.jpg\" alt=\"Azerbaijani kids hold the photo of heir father, killed in the July 2020 Armenian military hostility on Azerbaijan - Photo provided by the Azerbaijan General Consulate Los Angeles\"\/><\/a><\/figure>\n\n\n\n<p><em>Az\u0259rbaycanl\u0131 u\u015faqlar 2020-ci ilin \u0130yul ay\u0131nda Erm\u0259nistan\u0131n Az\u0259rbaycana qar\u015f\u0131 h\u0259rbi t\u0259xribat\u0131 n\u0259tic\u0259sind\u0259 \u00f6ld\u00fcr\u00fcl\u0259n atalar\u0131n\u0131n \u015f\u0259klini tutub &#8212; Foto Los-Ancelesd\u0259ki Az\u0259rbaycan Ba\u015f Konsullu\u011funa m\u0259xsusdur<\/em><\/p>\n\n\n\n<p><strong>Az\u0259rbaycan Respublikas\u0131 Xarici \u0130\u015fl\u0259r Nazirliyinin M\u0259tbuat Xidm\u0259ti \u0130dar\u0259sinin press-relizind\u0259n \u00e7\u0131xar\u0131\u015flar<\/strong><\/p>\n\n\n\n<p><em>\u201cErm\u0259nistan Silahl\u0131 Q\u00fcvv\u0259l\u0259rinin 12 iyul 2020-ci ild\u0259 Az\u0259rbaycan-Erm\u0259nistan s\u0259rh\u0259di boyunca Tovuz rayonu istiqam\u0259tind\u0259 h\u0259rbi t\u0259xribat\u0131n\u0131n qar\u015f\u0131s\u0131 al\u0131n\u0131b. Erm\u0259ni silahl\u0131 q\u00fcvv\u0259l\u0259rin\u0259 adekvat cavab z\u0259rb\u0259l\u0259ri endirils\u0259 d\u0259, b\u00fct\u00fcn h\u00fccumlar\u0131n qar\u015f\u0131s\u0131 m\u00fcvafiq \u0259ks t\u0259dbirl\u0259rl\u0259 al\u0131nsa da, bu g\u00fcn b\u00f6lg\u0259d\u0259ki v\u0259ziyy\u0259t g\u0259rgin olaraq qalmaqdad\u0131r \u201d.<\/em><\/p>\n\n\n\n<p><em>&#171;Az\u0259rbaycan k\u0259ndl\u0259rini davaml\u0131 at\u0259\u015f\u0259 tutmaqla yana\u015f\u0131, a\u011f\u0131r silahlardan da istifad\u0259 ed\u0259n Erm\u0259nistan silahl\u0131 q\u00fcvv\u0259l\u0259ri iqtisadiyyata, \u0259mlaka v\u0259 infrastruktura da ciddi ziyan vurur.&#187;<\/em><\/p>\n\n\n\n<p><em>\u201c2016-c\u0131 ilin aprel hadis\u0259l\u0259rind\u0259 oldu\u011fu kimi, Erm\u0259nistan yenid\u0259n Az\u0259rbaycan\u0131n s\u0131x m\u0259skunla\u015fd\u0131\u011f\u0131 \u0259razil\u0259ri artilleriya at\u0259\u015fin\u0259 m\u0259ruz qoydu, beyn\u0259lxalq h\u00fcququn b\u00fct\u00fcn fundamental norma v\u0259 prinsipl\u0259rini, o c\u00fcml\u0259d\u0259n beyn\u0259lxalq humanitar h\u00fcquq \u00f6hd\u0259likl\u0259rini kobud \u015f\u0259kild\u0259 pozdu. Bu c\u00fcr h\u0259r\u0259k\u0259tl\u0259rl\u0259 Erm\u0259nistan beyn\u0259lxalq humanitar h\u00fcququ, o c\u00fcml\u0259d\u0259n 1949-cu il Cenevr\u0259 Konvensiyas\u0131na dair \u00f6hd\u0259likl\u0259rini kobud \u015f\u0259kild\u0259 pozur.&#187;<\/em><\/p>\n\n\n\n<p><em>\u201cErm\u0259nistan r\u0259hb\u0259rliyi t\u0259cav\u00fczkar siyas\u0259tini davam etdir\u0259r\u0259k Az\u0259rbaycan\u0131n beyn\u0259lxalq s\u0259viyy\u0259d\u0259 tan\u0131nm\u0131\u015f \u0259razil\u0259rini i\u015f\u011fal etm\u0259l\u0259rinin n\u0259tic\u0259l\u0259rini m\u00f6hk\u0259ml\u0259ndirm\u0259y\u0259 \u00e7al\u0131\u015f\u0131r. Erm\u0259nistan\u0131n \u0259min olsun, bu siyas\u0259t utancvericidir, u\u011fursuzluq v\u0259 \u00f6z\u00fcn\u00fc m\u0259hv etm\u0259kd\u0259n ba\u015fqa bir \u015fey v\u0259d etmir. Erm\u0259nistan r\u0259hb\u0259rliyi h\u0259r\u0259k\u0259tl\u0259rinin c\u0259zas\u0131z qalaca\u011f\u0131n\u0131 d\u00fc\u015f\u00fcnm\u0259m\u0259lidir. H\u0259r bir i\u015f\u011fal hadis\u0259sind\u0259 oldu\u011fu kimi, erm\u0259ni i\u015f\u011fal\u0131 da m\u00fcv\u0259qq\u0259tidir v\u0259 \u00f6lk\u0259 b\u00fct\u00fcn qanunsuz \u0259m\u0259ll\u0259rin\u0259 g\u00f6r\u0259 m\u0259suliyy\u0259t da\u015f\u0131yacaq.&#187;<\/em><\/p>\n\n\n\n<p><em>Az\u0259rbaycan Respublikas\u0131 Prezidentinin Administrasiyas\u0131n\u0131n xarici \u0259laq\u0259l\u0259r \u015f\u00f6b\u0259sinin r\u0259hb\u0259rinin b\u0259yanat\u0131<\/em><\/p>\n\n\n\n<p>Hikm\u0259t Hac\u0131yev Az\u0259rbaycan Respublikas\u0131n\u0131n Prezidenti \u0130lham \u018fliyevin k\u00f6m\u0259k\u00e7isi v\u0259 Prezident Administrasiyas\u0131n\u0131n Xarici siyas\u0259t m\u0259s\u0259l\u0259l\u0259ri \u015f\u00f6b\u0259sinin m\u00fcdiridir.<\/p>\n\n\n\n<p>AZ\u018fRTAC-a verdiyi a\u00e7\u0131qlamada Hac\u0131yev demi\u015fdir:&nbsp;<em>\u201cErm\u0259nistan\u0131n s\u0259rh\u0259d boyu t\u0259xribat\u0131 r\u0259smi \u0130r\u0259van\u0131n m\u00fcnaqi\u015f\u0259nin dan\u0131\u015f\u0131qlar yolu il\u0259 h\u0259llind\u0259 maraql\u0131 olmad\u0131\u011f\u0131n\u0131n daha bir s\u00fcbutudur\u201d.<\/em><\/p>\n\n\n\n<p><em>&#171;Erm\u0259nistan silahl\u0131 q\u00fcvv\u0259l\u0259ri at\u0259\u015fk\u0259s rejimini kobud \u015f\u0259kild\u0259 pozub.&#187;<\/em><\/p>\n\n\n\n<p><em>\u201cAz\u0259rbaycan silahl\u0131 q\u00fcvv\u0259l\u0259ri \u0259m\u0259liyyat \u015f\u0259raitini n\u0259zar\u0259td\u0259 saxlay\u0131r. Erm\u0259nistan t\u0259r\u0259fi he\u00e7 bir \u0259razi \u0259ld\u0259 etm\u0259yib\u201d.<\/em><\/p>\n\n\n\n<p><em>&#171;Az\u0259rbaycan D\u00f6vl\u0259t S\u0259rh\u0259d Xidm\u0259tinin qo\u015funlar\u0131 t\u0259xribatlar\u0131n v\u0259 iki \u00f6lk\u0259 aras\u0131ndak\u0131 s\u0259rh\u0259dd\u0259 g\u0259rginliyin artmas\u0131na s\u0259b\u0259b ola bil\u0259c\u0259k hadis\u0259l\u0259rin qar\u015f\u0131s\u0131n\u0131 almaq \u00fc\u00e7\u00fcn s\u0259rh\u0259din Qazax v\u0259 Tovuz rayonlar\u0131n\u0131n Az\u0259rbaycan t\u0259r\u0259fin\u0259 aid hiss\u0259sin\u0259 yerl\u0259\u015fdirilib.&#187;<\/em><\/p>\n\n\n\n<p><em>&#171;Erm\u0259nistan\u0131n d\u00fc\u015f\u00fcnc\u0259siz olaraq h\u0259yata ke\u00e7irdiyi h\u0259rbi \u0259m\u0259liyyatlar \u00fczv oldu\u011fu &nbsp;h\u0259rbi-siyasi t\u0259\u015fkilatlar\u0131 Erm\u0259nistan-Az\u0259rbaycan m\u00fcnaqi\u015f\u0259sin\u0259 c\u0259lb etm\u0259k m\u0259qs\u0259di g\u00fcd\u00fcr v\u0259 bununla da i\u015f\u011fal\u00e7\u0131 v\u0259 t\u0259cav\u00fczkar kimi m\u0259suliyy\u0259td\u0259n yay\u0131nma\u011fa \u00e7al\u0131\u015f\u0131r.&#187;<\/em><\/p>\n\n\n\n<p><em>&nbsp;&#171;Erm\u0259nistan\u0131n Az\u0259rbaycana t\u0259xmin\u0259n 30 ildir davam ed\u0259n t\u0259cav\u00fcz\u00fc v\u0259 s\u0259rh\u0259d boyu davam ed\u0259n t\u0259xribatlar Erm\u0259nistan\u0131n \u00fczv\u00fc oldu\u011fu h\u0259rbi-siyasi t\u0259\u015fkilatlar\u0131n qanuni s\u0259n\u0259dl\u0259rin\u0259 ziddir.&#187;<\/em><\/p>\n\n\n\n<p><em>\u201cErm\u0259nistan r\u0259hb\u0259rliyi diqq\u0259ti \u00f6lk\u0259nin daxili probleml\u0259rind\u0259n yay\u0131nd\u0131rma\u011fa \u00e7al\u0131\u015f\u0131r. M\u0259qs\u0259d \u00f6lk\u0259l\u0259rinin sosial-iqtisadi probleml\u0259ri v\u0259 COVID-19-un yay\u0131lmas\u0131 &nbsp;fonunda diqq\u0259ti m\u00fcnaqi\u015f\u0259y\u0259 y\u00f6n\u0259ltm\u0259kdir&#187;.<\/em><\/p>\n\n\n\n<p><em>&#171;Erm\u0259nistan r\u0259hb\u0259rliyi m\u00f6vcud v\u0259ziyy\u0259t \u00fc\u00e7\u00fcn tam v\u0259 t\u0259kba\u015f\u0131na m\u0259suliyy\u0259t da\u015f\u0131y\u0131r.&#187;<\/em><\/p>\n\n\n\n<p><strong>Erm\u0259nistan\u0131n Az\u0259rbaycan\u0131n m\u00fclki v\u0259t\u0259nda\u015flar\u0131n\u0131 h\u0259d\u0259f alan \u00f6nc\u0259ki h\u00fccumlar\u0131 bar\u0259d\u0259<\/strong><\/p>\n\n\n\n<p>26 fevral 1992-ci ild\u0259 Erm\u0259nistan s\u0259rh\u0259d boyu v\u0259 t\u0259mas x\u0259ttind\u0259 ya\u015fayan Az\u0259rbaycan v\u0259t\u0259nda\u015flar\u0131n\u0131 v\u0259h\u015fic\u0259sin\u0259 v\u0259 q\u0259sd\u0259n h\u0259d\u0259f se\u00e7di, Az\u0259rbaycan\u0131n Xocal\u0131 \u015f\u0259h\u0259rind\u0259 613 m\u00fclki \u015f\u0259xsi, o c\u00fcml\u0259d\u0259n qad\u0131nlar\u0131, u\u015faqlar\u0131 v\u0259 qocalar\u0131 q\u0259tl\u0259 yetirdi v\u0259 bununla da insanl\u0131\u011fa qar\u015f\u0131 cinay\u0259tl\u0259r t\u00f6r\u0259tdi.<\/p>\n\n\n\n<p>Erm\u0259nistan BMT nizamnam\u0259sini v\u0259 dig\u0259r h\u00fcquqi beyn\u0259lxalq \u00f6hd\u0259likl\u0259ri kobud \u015f\u0259kild\u0259 pozaraq Az\u0259rbaycana qar\u015f\u0131 h\u0259rbi t\u0259cav\u00fcz h\u0259yata ke\u00e7irdi v\u0259 Az\u0259rbaycan\u0131n Da\u011fl\u0131q Qaraba\u011f b\u00f6lg\u0259sini v\u0259 \u0259traf yeddi rayonu i\u015f\u011fal etdi. BMT T\u0259hl\u00fck\u0259sizlik \u015euras\u0131n\u0131n&nbsp;<a href=\"https:\/\/2001-2009.state.gov\/p\/eur\/rls\/or\/13508.htm#822\">822<\/a>,&nbsp;<a href=\"https:\/\/2001-2009.state.gov\/p\/eur\/rls\/or\/13508.htm#822\">853<\/a>,&nbsp;<a href=\"https:\/\/2001-2009.state.gov\/p\/eur\/rls\/or\/13508.htm#874\">874<\/a>&nbsp;v\u0259<a href=\"https:\/\/2001-2009.state.gov\/p\/eur\/rls\/or\/13508.htm#884\">&nbsp;884<\/a>&nbsp;sayl\u0131 q\u0259tnam\u0259l\u0259ri Erm\u0259nistan silahl\u0131 q\u00fcvv\u0259l\u0259rinin Az\u0259rbaycan\u0131n i\u015f\u011fal olunmu\u015f \u0259razil\u0259rind\u0259n tam v\u0259 qeyd-\u015f\u0259rtsiz \u00e7\u0131xar\u0131lmas\u0131n\u0131 t\u0259l\u0259b edir.<\/p>\n\n\n\n<p>2016-c\u0131 ilin aprel ay\u0131nda n\u00f6vb\u0259ti erm\u0259ni t\u0259cav\u00fcz\u00fc n\u0259tic\u0259sind\u0259 6 az\u0259rbaycanl\u0131 m\u00fclki \u015f\u0259xs \u00f6ld\u00fcr\u00fcld\u00fc v\u0259 33 n\u0259f\u0259r yaraland\u0131, onlar erm\u0259ni t\u0259cav\u00fcz\u00fcn\u00fcn qurban\u0131 oldu.<\/p>\n\n\n\n<p><strong>Beyn\u0259lxalq birlik reaksiya verm\u0259lidir<\/strong><\/p>\n\n\n\n<p>Erm\u0259nistan beyn\u0259lxalq ictimaiyy\u0259tin COVID-19 pandemiyas\u0131na qar\u015f\u0131 m\u00fcbariz\u0259 apard\u0131\u011f\u0131 v\u0259 bu hadis\u0259y\u0259 diqq\u0259t yetir\u0259 bilm\u0259diyi bir d\u00f6vrd\u0259 t\u0259xribat\u00e7\u0131 cinay\u0259t\u0259 \u0259l atd\u0131.<\/p>\n\n\n\n<p>Erm\u0259nistan BMT Ba\u015f katibinin COVID-19 s\u0259b\u0259biyl\u0259 qlobal at\u0259\u015fk\u0259s\u0259 dair t\u0259\u015f\u0259bb\u00fcs\u00fcn\u00fc d\u0259st\u0259kl\u0259s\u0259 d\u0259, indiki hadis\u0259 v\u0259 Erm\u0259nistan\u0131n at\u0259\u015fk\u0259si pozmas\u0131 onun &nbsp;riyakarl\u0131\u011f\u0131ndan x\u0259b\u0259r verir.<\/p>\n\n\n\n<p>Erm\u0259nistan\u0131n Az\u0259rbaycanla s\u0259rh\u0259dd\u0259 t\u00f6r\u0259tdiyi t\u0259xribat, \u0130r\u0259van\u0131n Erm\u0259nistan-Az\u0259rbaycan m\u00fcnaqi\u015f\u0259sinin dan\u0131\u015f\u0131qlar yolu il\u0259 h\u0259llind\u0259 maraql\u0131 olmad\u0131\u011f\u0131n\u0131 s\u00fcbut edir.<\/p>\n\n\n\n<p>Az\u0259rbaycan beyn\u0259lxalq ictimaiyy\u0259ti Erm\u0259nistan\u0131n Az\u0259rbaycana qar\u015f\u0131 i\u015f\u011fal\u00e7\u0131l\u0131q siyas\u0259tini v\u0259 s\u0259rh\u0259dd\u0259 davam ed\u0259n t\u0259xribat\u00e7\u0131 h\u0259r\u0259k\u0259tl\u0259rini s\u0259rt \u015f\u0259kild\u0259 pisl\u0259m\u0259y\u0259 \u00e7a\u011f\u0131r\u0131r.<\/p>\n\n\n\n<p>Az\u0259rbaycan beyn\u0259lxalq ictimaiyy\u0259ti az\u0259rbaycanl\u0131 m\u00fclki \u0259halini h\u0259d\u0259f se\u00e7\u0259n erm\u0259ni h\u0259rbi birl\u0259\u015fm\u0259l\u0259rin\u0259 qar\u015f\u0131 v\u0259 az\u0259rbaycanl\u0131 m\u00fclki \u015f\u0259xsl\u0259rin Erm\u0259nistan\u0131n bil\u0259r\u0259kd\u0259n qanl\u0131 t\u0259xribatlar\u0131n\u0131n qurban\u0131 olmas\u0131 il\u0259 ba\u011fl\u0131 q\u0259ti m\u00f6vqe bildirm\u0259y\u0259, h\u0259m\u00e7inin Erm\u0259nistan\u0131n qanunsuz \u0259m\u0259ll\u0259rini q\u0131nama\u011fa \u00e7a\u011f\u0131r\u0131r.<\/p>\n\n\n\n<p><strong>Nurit Greenger \u2013 &#171;M\u0259qal\u0259nin orijinal\u0131&nbsp;<a href=\"https:\/\/newsblaze.com\/world\/eurasia\/armenia-fascism-barbarism-targets-azerbaijani-civilians_166472\/\">NewsBlaze<\/a>-d\u0259 d\u0259rc olunub&#187;<\/strong><\/p>\n\n\n\n<figure class=\"wp-block-image\"><a href=\"https:\/\/img.ednews.net\/uploads\/photo_368241(1)(2)%20(1).jpg\"><img decoding=\"async\" src=\"https:\/\/img.ednews.net\/uploads\/photo_368241(1)(2)%20(1).jpg\" alt=\"\"\/><\/a><\/figure>\n\n\n\n<p><em>Amerikal\u0131 jurnalist v\u0259 publisist&nbsp;Nurit&nbsp;Qrinqer&nbsp;<\/em><em>2006-c\u0131 il Livan m\u00fcharib\u0259si d\u00f6vr\u00fcnd\u0259 x\u00fcsusi m\u00fcxbir olaraq \u00e7al\u0131\u015fan Nurit&nbsp;Qringer aktivist kimi f\u0259aliyy\u0259t g\u00f6st\u0259rib. Nurit y\u0259hudil\u0259rin, \u0130srail, Amerika Birl\u0259\u015fmi\u015f \u015etatlar\u0131 v\u0259 b\u00fct\u00f6vl\u00fckd\u0259 Azad D\u00fcnyan\u0131n m\u00fcdafi\u0259\u00e7isi idi.&nbsp;<\/em><\/p>\n\n\n\n<p>EDNews.net<a><\/a><a><\/a><a><\/a><a><\/a><a><\/a><a><\/a><\/p>\n","protected":false},"excerpt":{"rendered":"<p>12 iyul 2020-ci ild\u0259 Erm\u0259nistan n\u00f6vb\u0259ti d\u0259f\u0259 Az\u0259rbaycana qar\u015f\u0131 t\u0259cav\u00fcz akt\u0131 t\u00f6r\u0259tdi. Erm\u0259nistan silahl\u0131 q\u00fcvv\u0259l\u0259ri Az\u0259rbaycan\u0131n Tovuz rayonunun Dondar Qu\u015f\u00e7u k\u0259ndini h\u0259d\u0259f\u0259 alaraq uzun<\/p>\n","protected":false},"author":2,"featured_media":10317,"comment_status":"closed","ping_status":"closed","sticky":false,"template":"","format":"standard","meta":{"footnotes":""},"categories":[3],"tags":[],"class_list":["post-10316","post","type-post","status-publish","format-standard","has-post-thumbnail","hentry","category-gundm"],"aioseo_notices":[],"_links":{"self":[{"href":"https:\/\/fedai.az\/index.php?rest_route=\/wp\/v2\/posts\/10316","targetHints":{"allow":["GET"]}}],"collection":[{"href":"https:\/\/fedai.az\/index.php?rest_route=\/wp\/v2\/posts"}],"about":[{"href":"https:\/\/fedai.az\/index.php?rest_route=\/wp\/v2\/types\/post"}],"author":[{"embeddable":true,"href":"https:\/\/fedai.az\/index.php?rest_route=\/wp\/v2\/users\/2"}],"replies":[{"embeddable":true,"href":"https:\/\/fedai.az\/index.php?rest_route=%2Fwp%2Fv2%2Fcomments&post=10316"}],"version-history":[{"count":1,"href":"https:\/\/fedai.az\/index.php?rest_route=\/wp\/v2\/posts\/10316\/revisions"}],"predecessor-version":[{"id":10318,"href":"https:\/\/fedai.az\/index.php?rest_route=\/wp\/v2\/posts\/10316\/revisions\/10318"}],"wp:featuredmedia":[{"embeddable":true,"href":"https:\/\/fedai.az\/index.php?rest_route=\/wp\/v2\/media\/10317"}],"wp:attachment":[{"href":"https:\/\/fedai.az\/index.php?rest_route=%2Fwp%2Fv2%2Fmedia&parent=10316"}],"wp:term":[{"taxonomy":"category","embeddable":true,"href":"https:\/\/fedai.az\/index.php?rest_route=%2Fwp%2Fv2%2Fcategories&post=10316"},{"taxonomy":"post_tag","embeddable":true,"href":"https:\/\/fedai.az\/index.php?rest_route=%2Fwp%2Fv2%2Ftags&post=10316"}],"curies":[{"name":"wp","href":"https:\/\/api.w.org\/{rel}","templated":true}]}}