{"id":10319,"date":"2020-07-18T01:12:59","date_gmt":"2020-07-17T21:12:59","guid":{"rendered":"http:\/\/fedai.az\/?p=10319"},"modified":"2020-07-18T01:20:03","modified_gmt":"2020-07-17T21:20:03","slug":"ombudsman-erm%c9%99nil%c9%99rin-t%c9%99xribatlari-il%c9%99-bagli-monitorinql%c9%99rin-n%c9%99tic%c9%99l%c9%99rini-beyn%c9%99lxalq-t%c9%99skilatlara-gond%c9%99rib","status":"publish","type":"post","link":"https:\/\/fedai.az\/?p=10319","title":{"rendered":"Ombudsman erm\u0259nil\u0259rin t\u0259xribatlar\u0131 il\u0259 ba\u011fl\u0131 monitorinql\u0259rin n\u0259tic\u0259l\u0259rini beyn\u0259lxalq t\u0259\u015fkilatlara g\u00f6nd\u0259rib"},"content":{"rendered":"\n<p><strong>\u0130yulun 12-d\u0259 g\u00fcnorta saatlar\u0131ndan ba\u015flayaraq Erm\u0259nistan silahl\u0131 q\u00fcvv\u0259l\u0259rinin b\u00f6lm\u0259l\u0259ri at\u0259\u015fk\u0259s rejimini kobud \u015f\u0259kild\u0259 pozaraq \u00f6lk\u0259mizin Erm\u0259nistanla s\u0259rh\u0259dind\u0259 yerl\u0259\u015f\u0259n Tovuz rayonu istiqam\u0259tind\u0259 Az\u0259rbaycan silahl\u0131 q\u00fcvv\u0259l\u0259rinin m\u00f6vqel\u0259rini \u0259l\u0259 ke\u00e7irm\u0259k m\u0259qs\u0259dil\u0259 at\u0259\u015f\u0259 tutub. Az\u0259rbaycan Ordusu d\u00fc\u015fm\u0259nin bu t\u0259xribat c\u0259hdin\u0259 q\u0259tiyy\u0259tli v\u0259 adekvat cavab verib.<\/strong><\/p>\n\n\n\n<p> Az\u0259rbaycan Respublikas\u0131n\u0131n \u0130nsan H\u00fcquqlar\u0131 \u00fczr\u0259 M\u00fcv\u0259kkili (Ombudsman) S\u0259bin\u0259 \u018fliyeva faktlar\u0131 yerind\u0259 ara\u015fd\u0131rmaq, d\u00f6vl\u0259t s\u0259rh\u0259dind\u0259 Erm\u0259nistan\u0131n t\u0259xribat\u00e7\u0131 h\u0259r\u0259k\u0259tl\u0259ri n\u0259tic\u0259sind\u0259 insan h\u00fcquqlar\u0131n\u0131n kobud \u015f\u0259kild\u0259 pozulmas\u0131 il\u0259 m\u00fc\u015fayi\u0259t olunan son hadis\u0259l\u0259rl\u0259 \u0259trafl\u0131 tan\u0131\u015f olmaq m\u0259qs\u0259dil\u0259 Tovuz rayonunun A\u011fdam, Dondar Qu\u015f\u00e7u k\u0259ndl\u0259rin\u0259, o c\u00fcml\u0259d\u0259n Qazax v\u0259 A\u011fstafa rayonlar\u0131na s\u0259f\u0259r ed\u0259r\u0259k monitorinql\u0259r apar\u0131b. Monitorinqin n\u0259tic\u0259l\u0259ri bar\u0259d\u0259 hesabat haz\u0131rlanaraq beyn\u0259lxalq t\u0259\u015fkilatlara g\u00f6nd\u0259rilib.<\/p>\n\n\n\n<figure class=\"wp-block-image size-large is-resized\"><img loading=\"lazy\" decoding=\"async\" src=\"http:\/\/fedai.az\/wp-content\/uploads\/2020\/07\/resize-2.jpg\" alt=\"\" class=\"wp-image-10321\" width=\"579\" height=\"869\" srcset=\"https:\/\/fedai.az\/wp-content\/uploads\/2020\/07\/resize-2.jpg 333w, https:\/\/fedai.az\/wp-content\/uploads\/2020\/07\/resize-2-200x300.jpg 200w, https:\/\/fedai.az\/wp-content\/uploads\/2020\/07\/resize-2-100x150.jpg 100w\" sizes=\"auto, (max-width: 579px) 100vw, 579px\" \/><\/figure>\n\n\n\n<p>Hesabatda qeyd edilib ki, M\u00fcv\u0259kkil s\u0259f\u0259r \u00e7\u0259r\u00e7iv\u0259sind\u0259 Erm\u0259nistan\u0131n t\u0259cav\u00fcz\u00fcn\u0259 m\u0259ruz qalm\u0131\u015f m\u00fclki \u0259hali il\u0259 g\u00f6r\u00fc\u015fl\u0259r ke\u00e7irib, onlar\u0131n probleml\u0259ri il\u0259 maraqlan\u0131b, Erm\u0259nistan\u0131n Az\u0259rbaycanl\u0131 m\u00fclki \u0259haliy\u0259 qar\u015f\u0131 t\u00f6r\u0259tdiyi h\u0259rbi cinay\u0259tl\u0259r, h\u00fcquq pozuntular\u0131 n\u0259tic\u0259sind\u0259 dinc sakinl\u0259rin h\u0259yatlar\u0131na v\u0259 m\u00fclkiyy\u0259tl\u0259rin\u0259 q\u0259sd edilm\u0259si il\u0259 \u0259laq\u0259dar a\u011f\u0131r maddi v\u0259 m\u0259n\u0259vi ziyana m\u0259ruz qalmalar\u0131 faktlar\u0131 m\u00fc\u015fahid\u0259 edilib. Diqq\u0259t\u0259 \u00e7atd\u0131r\u0131l\u0131b ki, monitorinql\u0259r Erm\u0259nistan silahl\u0131 q\u00fcvv\u0259l\u0259ri t\u0259r\u0259find\u0259n a\u011f\u0131r artilleriyadan m\u00fclki obyektl\u0259rimiz\u0259 a\u00e7\u0131lan at\u0259\u015fl\u0259r alt\u0131nda apar\u0131lm\u0131\u015fd\u0131r.<\/p>\n\n\n\n<p>Hesabatda Erm\u0259nistan silahl\u0131 q\u00fcvv\u0259l\u0259rinin Tovuzun A\u011fdam v\u0259&nbsp; Dondar Qu\u015f\u00e7u k\u0259ndl\u0259ri istiqam\u0259tind\u0259 at\u0259\u015fk\u0259s rejimini pozaraq a\u011f\u0131r artilleriya h\u00fccumu n\u0259tic\u0259sind\u0259 k\u0259nd sakinl\u0259rin\u0259 m\u0259xsus evl\u0259r\u0259, dig\u0259r m\u00fclki obyektl\u0259r\u0259 ciddi z\u0259r\u0259r d\u0259ydiyi, ev heyvanlar\u0131n\u0131n t\u0259l\u0259f edildiyi n\u0259z\u0259r\u0259 \u00e7atd\u0131r\u0131l\u0131b. Bununla yana\u015f\u0131, a\u011f\u0131r artilleriya h\u00fccumu n\u0259tic\u0259sind\u0259 76 ya\u015fl\u0131 \u0259lilliyi olan \u015f\u0259xs \u018fzizov \u018fziz \u0130zz\u0259t o\u011flunun evind\u0259 \u015fam yem\u0259yin\u0259 haz\u0131rla\u015fark\u0259n q\u0259tl\u0259 yetirildiyi, ona m\u0259xsus ev v\u0259 dig\u0259r m\u00fclki obyektl\u0259rin da\u011f\u0131d\u0131ld\u0131\u011f\u0131 vur\u011fulan\u0131b. Bildirilib ki, Erm\u0259nistan t\u0259r\u0259finin m\u00fclki obyektl\u0259ri v\u0259 insanlar\u0131 h\u0259d\u0259f almas\u0131 insan h\u00fcquqlar\u0131 sah\u0259sind\u0259 m\u00f6vcud beyn\u0259lxalq s\u0259n\u0259dl\u0259rin, o c\u00fcml\u0259d\u0259n M\u00fcharib\u0259 zaman\u0131 m\u00fclki \u015f\u0259xsl\u0259rin m\u00fcdafi\u0259sin\u0259 dair Cenevr\u0259 Konvensiyas\u0131n\u0131n t\u0259l\u0259bl\u0259rinin kobud pozuntusudur.<\/p>\n\n\n\n<p>Hesabatda, eyni zamanda, Erm\u0259nistan silahl\u0131 q\u00fcvv\u0259l\u0259rinin Tovuz rayon M\u0259rk\u0259zi X\u0259st\u0259xanas\u0131n\u0131 artilleriya at\u0259\u015fin\u0259 m\u0259ruz qoymas\u0131, bu zaman x\u0259st\u0259xanaya z\u0259r\u0259r yetirilm\u0259kl\u0259 b\u0259rab\u0259r, orada \u00e7al\u0131\u015fan tibb personal\u0131na v\u0259 x\u0259st\u0259l\u0259r\u0259 psixoloji sars\u0131nt\u0131 ya\u015fad\u0131lmas\u0131 fakt\u0131 da \u0259ksini tap\u0131b. Qeyd edilib ki, Erm\u0259nistan t\u0259r\u0259finin m\u00fclki x\u0259st\u0259xanan\u0131 h\u0259d\u0259f almas\u0131 M\u00fcharib\u0259 zaman\u0131 m\u00fclki \u015f\u0259xsl\u0259rin m\u00fcdafi\u0259sin\u0259 dair Cenevr\u0259 Konvensiyas\u0131n\u0131n 18-ci madd\u0259sinin kobud pozuntusudur. H\u0259min madd\u0259y\u0259 \u0259sas\u0259n, m\u00fclki x\u0259st\u0259xanalar he\u00e7 bir halda h\u00fccuma m\u0259ruz qalmamal\u0131, \u0259ksin\u0259, h\u0259r zaman m\u00fcnaqi\u015f\u0259 t\u0259r\u0259fl\u0259ri t\u0259r\u0259find\u0259n h\u00f6rm\u0259t edilm\u0259li v\u0259 qorunmal\u0131d\u0131r. Erm\u0259nistan\u0131n bununla bir daha beyn\u0259lxalq h\u00fcquqa a\u00e7\u0131q h\u00f6rm\u0259tsizlik n\u00fcmayi\u015f etdirdiyi qeyd olunub.<\/p>\n\n\n\n<figure class=\"wp-block-image size-large is-resized\"><img loading=\"lazy\" decoding=\"async\" src=\"http:\/\/fedai.az\/wp-content\/uploads\/2020\/07\/\u0437\u0430\u0433\u0440\u0443\u0436\u0435\u043d\u043e-3-1.jpg\" alt=\"\" class=\"wp-image-10327\" width=\"589\" height=\"327\"\/><\/figure>\n\n\n\n<p>Bununla yana\u015f\u0131, M\u00fcv\u0259kkilin M\u00fcdafi\u0259 Nazirliyinin H\u0259rbi Hospital\u0131na ba\u015f \u00e7\u0259k\u0259r\u0259k Erm\u0259nistan qo\u015funlar\u0131n\u0131n Tovuz rayonu istiqam\u0259tind\u0259 t\u0259xribatlar\u0131 v\u0259 a\u011f\u0131r artilleriya h\u00fccumlar\u0131 n\u0259tic\u0259sind\u0259 yaralanan Az\u0259rbaycan Silahl\u0131 Q\u00fcvv\u0259l\u0259rinin h\u0259rbi qulluq\u00e7ular\u0131n\u0131n sa\u011flaml\u0131q v\u0259ziyy\u0259tinin monitorinqini apard\u0131\u011f\u0131 bildirilib.&nbsp;<\/p>\n\n\n\n<p>Hesabatda BMT-nin T\u0259hl\u00fck\u0259sizlik \u015euras\u0131n\u0131n 822, 853, 874 v\u0259 884 sayl\u0131 q\u0259tnam\u0259l\u0259rini yerin\u0259 yetirm\u0259y\u0259n, BMT Ba\u015f Assambleyas\u0131n\u0131n 2006 v\u0259 2008-ci ill\u0259rd\u0259 q\u0259bul olunmu\u015f \u201cAz\u0259rbaycan\u0131n i\u015f\u011fal olunmu\u015f \u0259razil\u0259rind\u0259 v\u0259ziyy\u0259t\u201d adl\u0131 q\u0259tnam\u0259l\u0259rin\u0259, &nbsp;BMT-nin, \u00dcmumd\u00fcnya S\u0259hiyy\u0259 T\u0259\u015fkilat\u0131n\u0131n v\u0259 dig\u0259r n\u00fcfuzlu beyn\u0259lxalq qurumlar\u0131n m\u00f6vcud pandemiya il\u0259 \u0259laq\u0259dar q\u0259bul etdiyi m\u00fcraci\u0259tl\u0259r\u0259, habel\u0259 beyn\u0259lxalq h\u00fcququn &nbsp;norma v\u0259 prinsipl\u0259rin\u0259 m\u0259h\u0259l qoymayan Erm\u0259nistan\u0131n t\u0259cav\u00fczkarl\u0131q v\u0259 i\u015f\u011fal\u00e7\u0131l\u0131q m\u0259qs\u0259dil\u0259 t\u0259xribat\u00e7\u0131 h\u0259r\u0259k\u0259tl\u0259rini davam etdirm\u0259kl\u0259 fundamental insan h\u00fcquqlar\u0131n\u0131, o c\u00fcml\u0259d\u0259n ya\u015famaq h\u00fcququnu kobud \u015f\u0259kild\u0259 pozaraq regionda daha t\u0259hl\u00fck\u0259li v\u0259ziyy\u0259t yaratmas\u0131n\u0131n beyn\u0259lxalq t\u0259\u015fkilatlar v\u0259 s\u00fclhsev\u0259r d\u00f6vl\u0259tl\u0259r t\u0259r\u0259find\u0259n k\u0259skin \u015f\u0259kild\u0259 pisl\u0259nilm\u0259sinin, Erm\u0259nistana qar\u015f\u0131 ciddi sanksiyalar\u0131n t\u0259tbiq edilm\u0259sinin z\u0259ruriliyi q\u0259tiyy\u0259tl\u0259 vur\u011fulan\u0131b.<\/p>\n\n\n\n<figure class=\"wp-block-image size-large is-resized\"><img loading=\"lazy\" decoding=\"async\" src=\"http:\/\/fedai.az\/wp-content\/uploads\/2020\/07\/\u0437\u0430\u0433\u0440\u0443\u0436\u0435\u043d\u043e-1-10.jpg\" alt=\"\" class=\"wp-image-10322\" width=\"582\" height=\"327\"\/><\/figure>\n\n\n\n<p>Qeyd ed\u0259k ki, hesabat BMT-nin Ba\u015f Katibin\u0259, BMT-nin T\u0259hl\u00fck\u0259sizlik \u015euras\u0131na, BMT-nin \u0130nsan H\u00fcquqlar\u0131 \u00fczr\u0259 Ali Komissar\u0131na, BMT-nin Qa\u00e7q\u0131nlar \u00fczr\u0259 Ali Komissar\u0131na, BMT-nin \u0130nsan H\u00fcquqlar\u0131 \u015euras\u0131na, YUN\u0130SEF-in, YUNESKO-nun, Avropa \u0130ttifaq\u0131n\u0131n, Avropa \u015euras\u0131n\u0131n, AT\u018fT-in r\u0259hb\u0259rl\u0259rin\u0259, Beyn\u0259lxalq v\u0259 Avropa Ombudsmanlar \u0130nstitutlar\u0131na, Asiya Ombudsmanlar Assosiasiyas\u0131na, \u0130slam \u018fm\u0259kda\u015fl\u0131q T\u0259\u015fkilat\u0131na v\u0259 bu quruma \u00fczv d\u00f6vl\u0259tl\u0259rin Ombudsmanlar Assosiasiyas\u0131na, \u0130slam \u018fm\u0259kda\u015fl\u0131q T\u0259\u015fkilat\u0131n\u0131n M\u00fcst\u0259qil Daimi \u0130nsan H\u00fcquqlar\u0131 Komissiyas\u0131na, Avropa U\u015faq H\u00fcquqlar\u0131 Ombudsmanlar\u0131 \u015e\u0259b\u0259k\u0259sin\u0259, Beyn\u0259lxalq S\u00fclh B\u00fcrosuna, m\u00fcxt\u0259lif \u00f6lk\u0259l\u0259rin ombudsmanlar\u0131na v\u0259 milli insan h\u00fcquqlar\u0131 institutlar\u0131na, Az\u0259rbaycan Respublikas\u0131n\u0131n xarici \u00f6lk\u0259l\u0259rd\u0259ki v\u0259 xarici \u00f6lk\u0259l\u0259rin respublikam\u0131zdak\u0131 s\u0259firlikl\u0259rin\u0259, Az\u0259rbaycan\u0131n diaspor t\u0259\u015fkilatlar\u0131na g\u00f6nd\u0259rilib.<\/p>\n","protected":false},"excerpt":{"rendered":"<p>\u0130yulun 12-d\u0259 g\u00fcnorta saatlar\u0131ndan ba\u015flayaraq Erm\u0259nistan silahl\u0131 q\u00fcvv\u0259l\u0259rinin b\u00f6lm\u0259l\u0259ri at\u0259\u015fk\u0259s rejimini kobud \u015f\u0259kild\u0259 pozaraq \u00f6lk\u0259mizin Erm\u0259nistanla s\u0259rh\u0259dind\u0259 yerl\u0259\u015f\u0259n Tovuz rayonu istiqam\u0259tind\u0259 Az\u0259rbaycan silahl\u0131 q\u00fcvv\u0259l\u0259rinin<\/p>\n","protected":false},"author":2,"featured_media":0,"comment_status":"closed","ping_status":"closed","sticky":false,"template":"","format":"standard","meta":{"footnotes":""},"categories":[3],"tags":[],"class_list":["post-10319","post","type-post","status-publish","format-standard","hentry","category-gundm"],"aioseo_notices":[],"_links":{"self":[{"href":"https:\/\/fedai.az\/index.php?rest_route=\/wp\/v2\/posts\/10319","targetHints":{"allow":["GET"]}}],"collection":[{"href":"https:\/\/fedai.az\/index.php?rest_route=\/wp\/v2\/posts"}],"about":[{"href":"https:\/\/fedai.az\/index.php?rest_route=\/wp\/v2\/types\/post"}],"author":[{"embeddable":true,"href":"https:\/\/fedai.az\/index.php?rest_route=\/wp\/v2\/users\/2"}],"replies":[{"embeddable":true,"href":"https:\/\/fedai.az\/index.php?rest_route=%2Fwp%2Fv2%2Fcomments&post=10319"}],"version-history":[{"count":3,"href":"https:\/\/fedai.az\/index.php?rest_route=\/wp\/v2\/posts\/10319\/revisions"}],"predecessor-version":[{"id":10328,"href":"https:\/\/fedai.az\/index.php?rest_route=\/wp\/v2\/posts\/10319\/revisions\/10328"}],"wp:attachment":[{"href":"https:\/\/fedai.az\/index.php?rest_route=%2Fwp%2Fv2%2Fmedia&parent=10319"}],"wp:term":[{"taxonomy":"category","embeddable":true,"href":"https:\/\/fedai.az\/index.php?rest_route=%2Fwp%2Fv2%2Fcategories&post=10319"},{"taxonomy":"post_tag","embeddable":true,"href":"https:\/\/fedai.az\/index.php?rest_route=%2Fwp%2Fv2%2Ftags&post=10319"}],"curies":[{"name":"wp","href":"https:\/\/api.w.org\/{rel}","templated":true}]}}