{"id":103198,"date":"2026-03-12T02:31:00","date_gmt":"2026-03-11T22:31:00","guid":{"rendered":"https:\/\/fedai.az\/?p=103198"},"modified":"2026-03-13T02:38:38","modified_gmt":"2026-03-12T22:38:38","slug":"12-mart-daxili-qosunlar-gunudur-v%c9%99t%c9%99n%c9%99-s%c9%99daq%c9%99t-dovl%c9%99t%c9%99-xidm%c9%99t-bizim-andimizdir","status":"publish","type":"post","link":"https:\/\/fedai.az\/?p=103198","title":{"rendered":"12 Mart Daxili Qo\u015funlar G\u00fcn\u00fcd\u00fcr: V\u0259t\u0259n\u0259 s\u0259daq\u0259t, d\u00f6vl\u0259t\u0259 xidm\u0259t bizim and\u0131m\u0131zd\u0131r"},"content":{"rendered":"\n<p>Art\u0131q 34 ildir ki, Az\u0259rbaycan Respublikas\u0131 Daxili \u0130\u015fl\u0259r Nazirliyinin Daxili Qo\u015funlar\u0131 \u00fcz\u0259rin\u0259 d\u00fc\u015f\u0259n v\u0259zif\u0259 v\u0259 tap\u015f\u0131r\u0131qlar\u0131 t\u0259qdir\u0259layiq u\u011furla yerin\u0259 yetirir.Bu g\u00fcn Daxili Qo\u015funlar d\u00f6vl\u0259timiz v\u0259 d\u00f6vl\u0259t\u00e7iliymizin qorunmas\u0131 namin\u0259 \u015f\u0259r\u0259fl\u0259, l\u0259yaq\u0259tl\u0259 m\u00fcbariz\u0259 apararaq , d\u00f6vl\u0259t v\u0259 d\u00f6vl\u0259t\u00e7iliyimizin dahada g\u00fccl\u0259ndirilm\u0259si namin\u0259 f\u0259dakar xidm\u0259tl\u0259rini u\u011furla davam etdirir. 1991-ci ilin dekabr\u0131nda sabiq SSR\u0130 Daxili \u0130\u015fl\u0259r Nazirliyi Daxili Qo\u015funlar\u0131n\u0131n Bak\u0131da yerl\u0259\u015f\u0259n 5-ci diviziyas\u0131 burax\u0131l\u0131b v\u0259 hey\u0259ti 2500 n\u0259f\u0259rd\u0259n ibar\u0259t olan \u00fc\u00e7 h\u0259rbi hiss\u0259 Az\u0259rbaycan Respublikas\u0131 Daxili \u0130\u015fl\u0259r Nazirliyinin tabeliyin\u0259 verilib. H\u0259min vaxtdan Az\u0259rbaycan Daxili Qo\u015funlar\u0131n\u0131n Bil\u0259c\u0259ri q\u0259s\u0259b\u0259sind\u0259 yerl\u0259\u015f\u0259n h\u0259rbi hiss\u0259nin \u0259sas\u0131nda yarad\u0131lmas\u0131na ba\u015flan\u0131b. Daxili Qo\u015funlar\u0131n Az\u0259rbaycan Daxili \u0130\u015fl\u0259r Nazirliyinin m\u00fcst\u0259qil strukturu kimi yaranmas\u0131 v\u0259 formala\u015fmas\u0131 \u00f6lk\u0259mizin \u00e7ox \u00e7\u0259tin bir d\u00f6vr\u00fcn\u0259 t\u0259sad\u00fcf edib. 1992-ci il mart\u0131n 12-d\u0259 Daxili Qo\u015funlar\u0131n Bil\u0259c\u0259ri, Sumqay\u0131t, G\u0259nc\u0259 h\u0259rbi hiss\u0259l\u0259ri erm\u0259ni i\u015f\u011fal\u00e7\u0131lar\u0131na qar\u015f\u0131 d\u00f6y\u00fc\u015fl\u0259r\u0259 ba\u015flay\u0131b, Az\u0259rbaycan\u0131n \u0259razi b\u00fct\u00f6vl\u00fcy\u00fc u\u011frunda A\u011fdam rayonunun Paprav\u0259nd, Qalay\u00e7\u0131lar, Manikli, Ba\u015f G\u00fcneyp\u0259y\u0259, Canyataq, G\u00fclyataq k\u0259ndl\u0259rind\u0259 vuru\u015fublar. D\u00f6y\u00fc\u015fl\u0259rd\u0259 \u00e7avu\u015f H\u0259t\u0259mxan Babayev, leytenant Rafiq \u0130smay\u0131lov, ba\u015f leytenant Ruber S\u0259f\u0259r\u0259liyev,(\u015f\u0259hidlik zirv\u0259sin\u0259 y\u00fcks\u0259lmi\u015f q\u0259hraman qad\u0131nlarm\u0131zdan s\u0131ravi K\u00f6n\u00fcl Q\u0259hramanova,m\u00fclki i\u015fci M\u0259lah\u0259t N\u0259sibova) Daxili Qo\u015funlar\u0131n ilk \u015f\u0259hidl\u0259ri olublar. H\u0259min d\u00f6y\u00fc\u015f g\u00fcn\u00fc r\u0259mzi olaraq Daxili Qo\u015funlar G\u00fcn\u00fc kimi m\u00fc\u0259yy\u0259n edilib. Az\u0259rbaycan\u0131n \u0259razi b\u00fct\u00f6vl\u00fcy\u00fc u\u011frunda d\u00f6y\u00fc\u015fl\u0259rd\u0259 &#8212; Birinci Qaraba\u011f m\u00fcharib\u0259sind\u0259 Daxili Qo\u015funlar\u0131n d\u00f6y\u00fc\u015f\u00e7\u00fcl\u0259ri d\u0259 q\u0259hr\u0259manl\u0131q n\u00fcmun\u0259l\u0259ri g\u00f6st\u0259rib, \u015f\u0259hidl\u0259r veribl\u0259r. D\u00f6y\u00fc\u015f \u0259m\u0259liyyatlar\u0131 apar\u0131lan m\u00fcdd\u0259td\u0259 qo\u015funlar\u0131n \u015f\u0259xsi hey\u0259tind\u0259n 680 n\u0259f\u0259r \u015f\u0259hid olub, 1177 n\u0259f\u0259r yaralan\u0131b, 5 n\u0259f\u0259r itkin d\u00fc\u015f\u00fcb. Birinci Qaraba\u011f m\u00fcharib\u0259sind\u0259 Daxili Qo\u015funlar\u0131n 9 h\u0259rb\u00e7isi (istefada olan polis polkovniki M\u0259mm\u0259dov Sahil \u018fnv\u0259r o\u011flu, \u015f\u0259hid kapitan Arazov \u018fnv\u0259r Tal\u0131\u015f o\u011flu, \u015f\u0259hid ba\u015f leytenat Yahyayev El\u015fad M\u0259mm\u0259dh\u0259nf\u0259 o\u011flu, \u015f\u0259hid ba\u015f- leytenat N\u0259c\u0259fov F\u0259xr\u0259ddin V\u0259ly\u0259ddin o\u011flu, \u015f\u0259hid ba\u015f -leytenat Abdullayev R\u00f6v\u015f\u0259n Abdulh\u00fcseyin o\u011flu, \u015f\u0259hid leytenat Quliyev M\u0259tl\u0259b Kamran o\u011flu, \u015f\u0259hid cavu\u015f Makeyev \u0130qor Vladimirovic, \u015f\u0259hid \u0259sg\u0259r M\u0259h\u0259rr\u0259mov S\u0259xav\u0259t \u018fl\u0259mdar o\u011flu, \u015f\u0259hid \u0259sg\u0259r Muradov Ruslan H\u0259mid o\u011flu) Az\u0259rbaycan\u0131n Milli Q\u0259hraman\u0131 f\u0259xri ad\u0131na layiq g\u00f6r\u00fcl\u00fcb. 1995-ci il mart\u0131n 9-da \u00fcmummilli lider Heyd\u0259r \u018fliyevin imzalad\u0131\u011f\u0131 m\u00fcvafiq F\u0259rmanla Az\u0259rbaycan Daxili Qo\u015funlar\u0131n\u0131n \u00f6lk\u0259mizin m\u00fcst\u0259qilliyi, \u0259razi b\u00fct\u00f6vl\u00fcy\u00fc u\u011frunda erm\u0259ni i\u015f\u011fal\u00e7\u0131lar\u0131na qar\u015f\u0131 d\u00f6y\u00fc\u015f\u0259 ba\u015flad\u0131qlar\u0131 g\u00fcn- mart\u0131n 12-si Daxili Qo\u015funlar G\u00fcn\u00fc elan olunub. Ulu \u00f6nd\u0259r Heyd\u0259r \u018fliyev Daxili Qo\u015funlar\u0131n inki\u015faf\u0131na, m\u00f6hk\u0259ml\u0259nm\u0259sin\u0259 daim diqq\u0259t yetirib. Qo\u015funlar\u0131n formala\u015fmas\u0131nda da \u00dcmummilli Liderimizin misilsiz tarixi xidm\u0259tl\u0259ri olub. Daxili i\u015fl\u0259r orqanlar\u0131n\u0131n ayr\u0131lmaz t\u0259rkib hiss\u0259si olan Daxili Qo\u015funlar \u00f6t\u0259n ill\u0259rd\u0259 \u015f\u0259r\u0259fli yol ke\u00e7ib, ciddi s\u0131naq v\u0259 \u00e7\u0259tinlikl\u0259rd\u0259n d\u0259yan\u0259tl\u0259 \u00e7\u0131xaraq inki\u015faf edib. Bel\u0259 ki,1994-c\u00fc ilin may ay\u0131n\u0131n 12-d\u0259 birinci Qaraba\u011f m\u00fcharib\u0259sinin (1988-1994) at\u0259\u015fk\u0259si elan olundugu tarixd\u0259n etibar\u0259n, \u00fczun m\u00fcdd\u0259tli at\u0259\u015fk\u0259s d\u00f6vr\u00fcnd\u0259 qo\u015funlar\u0131n xidm\u0259ti f\u0259aliyy\u0259ti ictimai t\u0259hl\u00fck\u0259sizliyin t\u0259min edilm\u0259sin\u0259,m\u00fch\u00fcm d\u00f6vl\u0259t obyektl\u0259rinin m\u00fchafiz\u0259sin\u0259, h\u0259rbi qulluq\u00e7ular\u0131n d\u00f6y\u00fc\u015f haz\u0131rl\u0131\u011f\u0131n\u0131n, d\u00f6y\u00fc\u015f t\u0259liminin y\u00fcks\u0259k s\u0259viyy\u0259d\u0259 olmas\u0131na, daxili qo\u015funlarda h\u00fcquqi-normativ s\u0259n\u0259dl\u0259rin v\u0259 maddi -texniki bazan\u0131n yarad\u0131lmas\u0131na y\u00f6n\u0259lib, Daxili Qo\u015funlar\u0131n t\u0259yinatl\u0131 il\u0259 ba\u011fl\u0131 qabaqc\u0131l beyn\u0259lxalq t\u0259cr\u00fcb\u0259 \u00f6yr\u0259nlib. Bir s\u0131ra xarici \u00f6lk\u0259l\u0259rin m\u00fcvafiq qrumlar\u0131 il\u0259 h\u0259rbi \u0259m\u0259kda\u015fl\u0131q \u0259laq\u0259l\u0259ri qurulub,geni\u015f quruculuq i\u015fl\u0259ri apar\u0131l\u0131b. Daxili \u0130\u015fl\u0259r Naziyirliyi Daxili Qo\u015funlar\u0131n Ba\u015f \u0130dar\u0259sinin t\u0259rkibind\u0259 H\u0259rbi \u0130nstitut, t\u0259lim t\u0259dris m\u0259rk\u0259zi v\u0259 helikopter eskadiriyas\u0131 yarad\u0131l\u0131b. Bu g\u00fcn Az\u0259rbaycan Prezidenti, Ali Ba\u015f Komandan \u0130lham \u018fliyev \u00f6lk\u0259nin daxili i\u015fl\u0259r orqanlar\u0131n\u0131n ayr\u0131lmaz hiss\u0259si olan Daxili Qo\u015funlar\u0131n t\u0259kmill\u0259\u015fdirilm\u0259si, pe\u015f\u0259kar haz\u0131rl\u0131\u011f\u0131n\u0131n y\u00fcks\u0259ldilm\u0259si \u00fc\u00e7\u00fcn daim diqq\u0259t v\u0259 qay\u011f\u0131 g\u00f6st\u0259rir. M\u0259hz bu diqq\u0259t v\u0259 qay\u011f\u0131n\u0131n n\u0259tic\u0259sidir ki, bu g\u00fcn Az\u0259rbaycan\u0131n Daxili Qo\u015funlar\u0131 d\u00f6y\u00fc\u015f haz\u0131rl\u0131\u011f\u0131na v\u0259 maddi-texniki bazas\u0131na g\u00f6r\u0259 MDB m\u0259kan\u0131nda \u00f6n s\u0131radad\u0131r. D\u00f6vl\u0259timizin ba\u015f\u00e7\u0131s\u0131 Daxili Qo\u015funlar\u0131n h\u0259rbi hiss\u0259l\u0259rind\u0259 \u0259sg\u0259r v\u0259 qulluq\u00e7ular \u00fc\u00e7\u00fcn yarad\u0131lan \u015f\u0259raitl\u0259 m\u00fct\u0259madi tan\u0131\u015f olur, onlar\u0131n d\u00f6y\u00fc\u015f haz\u0131rl\u0131\u011f\u0131 il\u0259 maraqlan\u0131r. B\u00f6lg\u0259l\u0259rd\u0259 yarad\u0131lan Daxili Qo\u015funlar\u0131n yeni h\u0259rbi hiss\u0259l\u0259rinin t\u0259minat\u0131 da Prezident \u0130lham \u018fliyevin diqq\u0259tind\u0259dir. Son ill\u0259rd\u0259 Daxili Qo\u015funlar\u0131n maddi-texniki bazas\u0131n\u0131n g\u00fccl\u0259ndirilm\u0259si prosesind\u0259 \u015f\u0259xsi hey\u0259tin xidm\u0259t \u015f\u0259raitinin yax\u015f\u0131la\u015fd\u0131r\u0131lmas\u0131 diqq\u0259t m\u0259rk\u0259zind\u0259 saxlan\u0131l\u0131r. Bu m\u0259qs\u0259dl\u0259 h\u0259yata ke\u00e7iril\u0259n t\u0259dbirl\u0259r n\u0259tic\u0259sind\u0259 b\u00fct\u00fcn h\u0259rbi hiss\u0259l\u0259rd\u0259 y\u00fcks\u0259k \u015f\u0259raitin yarad\u0131lmas\u0131 istiqam\u0259tind\u0259 xeyli i\u015f g\u00f6r\u00fcl\u00fcb v\u0259 bu proses indi d\u0259 davam edir. H\u0259rbi hiss\u0259l\u0259rd\u0259 yarad\u0131lan \u015f\u0259rait bir daha g\u00f6st\u0259rir ki, Az\u0259rbaycanda ordu quruculu\u011fu sah\u0259sind\u0259 h\u0259yata ke\u00e7iril\u0259n m\u00fch\u00fcm i\u015fl\u0259r \u00e7\u0259r\u00e7iv\u0259sind\u0259 Daxili \u0130\u015fl\u0259r Nazirliyinin Daxili Qo\u015funlar\u0131n\u0131n maddi-texniki bazas\u0131, kadr potensial\u0131 da \u0259h\u0259miyy\u0259tli d\u0259r\u0259c\u0259d\u0259 m\u00f6hk\u0259ml\u0259nib. Bu g\u00fcn \u0259minlikl\u0259 dem\u0259k olar ki, Daxili Qo\u015funlar qar\u015f\u0131ya qoyulan v\u0259zif\u0259ni y\u00fcks\u0259k pe\u015f\u0259karl\u0131qla yerin\u0259 yetiribl\u0259r. Ali Ba\u015f Komandan\u0131n diqq\u0259ti say\u0259sind\u0259 Daxili Qo\u015funlar\u0131n maddi-texniki bazas\u0131, kazarma-ya\u015fay\u0131\u015f fondunun yax\u015f\u0131la\u015fd\u0131r\u0131lmas\u0131 istiqam\u0259tind\u0259 ard\u0131c\u0131l t\u0259dbirl\u0259r h\u0259yata ke\u00e7irilib, h\u0259rbi hiss\u0259l\u0259r \u0259n y\u00fcks\u0259k beyn\u0259lxalq standartlara uy\u011fun olan texnika, x\u00fcsusi vasit\u0259l\u0259r v\u0259 rabit\u0259 sisteml\u0259ri il\u0259 t\u0259chiz edilib. Bu g\u00fcn Daxili Qo\u015funlara g\u00f6st\u0259ril\u0259n d\u00f6vl\u0259t qay\u011f\u0131s\u0131 \u00f6z\u00fcn\u00fc ist\u0259r pe\u015f\u0259kar kadr haz\u0131rl\u0131\u011f\u0131n\u0131n v\u0259 d\u00f6y\u00fc\u015f qabiliyy\u0259tinin y\u00fcks\u0259ldilm\u0259sind\u0259, ist\u0259r maddi-texniki bazan\u0131n m\u00f6hk\u0259ml\u0259ndirilm\u0259sind\u0259, ist\u0259rs\u0259 d\u0259 yeni h\u0259rbi hiss\u0259l\u0259rin a\u00e7\u0131l\u0131\u015f\u0131nda daha qabar\u0131q \u015f\u0259kild\u0259 g\u00f6st\u0259rir. Qeyd ed\u0259k ki, Prezident \u0130lham \u018fliyevin r\u0259hb\u0259rliyi il\u0259 h\u0259yata ke\u00e7iril\u0259n m\u0259qs\u0259dy\u00f6nl\u00fc siyas\u0259t n\u0259tic\u0259sind\u0259 \u00f6lk\u0259nin ictimai-siyasi, iqtisadi h\u0259yat\u0131nda, ordu quruculu\u011funda b\u00f6y\u00fck u\u011furlar qazan\u0131l\u0131b, daxili i\u015fl\u0259r orqanlar\u0131n\u0131n maddi-texniki bazas\u0131 daha da m\u00f6hk\u0259ml\u0259nib, h\u0259rbi qulluq\u00e7ular\u0131n sosial-m\u0259i\u015f\u0259t \u015f\u0259raiti yax\u015f\u0131la\u015f\u0131b. Son ill\u0259rd\u0259 Daxili Qo\u015funlar \u00fc\u00e7\u00fcn d\u0259 m\u00fcxt\u0259lif t\u0259yinatl\u0131 onlarla obyekt, h\u0259rbi \u015f\u0259h\u0259rcik, o c\u00fcml\u0259d\u0259n h\u0259rbi qulluq\u00e7ular \u00fc\u00e7\u00fcn yeni ya\u015fay\u0131\u015f kompleksl\u0259ri, \u0259sg\u0259r kazarmalar\u0131, m\u00fcasir avadanl\u0131qlarla t\u0259chiz edilmi\u015f tibb m\u0259nt\u0259q\u0259l\u0259ri tikil\u0259r\u0259k istifad\u0259y\u0259 verilib. \u00d6lk\u0259mizd\u0259 m\u00fcst\u0259qilliyin v\u0259 daxili sabitliyin qorunmas\u0131nda x\u00fcsusi xidm\u0259tl\u0259ri olan Daxili Qo\u015funlar\u0131n \u015f\u0259xsi hey\u0259ti ictimai asayi\u015fin v\u0259 ictimai t\u0259hl\u00fck\u0259sizliyin t\u0259min olunmas\u0131nda, cinay\u0259tkarl\u0131\u011fa qar\u015f\u0131 m\u00fcbariz\u0259d\u0259, x\u00fcsusi \u0259m\u0259liyyatlar\u0131n ke\u00e7irilm\u0259sind\u0259 f\u0259al i\u015ftirak\u0131 il\u0259 se\u00e7ilir, y\u00fcks\u0259k pe\u015f\u0259karl\u0131q, d\u00f6y\u00fc\u015f v\u0259 m\u0259n\u0259vi-psixoloji haz\u0131rl\u0131\u011fa malik oldu\u011funu n\u00fcmayi\u015f etdirir. Az\u0259rbaycan Respublikas\u0131n\u0131n Prezidenti, Silahl\u0131 Q\u00fcvv\u0259l\u0259rin M\u00fcz\u0259ff\u0259r Ali Ba\u015f Komandan\u0131 \u0130lham \u018fliyevin 2014-c\u00fc ilin sentyabr 23-d\u0259 Q\u0259b\u0259l\u0259 rayonunda, 2020-ci ilin mart ay\u0131n\u0131n 4-d\u0259 A\u011fstafa rayonunda,2021-ci ilin mart ay\u0131n\u0131n 11-d\u0259 Sabun\u00e7u rayonunda, 2022 ci ilin fevral ay\u0131n\u0131n 14-d\u0259 is\u0259 A\u011fcab\u0259di rayonunda yeni in\u015fa olunan h\u0259rbi \u015f\u0259h\u0259rcikl\u0259rin a\u00e7\u0131l\u0131\u015flar\u0131nda i\u015ftirak\u0131 d\u00f6vl\u0259timizin ba\u015f\u00e7\u0131s\u0131n\u0131n Qo\u015funlar\u0131n maddi-texniki bazas\u0131n\u0131n v\u0259 h\u0259rbi q\u00fcdr\u0259tinin art\u0131r\u0131lmas\u0131na g\u00f6st\u0259rdiyi y\u00fcks\u0259k diqq\u0259t v\u0259 qay\u011f\u0131n\u0131n bariz n\u00fcmun\u0259sidir. Yarad\u0131lan m\u00fck\u0259mm\u0259l \u015f\u0259raitd\u0259n, ali diqq\u0259t v\u0259 qay\u011f\u0131dan b\u0259hr\u0259l\u0259n\u0259n Daxili Qo\u015funlar\u0131n \u015f\u0259xsi hey\u0259ti bu y\u00fcks\u0259k etimad\u0131 \u0130kinci Qaraba\u011f m\u00fcharib\u0259sind\u0259 \u015f\u0259r\u0259fl\u0259 v\u0259 layiqinc\u0259 do\u011frultdu. V\u0259t\u0259n m\u00fcharib\u0259sinin ilk g\u00fcnl\u0259rind\u0259n \u0259z\u0259li torpaqlar\u0131m\u0131z\u0131 i\u015f\u011faldan azad etm\u0259k \u00fc\u00e7\u00fcn \u0259n a\u011f\u0131r d\u00f6y\u00fc\u015fl\u0259r\u0259 qat\u0131lan Daxili Qo\u015funlar\u0131n h\u0259rb\u00e7il\u0259ri misilsiz q\u0259hr\u0259manl\u0131q n\u00fcmun\u0259l\u0259ri g\u00f6st\u0259r\u0259r\u0259k ya\u011f\u0131 d\u00fc\u015fm\u0259nin can\u0131na qorxu sald\u0131lar. Xalq\u0131m\u0131z\u0131n tarixin\u0259 \u0259sl q\u0259hr\u0259manl\u0131q salnam\u0259si kimi daxil olan \u0130kinci Qaraba\u011f m\u00fcharib\u0259sind\u0259 b\u00f6y\u00fck Q\u0259l\u0259b\u0259nin \u0259ld\u0259 olunmas\u0131nda, torpaqlar\u0131m\u0131z\u0131n azad edilm\u0259si u\u011frunda ged\u0259n d\u00f6y\u00fc\u015fl\u0259rd\u0259 Daxili Qo\u015funlar\u0131n 66 h\u0259rb\u00e7isi \u015f\u0259hidlik zirv\u0259sin\u0259 ucald\u0131, 346 n\u0259f\u0259r is\u0259 yaraland\u0131. Daxili Qo\u015funlar\u0131n d\u00f6rd \u0259m\u0259kda\u015f\u0131 (polkovnik Z\u0259f\u0259r Yusibov,polkovnik Fuzuli \u0130mr\u0259liyev, polkovnik- leytenant Nicat B\u0259d\u0259lov,\u015f\u0259hid mayor \u015e\u0131xamir Qaflanov) \u0259n y\u00fcks\u0259k f\u0259xri ada -V\u0259t\u0259n M\u00fcharib\u0259si Q\u0259hr\u0259man\u0131 ad\u0131na layiq g\u00f6r\u00fcld\u00fc.Az\u0259rbaycan Silahl\u0131 Q\u00fcvv\u0259l\u0259rin v\u0259 h\u00fcquq m\u00fchafiz\u0259 orqanlarln\u0131n 19-20 sentyabr 2023-c\u00fc il tarixl\u0259rd\u0259 Az\u0259rbaycan\u0131n Konstitusiya qurlu\u015funun b\u0259rpa edilm\u0259si m\u0259qs\u0259dil\u0259 b\u00f6lg\u0259d\u0259 aparlan lokal xarakterli antiterror t\u0259dbirl\u0259rin kecirilm\u0259si zaman\u0131 Daxili i\u015fl\u0259r nazirliyi Daxili Qo\u015funlar\u0131n h\u0259rbi qulluqcular\u0131 \u00fcz\u0259run\u0259 d\u00fc\u015f\u0259n v\u0259zif\u0259 v\u0259 tap\u015f\u0131r\u0131qlar\u0131n \u00f6ht\u0259sind\u0259n layiqinc\u0259 g\u0259lmi\u015fdir.Antiterror t\u0259dburl\u0259ri zanan\u0131 Daxili Qo\u015funlar\u0131n 12 n\u0259f\u0259r h\u0259rbi qulluqcusu (polkovnik leytenat H\u00fcseynov R\u0259\u015fad R\u0259him o\u011flu,gizur \u018fhm\u0259dov Elvin Q\u0259l\u0259nd\u0259r o\u011flu, gizir R\u0259c\u0259bov Vaquf Yaqub o\u011flu,ba\u015f cavu\u015f H\u00fcseynov Ramin R\u00f6v\u015f\u0259n o\u011flu, \u00e7avu\u015f \u018fliyev Zaur S\u0259di o\u011flu,kicik cavu\u015f Mehtiyev Suleyman M\u0259nsur o\u011flu, \u0259sg\u0259r Babayev Sahil \u015eanbala o\u011flu, \u0259sg\u0259r M\u0259mm\u0259dov Az\u0259r Sulduz o\u011flu, \u0259sg\u0259r N\u0259biyev F\u0259rid Kamran o\u011flu, \u0259sg\u0259r Sad\u0131qov Samir Cabray\u0131l o\u011flu, \u0259sg\u0259r S\u0259m\u0259dov Camal Vuqar o\u011flu, \u0259sg\u0259r V\u0259lizad\u0259 R\u0259\u015fad Rasim o\u011flu ) \u015f\u0259hid olmu\u015fdur. H\u0259lak olan igid o\u011flanlar\u0131n bir \u00e7oxunun q\u0259hr\u0259manl\u0131qlar\u0131, \u015f\u00fcca\u0259ti, qiym\u0259tl\u0259ndir\u0259r\u0259k adlar\u0131 \u0259b\u0259dl\u0259\u015fdirlib.24 m\u0259kt\u0259b, 7 m\u0259hl\u0259 v\u0259 k\u00fc\u00e7\u0259y\u0259, b\u0131r k\u00f6rp\u00fcy\u0259, bir m\u0259d\u0259niyy\u0259t evin\u0259 onlar\u0131n adlar\u0131 verlib. V\u0259t\u0259n m\u00fcharib\u0259sind\u0259 v\u0259 lokal xarakterli antiterror t\u0259dbirl\u0259ri zaman\u0131 Daxili Qo\u015funlar\u0131n \u015f\u0259xsi hey\u0259tinin f\u0259dakarl\u0131\u011f\u0131 bir daha s\u00fcbut etdi ki, Daxili Qo\u015funlar d\u00f6vl\u0259timiz v\u0259 d\u00f6vl\u0259t\u00e7iliyimiz, V\u0259t\u0259n torpa\u011f\u0131n\u0131n h\u0259r qar\u0131\u015f\u0131 u\u011frunda, h\u0259m\u00e7inin ictimai asayi\u015fin qorunmas\u0131 namin\u0259 inamla, \u015f\u0259r\u0259fl\u0259, l\u0259yaq\u0259tl\u0259 m\u00fcbariz\u0259 apar\u0131b v\u0259 aparmaqdad\u0131r. Qeyd ed\u0259k ki, Daxili Qo\u015funlar, h\u0259m\u00e7inin d\u00f6vl\u0259t \u0259h\u0259miyy\u0259tli t\u0259dbirl\u0259rd\u0259, habel\u0259 beyn\u0259lxalq yar\u0131\u015flarda daxili i\u015fl\u0259r orqanlar\u0131n\u0131n m\u00fcvafiq qurumlar\u0131 il\u0259 yana\u015f\u0131, ictimai asayi\u015fin m\u00fchafiz\u0259si v\u0259 ictimai t\u0259hl\u00fck\u0259sizliyin qorunmas\u0131n\u0131n t\u0259min olunmas\u0131nda f\u0259al i\u015ftirak edib. Bel\u0259 ki, Bak\u0131da ke\u00e7irilmi\u015f \u201cEurovision 2012\u201d mahn\u0131 m\u00fcsabiq\u0259sinin, \u201cBak\u0131 2015\u201d I Avropa Oyunlar\u0131n\u0131n, 42-ci \u00dcmumd\u00fcnya \u015eahmat Olimpiadas\u0131n\u0131n, \u201cBak\u0131 2017\u201d IV \u0130slam H\u0259mr\u0259yliyi Oyunlar\u0131n\u0131n, Formula 1 yar\u0131\u015flar\u0131n\u0131n, UEFA Avropa Liqas\u0131n\u0131n final mat\u00e7\u0131n\u0131n Bak\u0131da ke\u00e7irilm\u0259si zaman\u0131 ictimai asayi\u015fin m\u00fchafiz\u0259sini v\u0259 ictimai t\u0259hl\u00fck\u0259sizliyin t\u0259min olunmas\u0131n\u0131 \u0259n y\u00fcks\u0259k s\u0259viyy\u0259d\u0259 yerin\u0259 yetirib. B\u00fct\u00fcn bunlar g\u00f6st\u0259rir ki, ictimai asayi\u015fin qorunmas\u0131 il\u0259 yana\u015f\u0131, torpaqlar\u0131m\u0131z\u0131n azad olunmas\u0131nda da y\u00fcks\u0259k pe\u015f\u0259karl\u0131q g\u00f6st\u0259r\u0259n, m\u00fct\u0259\u015f\u0259kkil v\u0259 \u0259n m\u00fcasir t\u0259l\u0259bl\u0259r\u0259 cavab ver\u0259n Daxili Qo\u015funlar\u0131n \u015f\u0259xsi hey\u0259ti xalqa, d\u00f6vl\u0259t\u0259 v\u0259 Prezident\u0259 s\u0259daq\u0259tl\u0259 xidm\u0259t edir. Prezident,Ali Ba\u015f Komandan \u0130lham \u018fliyev xidm\u0259ti v\u0259zif\u0259l\u0259rini layiqinc\u0259 yerin\u0259 yetir\u0259n h\u0259rbi qulluq\u00e7ular\u0131n m\u00fckafatland\u0131r\u0131lmas\u0131na h\u0259mi\u015f\u0259 x\u00fcsusi diqq\u0259t yetirir. Daxili Qo\u015funlar\u0131n yaranmas\u0131n\u0131n 34-c\u00fc ild\u00f6n\u00fcm\u00fc m\u00fcnasib\u0259til\u0259 Az\u0259rbaycan Respubilkas\u0131n\u0131n Daxili \u0130\u015fl\u0259r Naziri, general- polkovnik Vilay\u0259t Eyvazov v\u0259 Daxili Qo\u015funlar komandan\u0131 general -leytenat \u015eahin M\u0259mm\u0259dov ba\u015fda olmaqla,Daxili Qo\u015funlar\u0131n b\u00fct\u00fcn \u015f\u0259xsi hey\u0259tini, h\u0259m\u00e7inin Daxili Qo\u015funlar\u0131n h\u0259rbi v\u0259zif\u0259l\u0259rini, h\u00f6rm\u0259tli veteranlarm\u0131z\u0131 t\u0259brik edir, h\u0259r birin\u0259 m\u00f6hk\u0259m cansa\u011fl\u0131\u011f\u0131,xo\u015fb\u0259xtlik,ail\u0259 s\u0259ad\u0259ti, Az\u0259rbaycan Raspublikas\u0131na xidm\u0259td\u0259 u\u011furlar arzulay\u0131ram. Pe\u015f\u0259 Bayram\u0131n\u0131z M\u00fcbar\u0259k Olsun!\u2026<\/p>\n\n\n\n<figure class=\"wp-block-image size-large is-resized\"><img loading=\"lazy\" decoding=\"async\" width=\"732\" height=\"1024\" src=\"https:\/\/fedai.az\/wp-content\/uploads\/2026\/03\/f5g7h-732x1024.jpeg\" alt=\"\" class=\"wp-image-103199\" style=\"aspect-ratio:0.7148645766687993;width:115px;height:auto\" srcset=\"https:\/\/fedai.az\/wp-content\/uploads\/2026\/03\/f5g7h-732x1024.jpeg 732w, https:\/\/fedai.az\/wp-content\/uploads\/2026\/03\/f5g7h-214x300.jpeg 214w, https:\/\/fedai.az\/wp-content\/uploads\/2026\/03\/f5g7h-107x150.jpeg 107w, https:\/\/fedai.az\/wp-content\/uploads\/2026\/03\/f5g7h-768x1075.jpeg 768w, https:\/\/fedai.az\/wp-content\/uploads\/2026\/03\/f5g7h-1097x1536.jpeg 1097w, https:\/\/fedai.az\/wp-content\/uploads\/2026\/03\/f5g7h.jpeg 1143w\" sizes=\"auto, (max-width: 732px) 100vw, 732px\" \/><\/figure>\n\n\n\n<p><strong>Az\u0259rbaycan Respublikas\u0131n\u0131n Silahl\u0131 q\u00fcvv\u0259l\u0259ri veteran\u0131 v\u0259 m\u00fcharib\u0259 veteran\u0131,<br>pe\u015f\u0259kar h\u0259rb\u00e7i v\u0259 h\u00fcquq\u015f\u00fcnas<br>Polkovnik Salman Musayev<\/strong><\/p>\n","protected":false},"excerpt":{"rendered":"<p>Art\u0131q 34 ildir ki, Az\u0259rbaycan Respublikas\u0131 Daxili \u0130\u015fl\u0259r Nazirliyinin Daxili Qo\u015funlar\u0131 \u00fcz\u0259rin\u0259 d\u00fc\u015f\u0259n v\u0259zif\u0259 v\u0259 tap\u015f\u0131r\u0131qlar\u0131 t\u0259qdir\u0259layiq u\u011furla yerin\u0259 yetirir.Bu g\u00fcn Daxili Qo\u015funlar d\u00f6vl\u0259timiz<\/p>\n","protected":false},"author":2,"featured_media":103200,"comment_status":"closed","ping_status":"closed","sticky":false,"template":"","format":"standard","meta":{"footnotes":""},"categories":[3],"tags":[],"class_list":["post-103198","post","type-post","status-publish","format-standard","has-post-thumbnail","hentry","category-gundm"],"aioseo_notices":[],"_links":{"self":[{"href":"https:\/\/fedai.az\/index.php?rest_route=\/wp\/v2\/posts\/103198","targetHints":{"allow":["GET"]}}],"collection":[{"href":"https:\/\/fedai.az\/index.php?rest_route=\/wp\/v2\/posts"}],"about":[{"href":"https:\/\/fedai.az\/index.php?rest_route=\/wp\/v2\/types\/post"}],"author":[{"embeddable":true,"href":"https:\/\/fedai.az\/index.php?rest_route=\/wp\/v2\/users\/2"}],"replies":[{"embeddable":true,"href":"https:\/\/fedai.az\/index.php?rest_route=%2Fwp%2Fv2%2Fcomments&post=103198"}],"version-history":[{"count":1,"href":"https:\/\/fedai.az\/index.php?rest_route=\/wp\/v2\/posts\/103198\/revisions"}],"predecessor-version":[{"id":103201,"href":"https:\/\/fedai.az\/index.php?rest_route=\/wp\/v2\/posts\/103198\/revisions\/103201"}],"wp:featuredmedia":[{"embeddable":true,"href":"https:\/\/fedai.az\/index.php?rest_route=\/wp\/v2\/media\/103200"}],"wp:attachment":[{"href":"https:\/\/fedai.az\/index.php?rest_route=%2Fwp%2Fv2%2Fmedia&parent=103198"}],"wp:term":[{"taxonomy":"category","embeddable":true,"href":"https:\/\/fedai.az\/index.php?rest_route=%2Fwp%2Fv2%2Fcategories&post=103198"},{"taxonomy":"post_tag","embeddable":true,"href":"https:\/\/fedai.az\/index.php?rest_route=%2Fwp%2Fv2%2Ftags&post=103198"}],"curies":[{"name":"wp","href":"https:\/\/api.w.org\/{rel}","templated":true}]}}