{"id":103202,"date":"2026-03-13T02:44:11","date_gmt":"2026-03-12T22:44:11","guid":{"rendered":"https:\/\/fedai.az\/?p=103202"},"modified":"2026-03-13T02:45:09","modified_gmt":"2026-03-12T22:45:09","slug":"avmvib-s%c9%99drind%c9%99n-daxili-qosunlar-gunu-munasib%c9%99til%c9%99-t%c9%99brik","status":"publish","type":"post","link":"https:\/\/fedai.az\/?p=103202","title":{"rendered":"AVMV\u0130B s\u0259drind\u0259n Daxili Qo\u015funlar G\u00fcn\u00fc m\u00fcnasib\u0259til\u0259 t\u0259brik"},"content":{"rendered":"\n<p>Daxili Qo\u015funlar\u0131n h\u0259rbi qulluq\u00e7ular\u0131 v\u0259 veteranlar\u0131!<\/p>\n\n\n\n<p>Sizi 12 Mart \u2013 Daxili Qo\u015funlar G\u00fcn\u00fc m\u00fcnasib\u0259til\u0259 Az\u0259rbaycan V\u0259t\u0259n M\u00fcharib\u0259si Veteranlar\u0131 \u0130ctimai Birliyi ad\u0131ndan v\u0259 \u015f\u0259xs\u0259n \u00f6z ad\u0131mdan s\u0259mimi q\u0259lbd\u0259n t\u0259brik edir\u0259m. Az\u0259rbaycan Respublikas\u0131n\u0131n Daxili Qo\u015funlar\u0131 d\u00f6vl\u0259timizin t\u0259hl\u00fck\u0259sizliyinin t\u0259min edilm\u0259sind\u0259, ictimai asayi\u015fin qorunmas\u0131nda, sabitliyin v\u0259 qanunun aliliyinin t\u0259min olunmas\u0131nda m\u00fch\u00fcm rol oynay\u0131r. Bu \u015f\u0259r\u0259fli xidm\u0259t ill\u0259r boyu y\u00fcks\u0259k pe\u015f\u0259karl\u0131q, v\u0259t\u0259np\u0259rv\u0259rlik v\u0259 d\u00f6vl\u0259t\u0259 s\u0259daq\u0259t n\u00fcmun\u0259si il\u0259 yadda qal\u0131b.<\/p>\n\n\n\n<p>Daxili Qo\u015funlar\u0131n \u015f\u0259xsi hey\u0259ti m\u00fcxt\u0259lif d\u00f6vrl\u0259rd\u0259 \u00f6lk\u0259mizin \u0259razi b\u00fct\u00f6vl\u00fcy\u00fc v\u0259 t\u0259hl\u00fck\u0259sizliyi u\u011frunda h\u0259yata ke\u00e7iril\u0259n \u0259m\u0259liyyatlarda b\u00f6y\u00fck \u015f\u00fcca\u0259t v\u0259 q\u0259hr\u0259manl\u0131q g\u00f6st\u0259rmi\u015fdir. X\u00fcsusil\u0259 V\u0259t\u0259n m\u00fcharib\u0259si zaman\u0131 Daxili Qo\u015funlar\u0131n h\u0259rbi qulluq\u00e7ular\u0131 d\u00f6y\u00fc\u015f tap\u015f\u0131r\u0131qlar\u0131n\u0131 layiqinc\u0259 yerin\u0259 yetir\u0259r\u0259k \u015fanl\u0131 q\u0259l\u0259b\u0259mizin qazan\u0131lmas\u0131na \u00f6z t\u00f6hf\u0259l\u0259rini vermi\u015fl\u0259r. Bu g\u00fcn bizim t\u0259\u015fkilat\u0131n s\u0131ralar\u0131nda Daxili Qo\u015funlar\u0131n bir \u00e7ox veteranlar\u0131 da yer almaqdad\u0131r. Eyni zamanda, bu \u0259lam\u0259tdar g\u00fcn m\u00fcnasib\u0259til\u0259 xidm\u0259t zaman\u0131 \u015f\u0259hid olmu\u015f q\u0259hr\u0259man o\u011fullar\u0131m\u0131z\u0131n \u0259ziz xatir\u0259sini d\u0259rin ehtiramla yad edir, onlar\u0131n ail\u0259l\u0259rin\u0259 s\u0259bir dil\u0259yir\u0259m. Qazil\u0259rimiz\u0259 m\u00f6hk\u0259m cansa\u011fl\u0131\u011f\u0131 arzulay\u0131ram. Daxili Qo\u015funlar\u0131n \u015f\u0259xsi hey\u0259ti bundan sonra da Az\u0259rbaycan d\u00f6vl\u0259tin\u0259 v\u0259 xalq\u0131na s\u0259daq\u0259tl\u0259 xidm\u0259t ed\u0259c\u0259k, \u00f6lk\u0259mizin t\u0259hl\u00fck\u0259sizliyinin qorunmas\u0131 istiqam\u0259tind\u0259 \u015f\u0259r\u0259fli missiyas\u0131n\u0131 u\u011furla davam etdir\u0259c\u0259kdir.<\/p>\n\n\n\n<p>Bir daha h\u0259r birinizi bu \u0259lam\u0259tdar g\u00fcn m\u00fcnasib\u0259til\u0259 t\u0259brik edir, siz\u0259 m\u00f6hk\u0259m cansa\u011fl\u0131\u011f\u0131, xidm\u0259tinizd\u0259 u\u011furlar v\u0259 V\u0259t\u0259nimiz namin\u0259 yeni nailiyy\u0259tl\u0259r arzulay\u0131ram.<\/p>\n\n\n\n<p><strong>F\u00fczuli Rzaquliyev<br>Az\u0259rbaycan V\u0259t\u0259n M\u00fcharib\u0259si Veteranlar\u0131 \u0130ctimai Birliyinin (AVMV\u0130B) s\u0259dri<\/strong><\/p>\n","protected":false},"excerpt":{"rendered":"<p>Daxili Qo\u015funlar\u0131n h\u0259rbi qulluq\u00e7ular\u0131 v\u0259 veteranlar\u0131! Sizi 12 Mart \u2013 Daxili Qo\u015funlar G\u00fcn\u00fc m\u00fcnasib\u0259til\u0259 Az\u0259rbaycan V\u0259t\u0259n M\u00fcharib\u0259si Veteranlar\u0131 \u0130ctimai Birliyi ad\u0131ndan v\u0259 \u015f\u0259xs\u0259n \u00f6z<\/p>\n","protected":false},"author":2,"featured_media":98157,"comment_status":"closed","ping_status":"closed","sticky":false,"template":"","format":"standard","meta":{"footnotes":""},"categories":[5],"tags":[],"class_list":["post-103202","post","type-post","status-publish","format-standard","has-post-thumbnail","hentry","category-veteran"],"aioseo_notices":[],"_links":{"self":[{"href":"https:\/\/fedai.az\/index.php?rest_route=\/wp\/v2\/posts\/103202","targetHints":{"allow":["GET"]}}],"collection":[{"href":"https:\/\/fedai.az\/index.php?rest_route=\/wp\/v2\/posts"}],"about":[{"href":"https:\/\/fedai.az\/index.php?rest_route=\/wp\/v2\/types\/post"}],"author":[{"embeddable":true,"href":"https:\/\/fedai.az\/index.php?rest_route=\/wp\/v2\/users\/2"}],"replies":[{"embeddable":true,"href":"https:\/\/fedai.az\/index.php?rest_route=%2Fwp%2Fv2%2Fcomments&post=103202"}],"version-history":[{"count":3,"href":"https:\/\/fedai.az\/index.php?rest_route=\/wp\/v2\/posts\/103202\/revisions"}],"predecessor-version":[{"id":103206,"href":"https:\/\/fedai.az\/index.php?rest_route=\/wp\/v2\/posts\/103202\/revisions\/103206"}],"wp:featuredmedia":[{"embeddable":true,"href":"https:\/\/fedai.az\/index.php?rest_route=\/wp\/v2\/media\/98157"}],"wp:attachment":[{"href":"https:\/\/fedai.az\/index.php?rest_route=%2Fwp%2Fv2%2Fmedia&parent=103202"}],"wp:term":[{"taxonomy":"category","embeddable":true,"href":"https:\/\/fedai.az\/index.php?rest_route=%2Fwp%2Fv2%2Fcategories&post=103202"},{"taxonomy":"post_tag","embeddable":true,"href":"https:\/\/fedai.az\/index.php?rest_route=%2Fwp%2Fv2%2Ftags&post=103202"}],"curies":[{"name":"wp","href":"https:\/\/api.w.org\/{rel}","templated":true}]}}