{"id":103277,"date":"2026-04-26T23:09:07","date_gmt":"2026-04-26T19:09:07","guid":{"rendered":"https:\/\/fedai.az\/?p=103277"},"modified":"2026-04-26T23:11:37","modified_gmt":"2026-04-26T19:11:37","slug":"s%c9%99hid-eliyev-emrullah-vahid-oglunun-anim-gunu-kecirilib","status":"publish","type":"post","link":"https:\/\/fedai.az\/?p=103277","title":{"rendered":"\u015e\u0259hid \u018fliyev \u018fmrullah Vahid o\u011flunun an\u0131m g\u00fcn\u00fc ke\u00e7irilib"},"content":{"rendered":"\n<p>\u015e\u0259hid \u018fliyev \u018fmrullah Vahid o\u011flunun an\u0131m g\u00fcn\u00fc m\u00fcnasib\u0259til\u0259 xatir\u0259 t\u0259dbiri t\u0259\u015fkil olunub.<\/p>\n\n\n\n<p>Az\u0259rbaycan V\u0259t\u0259n M\u00fcharib\u0259si Veteranlar\u0131 \u0130ctimai Birliyinin (AVMV\u0130B) Sabun\u00e7u rayon \u015f\u00f6b\u0259sinin t\u0259\u015f\u0259bb\u00fcs\u00fc v\u0259 AVMV\u0130B-in Ma\u015fta\u011fa \u00f6z\u0259yinin i\u015ftirak\u0131 il\u0259 ke\u00e7iril\u0259n t\u0259dbir \u00e7\u0259r\u00e7iv\u0259sind\u0259 \u015f\u0259hidin \u0259ziz xatir\u0259si d\u0259rin ehtiramla yad edilib, ruhuna dualar oxunub.<\/p>\n\n\n\n<p>T\u0259dbir i\u015ftirak\u00e7\u0131lar\u0131 \u015f\u0259hidin ail\u0259sini ziyar\u0259t ed\u0259r\u0259k onlar\u0131n qay\u011f\u0131lar\u0131 il\u0259 maraqlan\u0131b, m\u0259n\u0259vi d\u0259st\u0259k ifad\u0259 edibl\u0259r. \u00c7\u0131x\u0131\u015flar zaman\u0131 bildirilib ki, V\u0259t\u0259n u\u011frunda can\u0131ndan ke\u00e7\u0259n q\u0259hr\u0259manlar\u0131m\u0131z\u0131n xatir\u0259si h\u0259r zaman uca tutulur v\u0259 onlar\u0131n ail\u0259l\u0259ri daim diqq\u0259t v\u0259 qay\u011f\u0131 il\u0259 \u0259hat\u0259 olunmal\u0131d\u0131r.<\/p>\n\n\n\n<p>Qeyd olunub ki, bel\u0259 t\u0259dbirl\u0259r g\u0259nc n\u0259slin v\u0259t\u0259np\u0259rv\u0259rlik ruhunda t\u0259rbiy\u0259 olunmas\u0131na, \u015f\u0259hidl\u0259rimizin ke\u00e7diyi \u015f\u0259r\u0259fli yolun unudulmamas\u0131na xidm\u0259t edir<\/p>\n\n\n\n<p><strong>AVMV\u0130B-in M\u0259tbuat xidm\u0259ti<\/strong><\/p>\n\n\n\n<a href='https:\/\/postimg.cc\/k65d03f3' target='_blank'><img src='https:\/\/i.postimg.cc\/RF7VnvtF\/Whats-App-Image-2026-04-26-at-22-37-12.jpg' border='0' alt='Whats-App-Image-2026-04-26-at-22-37-12'><\/a>\n","protected":false},"excerpt":{"rendered":"<p>\u015e\u0259hid \u018fliyev \u018fmrullah Vahid o\u011flunun an\u0131m g\u00fcn\u00fc m\u00fcnasib\u0259til\u0259 xatir\u0259 t\u0259dbiri t\u0259\u015fkil olunub. Az\u0259rbaycan V\u0259t\u0259n M\u00fcharib\u0259si Veteranlar\u0131 \u0130ctimai Birliyinin (AVMV\u0130B) Sabun\u00e7u rayon \u015f\u00f6b\u0259sinin t\u0259\u015f\u0259bb\u00fcs\u00fc v\u0259<\/p>\n","protected":false},"author":2,"featured_media":103278,"comment_status":"closed","ping_status":"closed","sticky":false,"template":"","format":"standard","meta":{"footnotes":""},"categories":[5],"tags":[],"class_list":["post-103277","post","type-post","status-publish","format-standard","has-post-thumbnail","hentry","category-veteran"],"aioseo_notices":[],"_links":{"self":[{"href":"https:\/\/fedai.az\/index.php?rest_route=\/wp\/v2\/posts\/103277","targetHints":{"allow":["GET"]}}],"collection":[{"href":"https:\/\/fedai.az\/index.php?rest_route=\/wp\/v2\/posts"}],"about":[{"href":"https:\/\/fedai.az\/index.php?rest_route=\/wp\/v2\/types\/post"}],"author":[{"embeddable":true,"href":"https:\/\/fedai.az\/index.php?rest_route=\/wp\/v2\/users\/2"}],"replies":[{"embeddable":true,"href":"https:\/\/fedai.az\/index.php?rest_route=%2Fwp%2Fv2%2Fcomments&post=103277"}],"version-history":[{"count":2,"href":"https:\/\/fedai.az\/index.php?rest_route=\/wp\/v2\/posts\/103277\/revisions"}],"predecessor-version":[{"id":103280,"href":"https:\/\/fedai.az\/index.php?rest_route=\/wp\/v2\/posts\/103277\/revisions\/103280"}],"wp:featuredmedia":[{"embeddable":true,"href":"https:\/\/fedai.az\/index.php?rest_route=\/wp\/v2\/media\/103278"}],"wp:attachment":[{"href":"https:\/\/fedai.az\/index.php?rest_route=%2Fwp%2Fv2%2Fmedia&parent=103277"}],"wp:term":[{"taxonomy":"category","embeddable":true,"href":"https:\/\/fedai.az\/index.php?rest_route=%2Fwp%2Fv2%2Fcategories&post=103277"},{"taxonomy":"post_tag","embeddable":true,"href":"https:\/\/fedai.az\/index.php?rest_route=%2Fwp%2Fv2%2Ftags&post=103277"}],"curies":[{"name":"wp","href":"https:\/\/api.w.org\/{rel}","templated":true}]}}