{"id":103282,"date":"2026-04-27T14:48:34","date_gmt":"2026-04-27T10:48:34","guid":{"rendered":"https:\/\/fedai.az\/?p=103282"},"modified":"2026-04-27T14:48:34","modified_gmt":"2026-04-27T10:48:34","slug":"prezidentimiz-sulh-v%c9%99-barisiq-ucun-gernika-mukafatina-layiq-goruldu","status":"publish","type":"post","link":"https:\/\/fedai.az\/?p=103282","title":{"rendered":"Prezidentimiz \u201cS\u00fclh v\u0259 Bar\u0131\u015f\u0131q \u00fc\u00e7\u00fcn Gernika m\u00fckafat\u0131\u201dna layiq g\u00f6r\u00fcld\u00fc"},"content":{"rendered":"\n<p>X\u0259b\u0259r verildiyi kimi, Az\u0259rbaycan Respublikas\u0131n\u0131n Prezidenti c\u0259nab \u0130lham \u018fliyev \u201cS\u00fclh v\u0259 Bar\u0131\u015f\u0131q \u00fc\u00e7\u00fcn Gernika m\u00fckafat\u0131\u201dna layiq g\u00f6r\u00fcl\u00fcb. Az\u0259rbaycan V\u0259t\u0259n M\u00fcharib\u0259si Veteranlar\u0131 \u0130ctimai Birliyinin (AVMV\u0130B) r\u0259hb\u0259rliyi c\u0259nab prezident \u0130lham \u018fliyevi bu n\u00fcfuzlu beyn\u0259lxalq m\u00fckafata layiq g\u00f6r\u00fclm\u0259si m\u00fcnasib\u0259til\u0259 t\u0259brik edir.<\/p>\n\n\n\n<p>AVMV\u0130B hesab edir ki, bu ali m\u00fckafat Az\u0259rbaycan Respublikas\u0131n\u0131n Prezidenti c\u0259nab \u0130lham \u018fliyevin regionda s\u00fclh\u00fcn, sabitliyin v\u0259 qar\u015f\u0131l\u0131ql\u0131 anla\u015fman\u0131n t\u0259min olunmas\u0131 istiqam\u0259tind\u0259 h\u0259yata ke\u00e7irdiyi ard\u0131c\u0131l v\u0259 prinsipial siyas\u0259tin beyn\u0259lxalq s\u0259viyy\u0259d\u0259 y\u00fcks\u0259k qiym\u0259tl\u0259ndirilm\u0259sinin bariz g\u00f6st\u0259ricisidir.<\/p>\n\n\n\n<p>Birlik olaraq b\u0259yan edirik ki, Az\u0259rbaycan V\u0259t\u0259n M\u00fcharib\u0259si Veteranlar\u0131 \u0130ctimai Birliyi (AVMV\u0130B) h\u0259r zaman Ali Ba\u015f Komandan\u0131m\u0131z\u0131n \u0259sg\u0259rl\u0259ri kimi onun \u0259traf\u0131nda s\u0131x birl\u0259\u015f\u0259r\u0259k d\u00f6vl\u0259timizin m\u00fcst\u0259qilliyinin, \u0259razi b\u00fct\u00f6vl\u00fcy\u00fcn\u00fcn v\u0259 milli maraqlar\u0131m\u0131z\u0131n qorunmas\u0131 yolunda \u00fcz\u0259rin\u0259 d\u00fc\u015f\u0259n v\u0259zif\u0259l\u0259ri yerin\u0259 yetirmi\u015f v\u0259 bu g\u00fcn d\u0259 eyni \u0259zml\u0259 davam etdirm\u0259kd\u0259dir, bundan sonra da bu \u015f\u0259r\u0259fli missiyan\u0131 d\u00f6vl\u0259t ba\u015f\u00e7\u0131m\u0131z\u0131n r\u0259hb\u0259rliyi alt\u0131nda davam etdir\u0259c\u0259kdir.<\/p>\n\n\n\n<p><strong>AVMV\u0130B-in M\u0259tbuat xidm\u0259ti<\/strong><\/p>\n","protected":false},"excerpt":{"rendered":"<p>X\u0259b\u0259r verildiyi kimi, Az\u0259rbaycan Respublikas\u0131n\u0131n Prezidenti c\u0259nab \u0130lham \u018fliyev \u201cS\u00fclh v\u0259 Bar\u0131\u015f\u0131q \u00fc\u00e7\u00fcn Gernika m\u00fckafat\u0131\u201dna layiq g\u00f6r\u00fcl\u00fcb. Az\u0259rbaycan V\u0259t\u0259n M\u00fcharib\u0259si Veteranlar\u0131 \u0130ctimai Birliyinin (AVMV\u0130B)<\/p>\n","protected":false},"author":2,"featured_media":103012,"comment_status":"closed","ping_status":"closed","sticky":false,"template":"","format":"standard","meta":{"footnotes":""},"categories":[3],"tags":[],"class_list":["post-103282","post","type-post","status-publish","format-standard","has-post-thumbnail","hentry","category-gundm"],"aioseo_notices":[],"_links":{"self":[{"href":"https:\/\/fedai.az\/index.php?rest_route=\/wp\/v2\/posts\/103282","targetHints":{"allow":["GET"]}}],"collection":[{"href":"https:\/\/fedai.az\/index.php?rest_route=\/wp\/v2\/posts"}],"about":[{"href":"https:\/\/fedai.az\/index.php?rest_route=\/wp\/v2\/types\/post"}],"author":[{"embeddable":true,"href":"https:\/\/fedai.az\/index.php?rest_route=\/wp\/v2\/users\/2"}],"replies":[{"embeddable":true,"href":"https:\/\/fedai.az\/index.php?rest_route=%2Fwp%2Fv2%2Fcomments&post=103282"}],"version-history":[{"count":1,"href":"https:\/\/fedai.az\/index.php?rest_route=\/wp\/v2\/posts\/103282\/revisions"}],"predecessor-version":[{"id":103283,"href":"https:\/\/fedai.az\/index.php?rest_route=\/wp\/v2\/posts\/103282\/revisions\/103283"}],"wp:featuredmedia":[{"embeddable":true,"href":"https:\/\/fedai.az\/index.php?rest_route=\/wp\/v2\/media\/103012"}],"wp:attachment":[{"href":"https:\/\/fedai.az\/index.php?rest_route=%2Fwp%2Fv2%2Fmedia&parent=103282"}],"wp:term":[{"taxonomy":"category","embeddable":true,"href":"https:\/\/fedai.az\/index.php?rest_route=%2Fwp%2Fv2%2Fcategories&post=103282"},{"taxonomy":"post_tag","embeddable":true,"href":"https:\/\/fedai.az\/index.php?rest_route=%2Fwp%2Fv2%2Ftags&post=103282"}],"curies":[{"name":"wp","href":"https:\/\/api.w.org\/{rel}","templated":true}]}}