{"id":103284,"date":"2026-04-27T11:22:55","date_gmt":"2026-04-27T07:22:55","guid":{"rendered":"https:\/\/fedai.az\/?p=103284"},"modified":"2026-04-28T11:25:50","modified_gmt":"2026-04-28T07:25:50","slug":"avmvib-tarixi-t%c9%99hrif-ed%c9%99n-yanasmalar-q%c9%99buledilm%c9%99zdir","status":"publish","type":"post","link":"https:\/\/fedai.az\/?p=103284","title":{"rendered":"AVMV\u0130B: Tarixi t\u0259hrif ed\u0259n yana\u015fmalar q\u0259buledilm\u0259zdir"},"content":{"rendered":"\n<p>Nyu-York \u015f\u0259h\u0259rinin yeni se\u00e7ilmi\u015f meri Z\u00f6hran M\u0259mdaninin 1915-ci il hadis\u0259l\u0259ri il\u0259 ba\u011fl\u0131 s\u0259sl\u0259ndirdiyi v\u0259 bu hadis\u0259l\u0259ri Az\u0259rbaycan\u0131n 2023-c\u00fc ild\u0259 \u00f6z \u0259razil\u0259rind\u0259 h\u0259yata ke\u00e7irdiyi t\u0259dbirl\u0259rl\u0259 m\u00fcqayis\u0259 ed\u0259n fikirl\u0259ri Az\u0259rbaycan V\u0259t\u0259n M\u00fcharib\u0259si Veteranlar\u0131 \u0130ctimai Birliyi (AVMV\u0130B) t\u0259r\u0259find\u0259n ciddi narahatl\u0131qla qar\u015f\u0131lanm\u0131\u015fd\u0131r.<\/p>\n\n\n\n<p>AVMV\u0130B hesab edir ki, bu c\u00fcr yana\u015fmalar tarixi reall\u0131qlar\u0131 t\u0259hrif edir v\u0259 f\u0259rqli d\u00f6vrl\u0259r\u0259 aid hadis\u0259l\u0259rin s\u00fcni \u015f\u0259kild\u0259 eynil\u0259\u015fdirilm\u0259sin\u0259 xidm\u0259t edir. Birlik vur\u011fulay\u0131r ki, s\u00f6zd\u0259 \u201cerm\u0259ni soyq\u0131r\u0131m\u0131\u201d iddialar\u0131 uzun ill\u0259rdir siyasi m\u0259qs\u0259dl\u0259rl\u0259 g\u00fcnd\u0259md\u0259 saxlan\u0131lan, tarixi faktlar\u0131n manipulyasiyas\u0131 \u00fcz\u0259rind\u0259 qurulmu\u015f yana\u015fmad\u0131r v\u0259 bu m\u00f6vzu \u0259traf\u0131nda formala\u015fd\u0131r\u0131lan tezisl\u0259r reall\u0131\u011f\u0131 \u0131ks etdirmir, s\u0131rf t\u0259bli\u011fat xarakteri da\u015f\u0131y\u0131r.<\/p>\n\n\n\n<p>AVMV\u0130B bildirir ki, Az\u0259rbaycan Respublikas\u0131n\u0131n 2023-c\u00fc ild\u0259 h\u0259yata ke\u00e7irdiyi t\u0259dbirl\u0259r beyn\u0259lxalq h\u00fcququn norma v\u0259 prinsipl\u0259rin\u0259 uy\u011fun olaraq \u00f6lk\u0259nin suveren \u0259razil\u0259rind\u0259 icra olunmu\u015f, uzun ill\u0259r davam ed\u0259n i\u015f\u011fala son qoyulmas\u0131na y\u00f6n\u0259lmi\u015f tarixi \u0259dal\u0259tin b\u0259rpas\u0131d\u0131r. Bu reall\u0131\u011f\u0131n ba\u015fqa hadis\u0259l\u0259rl\u0259 \u0259laq\u0259l\u0259ndirilm\u0259si v\u0259 f\u0259rqli kontekstd\u0259 t\u0259qdim olunmas\u0131 q\u0259buledilm\u0259zdir.<\/p>\n\n\n\n<p>Birlik hesab edir ki, beyn\u0259lxalq ictimaiyy\u0259t n\u00fcmay\u0259nd\u0259l\u0259ri bu kimi h\u0259ssas m\u00f6vzularda m\u00f6vqe bildir\u0259rk\u0259n daha m\u0259suliyy\u0259tli yana\u015fma s\u0259rgil\u0259m\u0259li, tarixi h\u0259qiq\u0259tl\u0259ri v\u0259 h\u00fcquqi reall\u0131qlar\u0131 n\u0259z\u0259r\u0259 almal\u0131d\u0131rlar.<\/p>\n\n\n\n<p>Az\u0259rbaycan V\u0259t\u0259n M\u00fcharib\u0259si Veteranlar\u0131 \u0130ctimai Birliyi bu m\u0259s\u0259l\u0259 il\u0259 ba\u011fl\u0131 m\u00f6vqeyini a\u00e7\u0131q \u015f\u0259kild\u0259 ifad\u0259 edir v\u0259 qeyd edir ki, tarixi h\u0259qiq\u0259tl\u0259rin t\u0259hrifin\u0259 y\u00f6n\u0259lmi\u015f ist\u0259nil\u0259n c\u0259hdl\u0259r\u0259 qar\u015f\u0131 prinsipial m\u00f6vqe bundan sonra da davam etdiril\u0259c\u0259kdir.<\/p>\n\n\n\n<p><strong>AVMV\u0130B-in M\u0259tbuat xidm\u0259ti<\/strong><\/p>\n","protected":false},"excerpt":{"rendered":"<p>Nyu-York \u015f\u0259h\u0259rinin yeni se\u00e7ilmi\u015f meri Z\u00f6hran M\u0259mdaninin 1915-ci il hadis\u0259l\u0259ri il\u0259 ba\u011fl\u0131 s\u0259sl\u0259ndirdiyi v\u0259 bu hadis\u0259l\u0259ri Az\u0259rbaycan\u0131n 2023-c\u00fc ild\u0259 \u00f6z \u0259razil\u0259rind\u0259 h\u0259yata ke\u00e7irdiyi t\u0259dbirl\u0259rl\u0259<\/p>\n","protected":false},"author":2,"featured_media":98157,"comment_status":"closed","ping_status":"closed","sticky":false,"template":"","format":"standard","meta":{"footnotes":""},"categories":[3],"tags":[],"class_list":["post-103284","post","type-post","status-publish","format-standard","has-post-thumbnail","hentry","category-gundm"],"aioseo_notices":[],"_links":{"self":[{"href":"https:\/\/fedai.az\/index.php?rest_route=\/wp\/v2\/posts\/103284","targetHints":{"allow":["GET"]}}],"collection":[{"href":"https:\/\/fedai.az\/index.php?rest_route=\/wp\/v2\/posts"}],"about":[{"href":"https:\/\/fedai.az\/index.php?rest_route=\/wp\/v2\/types\/post"}],"author":[{"embeddable":true,"href":"https:\/\/fedai.az\/index.php?rest_route=\/wp\/v2\/users\/2"}],"replies":[{"embeddable":true,"href":"https:\/\/fedai.az\/index.php?rest_route=%2Fwp%2Fv2%2Fcomments&post=103284"}],"version-history":[{"count":1,"href":"https:\/\/fedai.az\/index.php?rest_route=\/wp\/v2\/posts\/103284\/revisions"}],"predecessor-version":[{"id":103285,"href":"https:\/\/fedai.az\/index.php?rest_route=\/wp\/v2\/posts\/103284\/revisions\/103285"}],"wp:featuredmedia":[{"embeddable":true,"href":"https:\/\/fedai.az\/index.php?rest_route=\/wp\/v2\/media\/98157"}],"wp:attachment":[{"href":"https:\/\/fedai.az\/index.php?rest_route=%2Fwp%2Fv2%2Fmedia&parent=103284"}],"wp:term":[{"taxonomy":"category","embeddable":true,"href":"https:\/\/fedai.az\/index.php?rest_route=%2Fwp%2Fv2%2Fcategories&post=103284"},{"taxonomy":"post_tag","embeddable":true,"href":"https:\/\/fedai.az\/index.php?rest_route=%2Fwp%2Fv2%2Ftags&post=103284"}],"curies":[{"name":"wp","href":"https:\/\/api.w.org\/{rel}","templated":true}]}}