{"id":103286,"date":"2026-04-28T11:33:26","date_gmt":"2026-04-28T07:33:26","guid":{"rendered":"https:\/\/fedai.az\/?p=103286"},"modified":"2026-04-28T11:34:09","modified_gmt":"2026-04-28T07:34:09","slug":"t%c9%99brik-mayilxan-eliyev-71","status":"publish","type":"post","link":"https:\/\/fedai.az\/?p=103286","title":{"rendered":"T\u0259brik: May\u0131lxan \u018fliyev \u2014 71"},"content":{"rendered":"\n<p><strong>Bu g\u00fcn silahda\u015flar\u0131m\u0131zdan birinin \u2014\u00a0Az\u0259rbaycan V\u0259t\u0259n M\u00fcharib\u0259si Veteranlar\u0131 \u0130ctimai Birliyinin (AVMV\u0130B)\u00a0\u00a0Yard\u0131ml\u0131 rayon \u015f\u00f6b\u0259sinin s\u0259dri, polis v\u0259\u00a0M\u00fcharib\u0259 veteran\u0131\u00a0\u2014\u00a0istefada\u00a0olan\u00a0polis\u00a0mayoru\u00a0\u018fliyev\u00a0May\u0131lxan \u018fzuzula o\u011flunu do\u011fum g\u00fcn\u00fcd\u00fcr. Aprel\u00a0ay\u0131n\u0131n 28-d\u0259 onun 71 ya\u015f\u0131 tamam olur.<\/strong><\/p>\n\n\n\n<p>\u018fliyev May\u0131lxan \u018fzuzula o\u011flu&nbsp; 1955-ci ild\u0259 aprel ay\u0131n\u0131n 28-d\u0259 Az\u0259rbaycan Respublikas\u0131n\u0131n&nbsp;Yard\u0131ml\u0131 rayonun&nbsp;Bilin\u0259&nbsp;k\u0259ndind\u0259 z\u0259hm\u0259tke\u015f&nbsp;ail\u0259d\u0259 anadan olub. Yard\u0131ml\u0131 rayonun&nbsp;V\u0259rg\u0259d\u00fcz k\u0259nd orta m\u0259kt\u0259bi bitrib.<br>1973-1975-ci&nbsp; ill\u0259rd\u0259&nbsp; Sovet Ordusunun&nbsp;Leninqrad \u015f\u0259h\u0259rind\u0259 yerl\u0259\u015f\u0259n h\u0259rbi hiss\u0259l\u0259rin birind\u0259 m\u00fcdd\u0259tli h\u0259qiqi h\u0259rbi xidm\u0259td\u0259 olub.&nbsp;1976-2010-cu&nbsp; il\u0259rd\u0259 Daxili \u0130\u015fl\u0259r Orqanlar\u0131nda Mill\u0259t\u0259, V\u0259t\u0259n\u0259, D\u00f6vlt\u0259 v\u0259 Xalqa s\u0259daq\u0259tl\u0259 xidm\u0259t edib.<\/p>\n\n\n\n<p>May\u0131lxan \u018fliyev&nbsp; Az\u0259rbaycan Respublikas\u0131n\u0131n \u018frazi b\u00fct\u00f6vl\u00fcy\u00fc u\u011frunda ged\u0259n d\u00f6y\u00fc\u015fl\u0259rd\u0259, o\u011flu is\u0259&nbsp; ba\u015f zabit v\u0259zif\u0259sind\u0259&nbsp;44 g\u00fcnl\u00fck V\u0259t\u0259n M\u00fcharib\u0259sind\u0259&nbsp;f\u0259al i\u015ftirak edib .<\/p>\n\n\n\n<p>Xidm\u0259td\u0259 s\u0259m\u0259r\u0259li f\u0259aliy\u0259tin\u0259 g\u00f6r\u0259 Daxili i\u015fl\u0259r naziri v\u0259 onun m\u00fcavinl\u0259rinin, h\u0259rbi hiss\u0259 komandirinin m\u00fcvafiq \u0259mirl\u0259ri il\u0259 bir s\u0131ra medalarla,d\u00f6\u015f ni\u015fanlar\u0131 il\u0259, diplomlarla, f\u0259xti f\u0259rmanlarla v\u0259 qiym\u0259tli h\u0259diyy\u0259l\u0259rl\u0259 m\u00fckafatland\u0131rl\u0131b v\u0259 ona t\u0259\u015f\u0259kkur elan edilib.<\/p>\n\n\n\n<p>Az\u0259rbaycan V\u0259t\u0259n M\u00fcharib\u0259si Veteranlari \u0130ctimai Birliyinin r\u0259hb\u0259rliyi, h\u0259m\u00e7inin d\u00f6y\u00fc\u015f dostlar\u0131 v\u0259 veteranlar May\u0131lxan \u018fliyev\u0259 uzun \u00f6m\u00fcr, cansa\u011fl\u0131\u011f\u0131 arzulay\u0131r.<\/p>\n\n\n\n<p><strong>AVMV\u0130B-in M\u0259tbuat xidm\u0259ti<\/strong><\/p>\n","protected":false},"excerpt":{"rendered":"<p>Bu g\u00fcn silahda\u015flar\u0131m\u0131zdan birinin \u2014\u00a0Az\u0259rbaycan V\u0259t\u0259n M\u00fcharib\u0259si Veteranlar\u0131 \u0130ctimai Birliyinin (AVMV\u0130B)\u00a0\u00a0Yard\u0131ml\u0131 rayon \u015f\u00f6b\u0259sinin s\u0259dri, polis v\u0259\u00a0M\u00fcharib\u0259 veteran\u0131\u00a0\u2014\u00a0istefada\u00a0olan\u00a0polis\u00a0mayoru\u00a0\u018fliyev\u00a0May\u0131lxan \u018fzuzula o\u011flunu do\u011fum g\u00fcn\u00fcd\u00fcr. Aprel\u00a0ay\u0131n\u0131n 28-d\u0259 onun<\/p>\n","protected":false},"author":2,"featured_media":103287,"comment_status":"closed","ping_status":"closed","sticky":false,"template":"","format":"standard","meta":{"footnotes":""},"categories":[11],"tags":[],"class_list":["post-103286","post","type-post","status-publish","format-standard","has-post-thumbnail","hentry","category-tbrik"],"aioseo_notices":[],"_links":{"self":[{"href":"https:\/\/fedai.az\/index.php?rest_route=\/wp\/v2\/posts\/103286","targetHints":{"allow":["GET"]}}],"collection":[{"href":"https:\/\/fedai.az\/index.php?rest_route=\/wp\/v2\/posts"}],"about":[{"href":"https:\/\/fedai.az\/index.php?rest_route=\/wp\/v2\/types\/post"}],"author":[{"embeddable":true,"href":"https:\/\/fedai.az\/index.php?rest_route=\/wp\/v2\/users\/2"}],"replies":[{"embeddable":true,"href":"https:\/\/fedai.az\/index.php?rest_route=%2Fwp%2Fv2%2Fcomments&post=103286"}],"version-history":[{"count":2,"href":"https:\/\/fedai.az\/index.php?rest_route=\/wp\/v2\/posts\/103286\/revisions"}],"predecessor-version":[{"id":103290,"href":"https:\/\/fedai.az\/index.php?rest_route=\/wp\/v2\/posts\/103286\/revisions\/103290"}],"wp:featuredmedia":[{"embeddable":true,"href":"https:\/\/fedai.az\/index.php?rest_route=\/wp\/v2\/media\/103287"}],"wp:attachment":[{"href":"https:\/\/fedai.az\/index.php?rest_route=%2Fwp%2Fv2%2Fmedia&parent=103286"}],"wp:term":[{"taxonomy":"category","embeddable":true,"href":"https:\/\/fedai.az\/index.php?rest_route=%2Fwp%2Fv2%2Fcategories&post=103286"},{"taxonomy":"post_tag","embeddable":true,"href":"https:\/\/fedai.az\/index.php?rest_route=%2Fwp%2Fv2%2Ftags&post=103286"}],"curies":[{"name":"wp","href":"https:\/\/api.w.org\/{rel}","templated":true}]}}