{"id":103292,"date":"2026-04-30T00:04:00","date_gmt":"2026-04-29T20:04:00","guid":{"rendered":"https:\/\/fedai.az\/?p=103292"},"modified":"2026-04-29T23:03:11","modified_gmt":"2026-04-29T19:03:11","slug":"avmvib-s%c9%99drind%c9%99n-xususi-t%c9%99yinatli-quvv%c9%99l%c9%99r-gunu-munasib%c9%99til%c9%99-t%c9%99brik","status":"publish","type":"post","link":"https:\/\/fedai.az\/?p=103292","title":{"rendered":"AVMV\u0130B s\u0259drind\u0259n X\u00fcsusi T\u0259yinatl\u0131 Q\u00fcvv\u0259l\u0259r G\u00fcn\u00fc m\u00fcnasib\u0259til\u0259 t\u0259brik"},"content":{"rendered":"\n<p>Az\u0259rbaycan V\u0259t\u0259n M\u00fcharib\u0259si Veteranlar\u0131 \u0130ctimai Birliyinin (AVMV\u0130B) s\u0259dri F\u00fczuli Rzaquliyev 30 aprel \u2013 Az\u0259rbaycan X\u00fcsusi T\u0259yinatl\u0131 Q\u00fcvv\u0259l\u0259rinin yarad\u0131lmas\u0131 g\u00fcn\u00fc m\u00fcnasib\u0259til\u0259 XTQ h\u0259rb\u00e7il\u0259rini t\u0259brik edir.<\/p>\n\n\n\n<p>Qeyd olunur ki, 1999-cu ild\u0259 yarad\u0131lan X\u00fcsusi T\u0259yinatl\u0131 Q\u00fcvv\u0259l\u0259r q\u0131sa m\u00fcdd\u0259td\u0259 y\u00fcks\u0259k pe\u015f\u0259karl\u0131\u011f\u0131 v\u0259 d\u00f6y\u00fc\u015f qabiliyy\u0259ti il\u0259 se\u00e7il\u0259r\u0259k Az\u0259rbaycan Ordusunun \u0259n g\u00fccl\u00fc b\u00f6lm\u0259l\u0259rind\u0259n birin\u0259 \u00e7evrilmi\u015fdir. XTQ b\u00f6lm\u0259l\u0259ri h\u0259m 2016-c\u0131 ilin Aprel d\u00f6y\u00fc\u015fl\u0259rind\u0259, h\u0259m d\u0259 44 g\u00fcnl\u00fck V\u0259t\u0259n m\u00fcharib\u0259sind\u0259 x\u00fcsusi \u015f\u00fcca\u0259t n\u00fcmayi\u015f etdirmi\u015f, torpaqlar\u0131m\u0131z\u0131n azad olunmas\u0131nda m\u00fch\u00fcm rol oynam\u0131\u015fd\u0131r. X\u00fcsusil\u0259 \u015eu\u015fa \u015f\u0259h\u0259rinin azad edilm\u0259si u\u011frunda g\u00f6st\u0259ril\u0259n q\u0259hr\u0259manl\u0131q d\u00fcnya h\u0259rb tarixind\u0259 \u00f6z\u00fcn\u0259m\u0259xsus yer tutmu\u015fdur.<\/p>\n\n\n\n<p>F\u00fczuli Rzaquliyev X\u00fcsusi T\u0259yinatl\u0131 Q\u00fcvv\u0259l\u0259rin \u015f\u0259xsi hey\u0259tin\u0259 m\u00f6hk\u0259m cansa\u011fl\u0131\u011f\u0131, xidm\u0259td\u0259 u\u011furlar v\u0259 yeni nailiyy\u0259tl\u0259r arzulayaraq onlar\u0131n V\u0259t\u0259n\u0259 s\u0259daq\u0259tinin h\u0259r zaman y\u00fcks\u0259k qiym\u0259tl\u0259ndirildiyini vur\u011fulam\u0131\u015fd\u0131r.<\/p>\n\n\n\n<p><strong>AVMV\u0130B-in M\u0259tbuat xidm\u0259ti<\/strong><\/p>\n","protected":false},"excerpt":{"rendered":"<p>Az\u0259rbaycan V\u0259t\u0259n M\u00fcharib\u0259si Veteranlar\u0131 \u0130ctimai Birliyinin (AVMV\u0130B) s\u0259dri F\u00fczuli Rzaquliyev 30 aprel \u2013 Az\u0259rbaycan X\u00fcsusi T\u0259yinatl\u0131 Q\u00fcvv\u0259l\u0259rinin yarad\u0131lmas\u0131 g\u00fcn\u00fc m\u00fcnasib\u0259til\u0259 XTQ h\u0259rb\u00e7il\u0259rini t\u0259brik edir.<\/p>\n","protected":false},"author":2,"featured_media":98157,"comment_status":"closed","ping_status":"closed","sticky":false,"template":"","format":"standard","meta":{"footnotes":""},"categories":[3],"tags":[],"class_list":["post-103292","post","type-post","status-publish","format-standard","has-post-thumbnail","hentry","category-gundm"],"aioseo_notices":[],"_links":{"self":[{"href":"https:\/\/fedai.az\/index.php?rest_route=\/wp\/v2\/posts\/103292","targetHints":{"allow":["GET"]}}],"collection":[{"href":"https:\/\/fedai.az\/index.php?rest_route=\/wp\/v2\/posts"}],"about":[{"href":"https:\/\/fedai.az\/index.php?rest_route=\/wp\/v2\/types\/post"}],"author":[{"embeddable":true,"href":"https:\/\/fedai.az\/index.php?rest_route=\/wp\/v2\/users\/2"}],"replies":[{"embeddable":true,"href":"https:\/\/fedai.az\/index.php?rest_route=%2Fwp%2Fv2%2Fcomments&post=103292"}],"version-history":[{"count":2,"href":"https:\/\/fedai.az\/index.php?rest_route=\/wp\/v2\/posts\/103292\/revisions"}],"predecessor-version":[{"id":103295,"href":"https:\/\/fedai.az\/index.php?rest_route=\/wp\/v2\/posts\/103292\/revisions\/103295"}],"wp:featuredmedia":[{"embeddable":true,"href":"https:\/\/fedai.az\/index.php?rest_route=\/wp\/v2\/media\/98157"}],"wp:attachment":[{"href":"https:\/\/fedai.az\/index.php?rest_route=%2Fwp%2Fv2%2Fmedia&parent=103292"}],"wp:term":[{"taxonomy":"category","embeddable":true,"href":"https:\/\/fedai.az\/index.php?rest_route=%2Fwp%2Fv2%2Fcategories&post=103292"},{"taxonomy":"post_tag","embeddable":true,"href":"https:\/\/fedai.az\/index.php?rest_route=%2Fwp%2Fv2%2Ftags&post=103292"}],"curies":[{"name":"wp","href":"https:\/\/api.w.org\/{rel}","templated":true}]}}