{"id":10336,"date":"2020-07-18T02:44:43","date_gmt":"2020-07-17T22:44:43","guid":{"rendered":"http:\/\/fedai.az\/?p=10336"},"modified":"2020-07-18T02:44:50","modified_gmt":"2020-07-17T22:44:50","slug":"ordumuz-qururumuzdur","status":"publish","type":"post","link":"https:\/\/fedai.az\/?p=10336","title":{"rendered":"Ordumuz q\u00fcrurumuzdur&#8230;"},"content":{"rendered":"\n<p><strong>&#171;D\u00fcnyada ordular\u0131n reytinql\u0259rini t\u0259rtib ed\u0259n sanball\u0131 qurumlar t\u0259sdiq edirl\u0259r ki, Az\u0259rbaycan Ordusu 50 \u0259n g\u00fccl\u00fc ordu s\u0131ras\u0131ndad\u0131r&#187;. Bu s\u00f6zl\u0259ri Prezident \u0130lham \u018fliyev iyun ay\u0131n\u0131n 25-d\u0259 M\u00fcdafi\u0259 Nazirliyinin &#171;N&#187; sayl\u0131 h\u0259rbi hiss\u0259sinin a\u00e7\u0131l\u0131\u015f\u0131nda \u00e7\u0131x\u0131\u015f ed\u0259rk\u0259n qeyd edib.<\/strong><\/p>\n\n\n\n<p>\u00d6lk\u0259miz m\u00fcharib\u0259 \u015f\u0259raitind\u0259 ya\u015fay\u0131r v\u0259 bel\u0259 olan halda ordu il\u0259 ba\u011fl\u0131 b\u00fct\u00fcn m\u0259s\u0259l\u0259l\u0259r \u0259n ba\u015fl\u0131ca v\u0259zif\u0259dir. Tarix\u0259 n\u0259z\u0259r salsaq 1918-ci ild\u0259 Az\u0259rbaycan Xalq C\u00fcmhuriyy\u0259tinin h\u0259yata ke\u00e7irdiyi m\u00fch\u00fcm t\u0259dbirl\u0259rd\u0259n biri d\u0259 Milli Ordunun t\u0259\u015fkili idi. 1918-ci il iyunun 26-da Az\u0259rbaycan Xalq C\u00fcmhuriyy\u0259ti Nazirl\u0259r \u015euras\u0131n\u0131n q\u0259rar\u0131 il\u0259 ilk m\u00fcnt\u0259z\u0259m h\u0259rbi hiss\u0259-\u0259lahidd\u0259 Az\u0259rbaycan korpusu yarad\u0131ld\u0131.<\/p>\n\n\n\n<p><br>Ordu quruculu\u011funda \u0259n \u00f6n\u0259mli islahatlar Ulu \u00d6nd\u0259r Heyd\u0259r \u018fliyevin 1969-cu ild\u0259 hakimiyy\u0259t\u0259 g\u0259li\u015find\u0259n sonra h\u0259yata ke\u00e7irildi. Heyd\u0259r \u018fliyevin t\u0259\u015f\u0259bb\u00fcs\u00fc il\u0259 1971-ci ild\u0259 C\u0259m\u015fid Nax\u00e7\u0131vanski ad\u0131na h\u0259rbi lisey yarad\u0131ld\u0131 v\u0259 \u00f6t\u0259n ill\u0259r \u0259rzind\u0259 minl\u0259rl\u0259 h\u0259rbi kadrlar yeti\u015fdirildi. Daha sonra XX \u0259srin sonlar\u0131nda Az\u0259rbaycanda ictimai-siyasi v\u0259ziyy\u0259t g\u0259rginl\u0259\u015fdi, torpaqlar\u0131m\u0131z\u0131n 20 faizi erm\u0259nil\u0259r t\u0259r\u0259find\u0259n i\u015f\u011fal olundu.<\/p>\n\n\n\n<p>1993-c\u00fc ild\u0259 xalq\u0131n t\u0259l\u0259bi il\u0259 Heyd\u0259r \u018fliyev yenid\u0259n hakimiyy\u0259t\u0259 g\u0259ldikd\u0259n sonra ordu quruculu\u011funda yeni m\u0259rh\u0259l\u0259 ba\u015fland\u0131. 1994-c\u00fc il may\u0131n 12-d\u0259 at\u0259\u015fk\u0259sin imzalanmas\u0131 il\u0259 ordu quruculu\u011funda b\u00f6y\u00fck islahatlar apar\u0131ld\u0131. Ulu \u00d6nd\u0259rin 1998-ci il may ay\u0131n\u0131n 22-d\u0259 imzalad\u0131\u011f\u0131 f\u0259rmanla \u201c26 iyun Silahl\u0131 Q\u00fcvv\u0259l\u0259r G\u00fcn\u00fc\u201d t\u0259sis edildi v\u0259 h\u0259r il iyun ay\u0131n\u0131n 26-s\u0131 Silahl\u0131 Q\u00fcvv\u0259l\u0259r G\u00fcn\u00fc kimi qeyd edilir.<\/p>\n\n\n\n<p>Prezident \u0130lham \u018fliyevin iyun ay\u0131n\u0131n 25-d\u0259 M\u00fcdafi\u0259 Nazirliyinin &#171;N&#187; sayl\u0131 h\u0259rbi hiss\u0259sinin a\u00e7\u0131l\u0131\u015f\u0131nda ordu quruculu\u011fu il\u0259 ba\u011fl\u0131 \u00e7\u0131x\u0131\u015f\u0131nda qeyd etdiyi kimi bu g\u00fcn \u00f6lk\u0259mizd\u0259 h\u0259rbi xidm\u0259ti y\u00fcks\u0259k s\u0259viyy\u0259d\u0259 aparmaq \u00fc\u00e7\u00fcn b\u00fct\u00fcn imkanlar yarad\u0131l\u0131b. B\u00fct\u00fcn h\u0259rbi hiss\u0259l\u0259r, \u015f\u0259h\u0259rcikl\u0259r, h\u0259rbi bazalar faktiki olaraq yenid\u0259n qurulur. H\u0259rbi hiss\u0259l\u0259rin 90 faizind\u0259 tikinti-b\u0259rpa, yenid\u0259nqurma i\u015fl\u0259ri tamamlan\u0131b. \u015e\u0259xsi hey\u0259tin xidm\u0259t \u015f\u0259raitinin yax\u015f\u0131la\u015fd\u0131r\u0131lmas\u0131 il\u0259 b\u0259rab\u0259r, zabitl\u0259rin m\u0259i\u015f\u0259t probleml\u0259ri d\u0259 h\u0259ll olunur.<\/p>\n\n\n\n<p>Orduda uzun ill\u0259r q\u00fcsursuz xidm\u0259t ed\u0259n zabitl\u0259rimiz d\u00f6vl\u0259t t\u0259r\u0259find\u0259n m\u0259nzill\u0259rl\u0259 t\u0259min olunurlar. H\u0259rb\u00e7il\u0259rin \u0259m\u0259khaqlar\u0131 m\u00fcnt\u0259z\u0259m olaraq qald\u0131r\u0131l\u0131r, f\u0259rql\u0259nmi\u015f h\u0259rb\u00e7il\u0259r m\u00fckafatland\u0131r\u0131l\u0131r. Bu g\u00fcn Az\u0259rbaycan d\u00fcnya miqyas\u0131nda \u00f6z g\u00fcc\u00fcn\u0259 arxalanan v\u0259 he\u00e7 kimd\u0259n as\u0131l\u0131 olmayan \u00f6lk\u0259dir. D\u00fcnyada, beyn\u0259lxalq m\u00fcst\u0259vid\u0259 g\u00fcc amili \u00f6n plana \u00e7\u0131x\u0131r. <\/p>\n\n\n\n<p>Beyn\u0259lxalq m\u00fcnasib\u0259tl\u0259rd\u0259 \u201ckim g\u00fccl\u00fcd\u00fcr, o da haql\u0131d\u0131r\u201d prinsipi \u00fcst\u00fcnl\u00fck t\u0259\u015fkil edir. Bizim d\u00f6vl\u0259timiz h\u0259r \u015feyi \u00f6z hesab\u0131na \u0259ld\u0259 etmi\u015fdir. \u018fg\u0259r d\u00f6vl\u0259timiz g\u00fccl\u00fc iqtisadiyyat qurmasayd\u0131, n\u0259h\u0259ng neft-qaz layih\u0259l\u0259ri icra etm\u0259s\u0259ydi, ordumuzu m\u00fcasirl\u0259\u015fdirm\u0259k \u00fc\u00e7\u00fcn v\u0259sait olmazd\u0131. Bu g\u00fcn strateji obyektl\u0259r \u0259n y\u00fcks\u0259k s\u0259viyy\u0259d\u0259 qorunur. Hava h\u00fccumuna qar\u015f\u0131 m\u00fcasir qur\u011fular\u0131m\u0131z imkan verir ki, \u00f6lk\u0259miz, o c\u00fcml\u0259d\u0259n strateji obyektl\u0259r qorunsun. C\u0259bh\u0259 b\u00f6lg\u0259sind\u0259 yaranm\u0131\u015f v\u0259ziyy\u0259t bir daha onu g\u00f6st\u0259rir ki, Az\u0259rbaycan strateji \u00fcst\u00fcnl\u00fcy\u0259 malikdir.<\/p>\n\n\n\n<p>Prezident \u0130lham \u018fliyev eyni zamanda qeyd etmi\u015fdir ki, \u201cordumuzun m\u00fcasir silah-sursat, texnika il\u0259 t\u0259chizat\u0131 bundan sonra da davam etdiril\u0259c\u0259k. Eyni zamanda, bizim d\u00f6y\u00fc\u015f t\u0259yyar\u0259l\u0259rimiz modernl\u0259\u015fdirilib, y\u00fczd\u0259n \u00e7ox h\u0259rbi v\u0259 h\u0259rbi-n\u0259qliyyat vertolyotumuz var. Bu da bizim b\u00f6y\u00fck potensial\u0131m\u0131zd\u0131r. \u018flb\u0259tt\u0259 ki, d\u00f6y\u00fc\u015f qabiliyy\u0259tini art\u0131rmaq istiqam\u0259tind\u0259 d\u0259 laz\u0131ml\u0131 add\u0131mlar at\u0131l\u0131r. H\u0259m 2016-c\u0131 ilin, h\u0259m 2018-ci ill\u0259rin h\u0259rbi \u0259m\u0259liyyatlar\u0131 bunu g\u00f6st\u0259rdi. Biz b\u00f6y\u00fck \u0259razini i\u015f\u011fal\u00e7\u0131lardan azad ed\u0259 bilmi\u015fik. F\u00fczuli, C\u0259bray\u0131l, A\u011fd\u0259r\u0259 rayonlar\u0131n\u0131n bir hiss\u0259sini 2016-c\u0131 ild\u0259 d\u00fc\u015fm\u0259nd\u0259n azad etmi\u015fik v\u0259 o torpaqlarda Az\u0259rbaycan bayra\u011f\u0131n\u0131 ucaltm\u0131\u015f\u0131q. Erm\u0259nil\u0259rin i\u015f\u011fal edilmi\u015f torpaqlarda qazd\u0131qlar\u0131 s\u0259ng\u0259rl\u0259r\u0259 girmi\u015fik. Biz indi orada otururuq v\u0259 orada m\u00f6hk\u0259ml\u0259nmi\u015fik.<\/p>\n\n\n\n<p>U\u011furlu Nax\u00e7\u0131van \u0259m\u0259liyyat\u0131 n\u0259tic\u0259sind\u0259 10 min hektardan \u00e7ox \u0259razini i\u015f\u011fal\u00e7\u0131lardan azad etmi\u015fik v\u0259 strateji y\u00fcks\u0259klikl\u0259r\u0259 \u00e7\u0131xm\u0131\u015f\u0131q. Erm\u0259nistandan Da\u011fl\u0131q Qaraba\u011fa ged\u0259n yol bizim g\u00f6z\u00fcm\u00fcz\u00fcn qaba\u011f\u0131ndan ke\u00e7ir. Ona g\u00f6r\u0259 d\u00f6y\u00fc\u015f qabiliyy\u0259tinin art\u0131r\u0131lmas\u0131 istiqam\u0259tind\u0259 \u0259lav\u0259 add\u0131mlar at\u0131lmal\u0131d\u0131r ki, biz h\u0259r an \u0259razi b\u00fct\u00f6vl\u00fcy\u00fcm\u00fcz\u00fc b\u0259rpa etm\u0259k \u00fc\u00e7\u00fcn haz\u0131r olaq. Bizim \u0259razi b\u00fct\u00f6vl\u00fcy\u00fcm\u00fcz b\u0259rpa edilm\u0259lidir v\u0259 edil\u0259c\u0259k, he\u00e7 kimd\u0259 bu haqda \u015f\u00fcbh\u0259 olmas\u0131n\u201d.<\/p>\n\n\n\n<p>Ali Ba\u015f Komandan \u0130lham \u018fliyevin Ming\u0259\u00e7evir \u015f\u0259h\u0259rind\u0259 \u201cN\u201d sayl\u0131 h\u0259rbi hiss\u0259nin a\u015f\u0131l\u0131\u015f\u0131ndak\u0131 \u00e7\u0131x\u0131\u015f\u0131 bizd\u0259 ordumuza qar\u015f\u0131 inam\u0131 daha da art\u0131rd\u0131. Qaraba\u011f m\u00fcharib\u0259sinin i\u015ftirak\u00e7\u0131s\u0131 kimi bildirm\u0259k ist\u0259rdim ki, 1988-ci ild\u0259n 1993-c\u00fc il\u0259 q\u0259d\u0259r Qubadl\u0131 rayonunda \u00f6z\u00fcn\u00fcm\u00fcdafi\u0259 d\u0259st\u0259sinin yaranmas\u0131nda i\u015ftirak etmi\u015f\u0259m, h\u0259rbi hiss\u0259l\u0259r yarand\u0131qdan sonra \u201cN\u201d sayl\u0131 h\u0259rbi hiss\u0259nin t\u0259rkibind\u0259 xidm\u0259t etmi\u015f\u0259m. H\u0259min d\u00f6vrd\u0259 h\u0259rbi hiss\u0259mizd\u0259 silah-sursat, \u0259rzaq, maddi-texniki t\u0259minat\u0131n z\u0259if olmas\u0131 bax\u0131m\u0131ndan xeyli \u00e7\u0259tinlikl\u0259r vard\u0131. Milli orduda zirehli h\u0259rbi texnikalar, o c\u00fcml\u0259d\u0259n artilleriya v\u0259 a\u011f\u0131r silahlar dem\u0259k olar yox idi. H\u0259min ill\u0259rd\u0259 hakimiyy\u0259td\u0259 p\u0259rak\u0259nd\u0259lik, \u00f6zba\u015f\u0131nal\u0131q h\u00f6km s\u00fcr\u00fcrd\u00fc v\u0259 bu \u00f6z t\u0259sirini orduda da b\u00fcruz\u0259 verirdi. Milli orduda ciddi kadr \u00e7at\u0131\u015fmazl\u0131\u011f\u0131 vard\u0131.<\/p>\n\n\n\n<p>Bel\u0259 bir \u00e7\u0259tin zamanda \u00dcmummilli Lider Heyd\u0259r \u018fliyev Az\u0259rbaycan xalq\u0131n\u0131n k\u00f6m\u0259yin\u0259 g\u0259ldi. Yaln\u0131z bundan sonra ordu quruculu\u011funda t\u0259r\u0259qqi, inki\u015faf ba\u015flad\u0131, kadr \u00e7at\u0131\u015fmazl\u0131qlar\u0131 aradan qald\u0131r\u0131ld\u0131,yeni h\u0259rbi hiss\u0259l\u0259r in\u015fa edildi, ordunun h\u0259rbi-texniki bazas\u0131 m\u00f6hk\u0259ml\u0259ndirildi, \u015f\u0259xsi hey\u0259tin d\u00f6y\u00fc\u015f \u0259hval-ruhiyy\u0259si artd\u0131, g\u0259l\u0259c\u0259y\u0259 inam, milli ruh formala\u015fd\u0131.<\/p>\n\n\n\n<p>Bu g\u00fcn \u00dcmummilli Lider Heyd\u0259r \u018fliyev siyas\u0259tinin layiqli davam\u00e7\u0131s\u0131 Prezident \u0130lham \u018fliyev ordu quruculu\u011funa b\u00f6y\u00fck diqq\u0259t v\u0259 qay\u011f\u0131 g\u00f6st\u0259rir. Az\u0259rbaycan ordusu art\u0131q bu g\u00fcn d\u00fcnyan\u0131n \u0259n g\u00fccl\u00fc ordular\u0131ndan biri say\u0131l\u0131r.<\/p>\n\n\n\n<p>\u0130nan\u0131r\u0131q ki,Az\u0259rbaycan d\u00f6vl\u0259ti,Az\u0259rbaycan xalq\u0131, yenilm\u0259z ordumuzun g\u00fcc\u00fc say\u0259sind\u0259 i\u015f\u011fal\u00e7\u0131 Erm\u0259nistan\u0131n z\u0259bt etdiyi torpaqlar\u0131 m\u00fctl\u0259q azad ed\u0259c\u0259kdir!<\/p>\n\n\n\n<p>Biz veteranlar da Ali Ba\u015f Komandan c\u0259nab \u0130lham \u018fliyevin komandanl\u0131\u011f\u0131 il\u0259 son qar\u0131\u015f torpa\u011f\u0131m\u0131z\u0131 da d\u00fc\u015fm\u0259nd\u0259n azad ed\u0259c\u0259yik. Bu h\u0259r bir veteran\u0131n arzusudur.<\/p>\n\n\n\n<figure class=\"wp-block-image size-large is-resized\"><img loading=\"lazy\" decoding=\"async\" src=\"http:\/\/fedai.az\/wp-content\/uploads\/2020\/07\/106003685_172342160927093_2038705888247076706_n.jpg\" alt=\"\" class=\"wp-image-10337\" width=\"180\" height=\"180\"\/><\/figure>\n\n\n\n<p><strong>T\u0259yyar Eminov<br>Az\u0259rbaycan V\u0259t\u0259n M\u00fcharib\u0259si Veteranlar\u0131 \u0130ctimai Birliyi Qubadl\u0131 rayon \u015e\u00f6b\u0259sinin s\u0259dri<\/strong><\/p>\n","protected":false},"excerpt":{"rendered":"<p>&#171;D\u00fcnyada ordular\u0131n reytinql\u0259rini t\u0259rtib ed\u0259n sanball\u0131 qurumlar t\u0259sdiq edirl\u0259r ki, Az\u0259rbaycan Ordusu 50 \u0259n g\u00fccl\u00fc ordu s\u0131ras\u0131ndad\u0131r&#187;. Bu s\u00f6zl\u0259ri Prezident \u0130lham \u018fliyev iyun ay\u0131n\u0131n<\/p>\n","protected":false},"author":2,"featured_media":0,"comment_status":"closed","ping_status":"closed","sticky":false,"template":"","format":"standard","meta":{"footnotes":""},"categories":[5],"tags":[],"class_list":["post-10336","post","type-post","status-publish","format-standard","hentry","category-veteran"],"aioseo_notices":[],"_links":{"self":[{"href":"https:\/\/fedai.az\/index.php?rest_route=\/wp\/v2\/posts\/10336","targetHints":{"allow":["GET"]}}],"collection":[{"href":"https:\/\/fedai.az\/index.php?rest_route=\/wp\/v2\/posts"}],"about":[{"href":"https:\/\/fedai.az\/index.php?rest_route=\/wp\/v2\/types\/post"}],"author":[{"embeddable":true,"href":"https:\/\/fedai.az\/index.php?rest_route=\/wp\/v2\/users\/2"}],"replies":[{"embeddable":true,"href":"https:\/\/fedai.az\/index.php?rest_route=%2Fwp%2Fv2%2Fcomments&post=10336"}],"version-history":[{"count":1,"href":"https:\/\/fedai.az\/index.php?rest_route=\/wp\/v2\/posts\/10336\/revisions"}],"predecessor-version":[{"id":10340,"href":"https:\/\/fedai.az\/index.php?rest_route=\/wp\/v2\/posts\/10336\/revisions\/10340"}],"wp:attachment":[{"href":"https:\/\/fedai.az\/index.php?rest_route=%2Fwp%2Fv2%2Fmedia&parent=10336"}],"wp:term":[{"taxonomy":"category","embeddable":true,"href":"https:\/\/fedai.az\/index.php?rest_route=%2Fwp%2Fv2%2Fcategories&post=10336"},{"taxonomy":"post_tag","embeddable":true,"href":"https:\/\/fedai.az\/index.php?rest_route=%2Fwp%2Fv2%2Ftags&post=10336"}],"curies":[{"name":"wp","href":"https:\/\/api.w.org\/{rel}","templated":true}]}}