{"id":10346,"date":"2020-07-18T04:13:10","date_gmt":"2020-07-18T00:13:10","guid":{"rendered":"http:\/\/fedai.az\/?p=10346"},"modified":"2020-07-18T04:15:56","modified_gmt":"2020-07-18T00:15:56","slug":"mehriban-%c9%99liyevadan-moht%c9%99s%c9%99m-bir-paylasim","status":"publish","type":"post","link":"https:\/\/fedai.az\/?p=10346","title":{"rendered":"Mehriban \u018fliyevadan m\u00f6ht\u0259\u015f\u0259m bir payla\u015f\u0131m"},"content":{"rendered":"\n<p><strong>M\u00fcharib\u0259 \u0259lill\u0259ri il\u0259 g\u00f6r\u00fc\u015fd\u0259n foto payla\u015fan <a href=\"https:\/\/www.facebook.com\/groups\/768797000262323\/?ref=group_header\">Az\u0259rbaycan Respublikas\u0131n\u0131n Birinci vitse-prezidenti xan\u0131m Mehriban \u018fliyeva<\/a>n\u0131n sosial \u015f\u0259b\u0259k\u0259d\u0259ki bu payla\u015f\u0131m\u0131 d\u00f6y\u00fc\u015f\u00e7\u00fcl\u0259r t\u0259r\u0259find\u0259n r\u0259\u011fb\u0259tl\u0259 qar\u015f\u0131lan\u0131b.<\/strong><\/p>\n\n\n\n<p>Payla\u015f\u0131mda deyilir:<\/p>\n\n\n\n<p><strong>\u041c\u0435\u0445\u0440\u0438\u0431\u0430\u043d \u0410\u043b\u0438\u0435\u0432\u0430:<\/strong> \u0421 \u0442\u0430\u043a\u0438\u043c \u043d\u0430\u0440\u043e\u0434\u043e\u043c, \u0442\u0430\u043a\u0438\u043c\u0438 \u0441\u043e\u043b\u0434\u0430\u0442\u0430\u043c\u0438, \u043e\u0444\u0438\u0446\u0435\u0440\u0430\u043c\u0438, \u0441 \u0442\u0430\u043a\u0438\u043c\u0438 \u0431\u0440\u0430\u0442\u044c\u044f\u043c\u0438 \u043c\u044b \u043e\u0431\u044f\u0437\u0430\u0442\u0435\u043b\u044c\u043d\u043e \u0432\u0435\u0440\u043d\u0435\u043c \u041a\u0430\u0440\u0430\u0431\u0430\u0445. \u0412 \u043a\u0430\u0436\u0434\u043e\u043c \u0441\u0435\u043b\u0435, \u0432 \u043a\u0430\u0436\u0434\u043e\u043c \u0433\u043e\u0440\u043e\u0434\u0435 \u041a\u0430\u0440\u0430\u0431\u0430\u0445\u0430 \u0431\u0443\u0434\u0435\u0442 \u0440\u0430\u0437\u0432\u0435\u0432\u0430\u0442\u044c\u0441\u044f \u0444\u043b\u0430\u0433 \u0410\u0437\u0435\u0440\u0431\u0430\u0439\u0434\u0436\u0430\u043d\u0430!<\/p>\n\n\n\n<p><strong>Mehriban \u018fliyeva: <\/strong>Bel\u0259 xalqla, \u0259sg\u0259rl\u0259rl\u0259, zabitl\u0259rl\u0259, bel\u0259 qarda\u015flarla, biz m\u00fctl\u0259q Qaraba\u011f\u0131 qaytaraca\u011f\u0131q. Qaraba\u011f\u0131n h\u0259r bir k\u0259ndind\u0259, h\u0259r bir \u015f\u0259h\u0259rind\u0259 Az\u0259rbaycan bayra\u011f\u0131 dal\u011falanacaq!<\/p>\n\n\n\n<figure class=\"wp-block-embed-youtube wp-block-embed is-type-video is-provider-youtube wp-embed-aspect-16-9 wp-has-aspect-ratio\"><div class=\"wp-block-embed__wrapper\">\n<iframe loading=\"lazy\" title=\"Mehriban \u018fliyeva: &quot;D\u00fc\u015fm\u0259n\u0259 layiqli cavab verildi v\u0259 bu, h\u0259r zaman bel\u0259 olacaq&quot;\" width=\"715\" height=\"402\" src=\"https:\/\/www.youtube.com\/embed\/-B8A5JRQyEE?feature=oembed\" frameborder=\"0\" allow=\"accelerometer; autoplay; encrypted-media; gyroscope; picture-in-picture\" allowfullscreen><\/iframe>\n<\/div><\/figure>\n","protected":false},"excerpt":{"rendered":"<p>M\u00fcharib\u0259 \u0259lill\u0259ri il\u0259 g\u00f6r\u00fc\u015fd\u0259n foto payla\u015fan Az\u0259rbaycan Respublikas\u0131n\u0131n Birinci vitse-prezidenti xan\u0131m Mehriban \u018fliyevan\u0131n sosial \u015f\u0259b\u0259k\u0259d\u0259ki bu payla\u015f\u0131m\u0131 d\u00f6y\u00fc\u015f\u00e7\u00fcl\u0259r t\u0259r\u0259find\u0259n r\u0259\u011fb\u0259tl\u0259 qar\u015f\u0131lan\u0131b. Payla\u015f\u0131mda deyilir: \u041c\u0435\u0445\u0440\u0438\u0431\u0430\u043d<\/p>\n","protected":false},"author":2,"featured_media":10347,"comment_status":"closed","ping_status":"closed","sticky":false,"template":"","format":"standard","meta":{"footnotes":""},"categories":[5],"tags":[],"class_list":["post-10346","post","type-post","status-publish","format-standard","has-post-thumbnail","hentry","category-veteran"],"aioseo_notices":[],"_links":{"self":[{"href":"https:\/\/fedai.az\/index.php?rest_route=\/wp\/v2\/posts\/10346","targetHints":{"allow":["GET"]}}],"collection":[{"href":"https:\/\/fedai.az\/index.php?rest_route=\/wp\/v2\/posts"}],"about":[{"href":"https:\/\/fedai.az\/index.php?rest_route=\/wp\/v2\/types\/post"}],"author":[{"embeddable":true,"href":"https:\/\/fedai.az\/index.php?rest_route=\/wp\/v2\/users\/2"}],"replies":[{"embeddable":true,"href":"https:\/\/fedai.az\/index.php?rest_route=%2Fwp%2Fv2%2Fcomments&post=10346"}],"version-history":[{"count":3,"href":"https:\/\/fedai.az\/index.php?rest_route=\/wp\/v2\/posts\/10346\/revisions"}],"predecessor-version":[{"id":10350,"href":"https:\/\/fedai.az\/index.php?rest_route=\/wp\/v2\/posts\/10346\/revisions\/10350"}],"wp:featuredmedia":[{"embeddable":true,"href":"https:\/\/fedai.az\/index.php?rest_route=\/wp\/v2\/media\/10347"}],"wp:attachment":[{"href":"https:\/\/fedai.az\/index.php?rest_route=%2Fwp%2Fv2%2Fmedia&parent=10346"}],"wp:term":[{"taxonomy":"category","embeddable":true,"href":"https:\/\/fedai.az\/index.php?rest_route=%2Fwp%2Fv2%2Fcategories&post=10346"},{"taxonomy":"post_tag","embeddable":true,"href":"https:\/\/fedai.az\/index.php?rest_route=%2Fwp%2Fv2%2Ftags&post=10346"}],"curies":[{"name":"wp","href":"https:\/\/api.w.org\/{rel}","templated":true}]}}