{"id":10356,"date":"2020-07-18T05:05:13","date_gmt":"2020-07-18T01:05:13","guid":{"rendered":"http:\/\/fedai.az\/?p=10356"},"modified":"2020-07-18T12:34:05","modified_gmt":"2020-07-18T08:34:05","slug":"qurdun-oglu-qurd-olar","status":"publish","type":"post","link":"https:\/\/fedai.az\/?p=10356","title":{"rendered":"Qurdun o\u011flu, qurd olar&#8230;"},"content":{"rendered":"\n<p><strong>Az\u0259rbaycan V\u0259t\u0259n M\u00fcharib\u0259si Veteranlar\u0131 \u0130ctimai Birliyi Tovuz rayon \u015f\u00f6b\u0259sinin s\u0259dri Etibar V\u0259liyevin o\u011flu Ehtiram V\u0259liyev Tovuz rayonuna d\u00fc\u015fm\u0259n h\u00fccumunun qar\u015f\u0131s\u0131n\u0131 alark\u0259n yaralanm\u0131\u015f h\u0259rb\u00e7il\u0259rimizd\u0259ndi. Haz\u0131rda N sayl\u0131 h\u0259rbi hospitalda m\u00fcalic\u0259 al\u0131r. V\u0259ziyy\u0259ti normald\u0131r.<\/strong><\/p>\n\n\n\n<figure class=\"wp-block-image size-large is-resized\"><img loading=\"lazy\" decoding=\"async\" src=\"http:\/\/fedai.az\/wp-content\/uploads\/2020\/07\/78889170_556636158485834_7750441263576383488_o.jpg\" alt=\"\" class=\"wp-image-10359\" width=\"240\" height=\"240\" srcset=\"https:\/\/fedai.az\/wp-content\/uploads\/2020\/07\/78889170_556636158485834_7750441263576383488_o.jpg 960w, https:\/\/fedai.az\/wp-content\/uploads\/2020\/07\/78889170_556636158485834_7750441263576383488_o-300x300.jpg 300w, https:\/\/fedai.az\/wp-content\/uploads\/2020\/07\/78889170_556636158485834_7750441263576383488_o-150x150.jpg 150w, https:\/\/fedai.az\/wp-content\/uploads\/2020\/07\/78889170_556636158485834_7750441263576383488_o-768x768.jpg 768w, https:\/\/fedai.az\/wp-content\/uploads\/2020\/07\/78889170_556636158485834_7750441263576383488_o-215x215.jpg 215w\" sizes=\"auto, (max-width: 240px) 100vw, 240px\" \/><\/figure>\n\n\n\n<p><strong>Xat\u0131rladaq ki, AVMV\u0130B-nin rayon \u015f\u00f6b\u0259sinin s\u0259dri kimi Etibar V\u0259liyev f\u0259al v\u0259 ictimaiyy\u0259t\u00e7i s\u0259drl\u0259rimizd\u0259ndir. Rayon \u015f\u00f6b\u0259sinin yenid\u0259n f\u0259aliyy\u0259tini b\u0259rpa edib. B\u00f6lg\u0259 veteranlar\u0131n\u0131 birlik \u0259traf\u0131nda birl\u0259\u015fdirib.<\/strong> <strong>Etibar V\u0259liyevin o\u011flu da d\u00fc\u015fm\u0259n h\u00fccumunun qar\u015f\u0131s\u0131n\u0131 alark\u0259n yaralan\u0131b.<\/strong><\/p>\n\n\n\n<figure class=\"wp-block-image size-large is-resized\"><img loading=\"lazy\" decoding=\"async\" src=\"http:\/\/fedai.az\/wp-content\/uploads\/2020\/07\/109940223_1469825219879766_7848139269279046610_n.jpg\" alt=\"\" class=\"wp-image-10357\" width=\"266\" height=\"266\"\/><\/figure>\n\n\n\n<p>X\u0259b\u0259ri e\u015fid\u0259n kimi Etibar V\u0259liyev\u0259 z\u0259ng etdim v\u0259 o\u011flunun durumunun yax\u015f\u0131 oldu\u011funu bil\u0259n kimi, dedim ki, Etibar b\u0259y, veteran\u0131n o\u011flu veteran olmal\u0131d\u0131r. Q\u0259hr\u0259man d\u00f6y\u00fc\u015f\u00e7\u00fcm\u00fcz Ehtiram V\u0259liyev\u0259 Allahdan \u015f\u0259fa dil\u0259yirik v\u0259 67 minlik AVMV\u0130B-nin dualar\u0131 onunla, dig\u0259r yaral\u0131 aslanlar\u0131m\u0131zlad\u0131r.<\/p>\n\n\n\n<p>Q\u0259hr\u0259man atadan q\u0259hr\u0259man o\u011ful olmas\u0131 haqd\u0131r, Etibar b\u0259y. Bu v\u0259t\u0259n bu o\u011fullar\u0131n qan\u0131yla yo\u011fruldu\u011funa g\u00f6r\u0259 V\u0259t\u0259ndir. T\u0259ki aln\u0131m\u0131zda namus l\u0259k\u0259si deyil, m\u0259rmi yaras\u0131yla Tanr\u0131n\u0131n \u00f6n\u00fcn\u0259 \u00e7\u0131xa bil\u0259k. H\u0259rd\u0259n dey\u0259nl\u0259r olur ki, niy\u0259 varl\u0131n\u0131n \u00f6vladlar\u0131 gedib \u015f\u0259hid olmurlar? \u015e\u0259hidlik titul, m\u0259ns\u0259b deyil ki, \u00e7irkli pullar\u0131n\u0131 verib als\u0131nlar. \u015e\u0259hidlik m\u0259rt\u0259b\u0259dir. Ora y\u00fcks\u0259l\u0259ni Allah se\u00e7\u0259r. Orada pul, var-d\u00f6vl\u0259t i\u015fl\u0259m\u0259z, bunun b\u0259d\u0259li can verm\u0259kdir. Bu m\u0259ml\u0259k\u0259t v\u0259 mill\u0259t u\u011frunda kor q\u0259piyind\u0259n ke\u00e7m\u0259y\u0259nl\u0259r, qorxaqlar bu yola canm\u0131 qoyar?<\/p>\n\n\n\n<figure class=\"wp-block-image size-large\"><img loading=\"lazy\" decoding=\"async\" width=\"640\" height=\"640\" src=\"http:\/\/fedai.az\/wp-content\/uploads\/2020\/07\/109688870_761530277987537_3729167371553289743_n.jpg\" alt=\"\" class=\"wp-image-10358\" srcset=\"https:\/\/fedai.az\/wp-content\/uploads\/2020\/07\/109688870_761530277987537_3729167371553289743_n.jpg 640w, https:\/\/fedai.az\/wp-content\/uploads\/2020\/07\/109688870_761530277987537_3729167371553289743_n-300x300.jpg 300w, https:\/\/fedai.az\/wp-content\/uploads\/2020\/07\/109688870_761530277987537_3729167371553289743_n-150x150.jpg 150w, https:\/\/fedai.az\/wp-content\/uploads\/2020\/07\/109688870_761530277987537_3729167371553289743_n-215x215.jpg 215w\" sizes=\"auto, (max-width: 640px) 100vw, 640px\" \/><\/figure>\n\n\n\n<p>Bu yol \u00e7\u00f6r\u0259yini yediyimiz V\u0259t\u0259nin u\u011frunda m\u0259rmisini d\u0259 yey\u0259n \u0259fsan\u0259l\u0259rin yoludur. G\u0259nc q\u0259hr\u0259manlar\u0131m\u0131z\u0131n bu can bazar\u0131nda q\u0259zalar\u0131 m\u00fcbar\u0259k olsun!<\/p>\n\n\n\n<p>Bizl\u0259r bu i\u015fi bacarsayd\u0131q, i\u00e7imizi saran xainl\u0259rd\u0259n zaman\u0131nda qurtulsayd\u0131q, bu g\u0259nc balalar\u0131m\u0131z\u0131n \u00f6p\u00fc\u015f g\u00f6rm\u0259mi\u015f dodaqlar\u0131 son d\u0259f\u0259 torpa\u011fa d\u00fc\u015fm\u0259zdi.<\/p>\n\n\n\n<p>Bizl\u0259r qolsuz, ayaqs\u0131z, g\u00f6zs\u00fcz ya\u015faya bil\u0259rik, amma V\u0259t\u0259nsiz ya\u015famaq m\u00fcmk\u00fcn deyil. \u00c7oxlar\u0131, h\u0259l\u0259 d\u0259 haql\u0131 oldu\u011fumuzu deyib, arxay\u0131nca dan\u0131\u015f\u0131rlar. Bertran Rasselin bir s\u00f6z\u00fc var, dey\u0259r ki, sava\u015f kimin haql\u0131 olmas\u0131n\u0131 \u00fcz\u0259 \u00e7\u0131xarmaq \u00fc\u00e7\u00fcn deyil, kimin g\u00fccl\u00fc olmas\u0131n\u0131 \u00fcz\u0259 \u00e7\u0131xarmaq \u00fc\u00e7\u00fcn apar\u0131l\u0131r. Biz g\u00fcl\u00fc olmal\u0131y\u0131q. Bu Tanr\u0131n\u0131n biz\u0259 buyru\u011fudur.<\/p>\n\n\n\n<p><strong><em>\u00d6l\u0259r, dizi b\u00fck\u00fcl\u0259n,<br>Qurdun o\u011flu, qurd olar.<br>\u0130gid qan\u0131 t\u00f6k\u00fcl\u0259n,<br>Toz da d\u00f6n\u00fcb yurd olar..<br>(Elb\u0259yi)<\/em><\/strong><\/p>\n\n\n\n<figure class=\"wp-block-image size-large\"><img loading=\"lazy\" decoding=\"async\" width=\"720\" height=\"887\" src=\"http:\/\/fedai.az\/wp-content\/uploads\/2020\/07\/107938672_1988726227926984_1852851089348518676_n.jpg\" alt=\"\" class=\"wp-image-10360\" srcset=\"https:\/\/fedai.az\/wp-content\/uploads\/2020\/07\/107938672_1988726227926984_1852851089348518676_n.jpg 720w, https:\/\/fedai.az\/wp-content\/uploads\/2020\/07\/107938672_1988726227926984_1852851089348518676_n-244x300.jpg 244w, https:\/\/fedai.az\/wp-content\/uploads\/2020\/07\/107938672_1988726227926984_1852851089348518676_n-122x150.jpg 122w\" sizes=\"auto, (max-width: 720px) 100vw, 720px\" \/><\/figure>\n\n\n\n<p>Bu yaz\u0131n\u0131 s\u0259n\u0259 yaz\u0131ram, Ehtiram b\u0259y! \u00dcz\u00fcnt\u00fcyl\u0259 v\u0259 q\u0259lb a\u011fr\u0131s\u0131yla. Bu y\u00fck\u00fc sizin \u00e7iyniniz\u0259 qoydu\u011fumuz \u00fc\u00e7\u00fcn \u00f6z\u00fcm\u00fcz\u00fc, babalar\u0131m\u0131z\u0131 q\u0131naya-q\u0131naya yaz\u0131ram. Biz V\u0259t\u0259nin yaralar\u0131na sar\u0131q olmad\u0131q. \u0130\u00e7imizd\u0259ki xainl\u0259rin hesab\u0131na qap\u0131m\u0131z kilid saxlamad\u0131. Allahdan bir \u015fans ist\u0259mi\u015f\u0259m, bir daha \u0259ld\u0259 silah bu V\u0259t\u0259ni m\u0259nfur imperiyalar\u0131n v\u0259 iyr\u0259nc haylar\u0131n cayna\u011f\u0131ndan qurtarmaq \u015fans\u0131. N\u0259 q\u0259d\u0259r ac\u0131 olsa da bir h\u0259qiq\u0259t daha var: &#171;Bar\u0131\u015fda o\u011fullar atalar\u0131n\u0131, sava\u015fda atalar o\u011fullar\u0131n\u0131 k\u00f6m\u0259r. (Krezus)&#187;. Amma Allah sizl\u0259ri qorusun v\u0259 bizi bu a\u011f\u0131r d\u0259rd\u0259 m\u0259hkum el\u0259m\u0259sin!<\/p>\n\n\n\n<p><strong>Yast\u0131\u011f\u0131n y\u00fcng\u00fcl olsun, q\u0259hr\u0259man. Dualar\u0131m\u0131z sizinl\u0259dir. V\u0259t\u0259n, ona talan yeri kimi baxanlar\u0131n deyil, sizl\u0259rin V\u0259t\u0259nidir, Ehtiram b\u0259y!<\/strong><\/p>\n\n\n\n<p><strong>Xaqani \u018fd\u0259bo\u011flu<br>AVMV\u0130B M\u0259tbuat Xidm\u0259tinin r\u0259hb\u0259ri<\/strong><\/p>\n\n\n\n<figure class=\"wp-block-image size-large is-resized\"><img loading=\"lazy\" decoding=\"async\" src=\"http:\/\/fedai.az\/wp-content\/uploads\/2020\/07\/110562108_310838450111025_5481144616349129628_n.jpg\" alt=\"\" class=\"wp-image-10361\" width=\"588\" height=\"788\" srcset=\"https:\/\/fedai.az\/wp-content\/uploads\/2020\/07\/110562108_310838450111025_5481144616349129628_n.jpg 480w, https:\/\/fedai.az\/wp-content\/uploads\/2020\/07\/110562108_310838450111025_5481144616349129628_n-224x300.jpg 224w, https:\/\/fedai.az\/wp-content\/uploads\/2020\/07\/110562108_310838450111025_5481144616349129628_n-112x150.jpg 112w\" sizes=\"auto, (max-width: 588px) 100vw, 588px\" \/><\/figure>\n","protected":false},"excerpt":{"rendered":"<p>Az\u0259rbaycan V\u0259t\u0259n M\u00fcharib\u0259si Veteranlar\u0131 \u0130ctimai Birliyi Tovuz rayon \u015f\u00f6b\u0259sinin s\u0259dri Etibar V\u0259liyevin o\u011flu Ehtiram V\u0259liyev Tovuz rayonuna d\u00fc\u015fm\u0259n h\u00fccumunun qar\u015f\u0131s\u0131n\u0131 alark\u0259n yaralanm\u0131\u015f h\u0259rb\u00e7il\u0259rimizd\u0259ndi. Haz\u0131rda<\/p>\n","protected":false},"author":2,"featured_media":0,"comment_status":"closed","ping_status":"closed","sticky":false,"template":"","format":"standard","meta":{"footnotes":""},"categories":[5],"tags":[],"class_list":["post-10356","post","type-post","status-publish","format-standard","hentry","category-veteran"],"aioseo_notices":[],"_links":{"self":[{"href":"https:\/\/fedai.az\/index.php?rest_route=\/wp\/v2\/posts\/10356","targetHints":{"allow":["GET"]}}],"collection":[{"href":"https:\/\/fedai.az\/index.php?rest_route=\/wp\/v2\/posts"}],"about":[{"href":"https:\/\/fedai.az\/index.php?rest_route=\/wp\/v2\/types\/post"}],"author":[{"embeddable":true,"href":"https:\/\/fedai.az\/index.php?rest_route=\/wp\/v2\/users\/2"}],"replies":[{"embeddable":true,"href":"https:\/\/fedai.az\/index.php?rest_route=%2Fwp%2Fv2%2Fcomments&post=10356"}],"version-history":[{"count":3,"href":"https:\/\/fedai.az\/index.php?rest_route=\/wp\/v2\/posts\/10356\/revisions"}],"predecessor-version":[{"id":10376,"href":"https:\/\/fedai.az\/index.php?rest_route=\/wp\/v2\/posts\/10356\/revisions\/10376"}],"wp:attachment":[{"href":"https:\/\/fedai.az\/index.php?rest_route=%2Fwp%2Fv2%2Fmedia&parent=10356"}],"wp:term":[{"taxonomy":"category","embeddable":true,"href":"https:\/\/fedai.az\/index.php?rest_route=%2Fwp%2Fv2%2Fcategories&post=10356"},{"taxonomy":"post_tag","embeddable":true,"href":"https:\/\/fedai.az\/index.php?rest_route=%2Fwp%2Fv2%2Ftags&post=10356"}],"curies":[{"name":"wp","href":"https:\/\/api.w.org\/{rel}","templated":true}]}}