{"id":10364,"date":"2020-07-18T05:11:28","date_gmt":"2020-07-18T01:11:28","guid":{"rendered":"http:\/\/fedai.az\/?p=10364"},"modified":"2020-07-18T05:11:36","modified_gmt":"2020-07-18T01:11:36","slug":"erm%c9%99niliyin-tanricasi-kardasyan-trampa-v%c9%99-konqres%c9%99-diqt%c9%99-edir","status":"publish","type":"post","link":"https:\/\/fedai.az\/?p=10364","title":{"rendered":"Erm\u0259niliyin &#171;tanr\u0131\u00e7as\u0131&#187; Karda\u015fyan Trampa v\u0259 Konqres\u0259 diqt\u0259 edir"},"content":{"rendered":"\n<p><strong>D\u00fcn\u0259n yazm\u0131\u015fd\u0131m: &#171;Kim Karda\u015fyan AB\u015e Konqresini dolay\u0131b. Dey\u0259s\u0259n d\u00fcnyan\u0131n b\u00fct\u00fcn x\u0259st\u0259l\u0259ri v\u0259 ba\u015fdan xarablar\u0131 AB\u015e Konqresin\u0259 y\u0131\u011f\u0131\u015f\u0131b. Erm\u0259nistan MN s\u00f6z\u00e7\u00fcs\u00fc \u015eu\u015fan Stepanyan \u00f6z facebook s\u0259hif\u0259sind\u0259 Dailymail.co.uk-dan bir status payla\u015f\u0131b.<\/strong><\/p>\n\n\n\n<p>Payla\u015f\u0131mda deyilirdi: \u00abKim Karda\u015fyan (g\u00fcya) \u00abAz\u0259rbaycan\u0131n Erm\u0259nistana \u00abh\u00fccumunu\u00bb v\u0259 d\u0259st\u0259k\u00e7il\u0259rinin AB\u015e Konqresiyl\u0259 t\u0259masa ke\u00e7m\u0259sini q\u0131n\u0131y\u0131b\u00bb kimi .<\/p>\n\n\n\n<p>Bu g\u00fcn yaz\u0131ram: &#171;Nevs.arm.ru yayd\u0131\u011f\u0131 x\u0259b\u0259rd\u0259 deyilir: \u201cDavam ed\u0259n qlobal pandemiyaya baxmayaraq, Az\u0259rbaycan BMT-nin qlobal at\u0259\u015fk\u0259s \u00e7a\u011f\u0131r\u0131\u015f\u0131n\u0131 pozdu v\u0259 Erm\u0259nistana h\u00fccum etdi. H\u00fccumun h\u0259d\u0259fi m\u00fclki infrastruktur idi v\u0259 indi Az\u0259rbaycan Erm\u0259nistan Atom Elektrik Stansiyas\u0131na z\u0259rb\u0259 vurmaqla h\u0259d\u0259l\u0259yir.&#187;<\/p>\n\n\n\n<p>Realiti-\u015founun amerikal\u0131 ulduzu Kim Karda\u015fyan bu bar\u0259d\u0259 \u00f6z &#171;Twitter&#187; s\u0259hif\u0259sind\u0259 yaz\u0131b.<\/p>\n\n\n\n<p>&#171;Bu arada, g\u0259l\u0259n h\u0259ft\u0259 AB\u015e-\u0131n Az\u0259rbaycana qar\u015f\u0131 h\u0259rbi yard\u0131m g\u00f6st\u0259rm\u0259m\u0259sini t\u0259min ed\u0259n milli m\u00fcdafi\u0259 haqq\u0131nda qanuna d\u00fcz\u0259li\u015fl\u0259 ba\u011fl\u0131 s\u0259sverm\u0259 olacaq.<\/p>\n\n\n\n<figure class=\"wp-block-image size-large\"><img loading=\"lazy\" decoding=\"async\" width=\"610\" height=\"380\" src=\"http:\/\/fedai.az\/wp-content\/uploads\/2020\/07\/109591817_940336599773904_4888725467518405164_n.jpg\" alt=\"\" class=\"wp-image-10365\" srcset=\"https:\/\/fedai.az\/wp-content\/uploads\/2020\/07\/109591817_940336599773904_4888725467518405164_n.jpg 610w, https:\/\/fedai.az\/wp-content\/uploads\/2020\/07\/109591817_940336599773904_4888725467518405164_n-300x187.jpg 300w, https:\/\/fedai.az\/wp-content\/uploads\/2020\/07\/109591817_940336599773904_4888725467518405164_n-150x93.jpg 150w, https:\/\/fedai.az\/wp-content\/uploads\/2020\/07\/109591817_940336599773904_4888725467518405164_n-115x73.jpg 115w\" sizes=\"auto, (max-width: 610px) 100vw, 610px\" \/><\/figure>\n\n\n\n<p>Beyn\u0259lxalq ictimaiyy\u0259t m\u00fcdaxil\u0259 etm\u0259li v\u0259 siyasi v\u0259 diplomatik t\u0259dbirl\u0259r vasit\u0259sil\u0259 daha da k\u0259skinl\u0259\u015fm\u0259nin v\u0259 h\u0259yat itkisinin qar\u015f\u0131s\u0131n\u0131 almal\u0131d\u0131r.<\/p>\n\n\n\n<p>M\u0259n Erm\u0259nistana yax\u0131nam v\u0259 s\u0259rh\u0259dd\u0259ki bu g\u0259rginlikd\u0259 i\u015ftirak ed\u0259nl\u0259r \u00fc\u00e7\u00fcn dua edir\u0259m. Pandemiyan\u0131n bu \u00e7\u0259tin d\u00f6vr\u00fcnd\u0259 v\u0259ziyy\u0259tin s\u00fclh yolu il\u0259 h\u0259llin\u0259 \u00e7a\u011f\u0131r\u0131ram&#187;- deyib.<\/p>\n\n\n\n<p>Vallahi, ciddi deyir\u0259m, dey\u0259s\u0259n bu selikon torbas\u0131 Karda\u015fyan Konqresi v\u0259 Tramp\u0131 haralar\u0131ndansa tora sal\u0131b. O deyir, bunlar edir. Bel\u0259 gets\u0259 AB\u015e-\u0131n prezidenti el\u0259 erm\u0259ni hiyeredulu Kim Karda\u015fyan olacaq.<\/p>\n\n\n\n<p>Bu soyad\u0131n m\u0259nas\u0131 el\u0259 bilm\u0259yin &#171;qarda\u015f&#187;-zad dem\u0259kdir. Bu ad Artemid v\u0259 Afrodita m\u0259b\u0259dind\u0259 m\u00fcq\u0259dd\u0259s m\u0259b\u0259d fahi\u015f\u0259liyi il\u0259 m\u0259\u015f\u011ful olan erm\u0259ni qad\u0131nlar\u0131n\u0131n ba\u015f\u0131 istiqam\u0259tind\u0259 ucalan s\u00fctunlar KARATA\u015e adlan\u0131rd\u0131 v\u0259 bu g\u00fcn bu ad\u0131 Kim ya\u015fad\u0131r&#8230;<\/p>\n\n\n\n<p><strong>Yaz\u0131q Kim Karata\u015fyan, erm\u0259nil\u0259rin d\u0259rdiyl\u0259 &#171;girm\u0259diyi kol&#187; qalmay\u0131b. H\u0259m d\u0259 dey\u0259s\u0259n AB\u015e-\u0131n d\u00f6vl\u0259t \u0259h\u0259miyy\u0259tli q\u0259rarlar\u0131 Karda\u015fyangild\u0259 yaz\u0131l\u0131r&#8230;<\/strong><\/p>\n\n\n\n<p><strong>X. \u018fd\u0259bo\u011flu<br>AVMV\u0130B M\u0259tbuat Xidm\u0259tinin r\u0259hb\u0259ri<\/strong><\/p>\n","protected":false},"excerpt":{"rendered":"<p>D\u00fcn\u0259n yazm\u0131\u015fd\u0131m: &#171;Kim Karda\u015fyan AB\u015e Konqresini dolay\u0131b. Dey\u0259s\u0259n d\u00fcnyan\u0131n b\u00fct\u00fcn x\u0259st\u0259l\u0259ri v\u0259 ba\u015fdan xarablar\u0131 AB\u015e Konqresin\u0259 y\u0131\u011f\u0131\u015f\u0131b. Erm\u0259nistan MN s\u00f6z\u00e7\u00fcs\u00fc \u015eu\u015fan Stepanyan \u00f6z facebook<\/p>\n","protected":false},"author":2,"featured_media":0,"comment_status":"closed","ping_status":"closed","sticky":false,"template":"","format":"standard","meta":{"footnotes":""},"categories":[15],"tags":[],"class_list":["post-10364","post","type-post","status-publish","format-standard","hentry","category-atmaca"],"aioseo_notices":[],"_links":{"self":[{"href":"https:\/\/fedai.az\/index.php?rest_route=\/wp\/v2\/posts\/10364","targetHints":{"allow":["GET"]}}],"collection":[{"href":"https:\/\/fedai.az\/index.php?rest_route=\/wp\/v2\/posts"}],"about":[{"href":"https:\/\/fedai.az\/index.php?rest_route=\/wp\/v2\/types\/post"}],"author":[{"embeddable":true,"href":"https:\/\/fedai.az\/index.php?rest_route=\/wp\/v2\/users\/2"}],"replies":[{"embeddable":true,"href":"https:\/\/fedai.az\/index.php?rest_route=%2Fwp%2Fv2%2Fcomments&post=10364"}],"version-history":[{"count":1,"href":"https:\/\/fedai.az\/index.php?rest_route=\/wp\/v2\/posts\/10364\/revisions"}],"predecessor-version":[{"id":10367,"href":"https:\/\/fedai.az\/index.php?rest_route=\/wp\/v2\/posts\/10364\/revisions\/10367"}],"wp:attachment":[{"href":"https:\/\/fedai.az\/index.php?rest_route=%2Fwp%2Fv2%2Fmedia&parent=10364"}],"wp:term":[{"taxonomy":"category","embeddable":true,"href":"https:\/\/fedai.az\/index.php?rest_route=%2Fwp%2Fv2%2Fcategories&post=10364"},{"taxonomy":"post_tag","embeddable":true,"href":"https:\/\/fedai.az\/index.php?rest_route=%2Fwp%2Fv2%2Ftags&post=10364"}],"curies":[{"name":"wp","href":"https:\/\/api.w.org\/{rel}","templated":true}]}}