{"id":10368,"date":"2020-07-18T05:14:12","date_gmt":"2020-07-18T01:14:12","guid":{"rendered":"http:\/\/fedai.az\/?p=10368"},"modified":"2020-07-18T05:14:19","modified_gmt":"2020-07-18T01:14:19","slug":"basi-qara-qayaya-d%c9%99y%c9%99n-pasinyan-sulhd%c9%99n-danisir","status":"publish","type":"post","link":"https:\/\/fedai.az\/?p=10368","title":{"rendered":"Ba\u015f\u0131 Qara qayaya d\u0259y\u0259n Pa\u015finyan s\u00fclhd\u0259n dan\u0131\u015f\u0131r"},"content":{"rendered":"\n<p><strong>&#171;M\u00fcnaqi\u015f\u0259nin g\u00fcc\u0259 \u0259saslanan h\u0259lli v\u0259 s\u00fclh dan\u0131\u015f\u0131qlar\u0131na alternativ yoxdur&#187;.<\/strong><\/p>\n\n\n\n<p>Qaynar.info MK.ru-ya istinadla x\u0259b\u0259r verir ki, bu s\u00f6zl\u0259r i\u015f\u011fal\u00e7\u0131 Erm\u0259nistan\u0131n Ba\u015f naziri Nikol Pa\u015finyan Minskd\u0259 Avroasiya \u0130qtisadi \u0130ttifaq\u0131n\u0131n h\u00f6kum\u0259tl\u0259raras\u0131 \u015furas\u0131n\u0131n iclas\u0131nda Az\u0259rbaycanla toqqu\u015fmalarla ba\u011fl\u0131 b\u0259yanatda yer al\u0131b.\u00a0O \u0259lav\u0259 edib ki, bu, b\u00fct\u00fcn b\u00f6lg\u0259 xalqlar\u0131n\u0131n maraqlar\u0131na uy\u011fundur.<\/p>\n\n\n\n<p><br>Xat\u0131rladaq ki, Az\u0259rbaycanla Erm\u0259nistan aras\u0131ndak\u0131 s\u0259rh\u0259dd\u0259 qar\u015f\u0131durmalar iyulun 12-d\u0259 G\u00fcrc\u00fcstanla h\u0259ms\u0259rh\u0259d olan Tovuz v\u0259 Tavu\u015f rayonlar\u0131nda ba\u015flay\u0131b. Az\u0259rbaycan s\u0259rh\u0259din\u0259 h\u00fccum ed\u0259n Erm\u0259nistan h\u0259rbi birl\u0259\u015fm\u0259l\u0259ri a\u011f\u0131r itkil\u0259r ver\u0259r\u0259k geri oturdulub.\u00a0<\/p>\n","protected":false},"excerpt":{"rendered":"<p>&#171;M\u00fcnaqi\u015f\u0259nin g\u00fcc\u0259 \u0259saslanan h\u0259lli v\u0259 s\u00fclh dan\u0131\u015f\u0131qlar\u0131na alternativ yoxdur&#187;. Qaynar.info MK.ru-ya istinadla x\u0259b\u0259r verir ki, bu s\u00f6zl\u0259r i\u015f\u011fal\u00e7\u0131 Erm\u0259nistan\u0131n Ba\u015f naziri Nikol Pa\u015finyan Minskd\u0259<\/p>\n","protected":false},"author":2,"featured_media":10369,"comment_status":"closed","ping_status":"closed","sticky":false,"template":"","format":"standard","meta":{"footnotes":""},"categories":[1],"tags":[],"class_list":["post-10368","post","type-post","status-publish","format-standard","has-post-thumbnail","hentry","category-siyast"],"aioseo_notices":[],"_links":{"self":[{"href":"https:\/\/fedai.az\/index.php?rest_route=\/wp\/v2\/posts\/10368","targetHints":{"allow":["GET"]}}],"collection":[{"href":"https:\/\/fedai.az\/index.php?rest_route=\/wp\/v2\/posts"}],"about":[{"href":"https:\/\/fedai.az\/index.php?rest_route=\/wp\/v2\/types\/post"}],"author":[{"embeddable":true,"href":"https:\/\/fedai.az\/index.php?rest_route=\/wp\/v2\/users\/2"}],"replies":[{"embeddable":true,"href":"https:\/\/fedai.az\/index.php?rest_route=%2Fwp%2Fv2%2Fcomments&post=10368"}],"version-history":[{"count":1,"href":"https:\/\/fedai.az\/index.php?rest_route=\/wp\/v2\/posts\/10368\/revisions"}],"predecessor-version":[{"id":10370,"href":"https:\/\/fedai.az\/index.php?rest_route=\/wp\/v2\/posts\/10368\/revisions\/10370"}],"wp:featuredmedia":[{"embeddable":true,"href":"https:\/\/fedai.az\/index.php?rest_route=\/wp\/v2\/media\/10369"}],"wp:attachment":[{"href":"https:\/\/fedai.az\/index.php?rest_route=%2Fwp%2Fv2%2Fmedia&parent=10368"}],"wp:term":[{"taxonomy":"category","embeddable":true,"href":"https:\/\/fedai.az\/index.php?rest_route=%2Fwp%2Fv2%2Fcategories&post=10368"},{"taxonomy":"post_tag","embeddable":true,"href":"https:\/\/fedai.az\/index.php?rest_route=%2Fwp%2Fv2%2Ftags&post=10368"}],"curies":[{"name":"wp","href":"https:\/\/api.w.org\/{rel}","templated":true}]}}