{"id":10371,"date":"2020-07-18T05:24:18","date_gmt":"2020-07-18T01:24:18","guid":{"rendered":"http:\/\/fedai.az\/?p=10371"},"modified":"2020-07-18T18:38:12","modified_gmt":"2020-07-18T14:38:12","slug":"zaqatala-qazil%c9%99ri-doyus%c9%99-hazirdir%ef%b8%8f","status":"publish","type":"post","link":"https:\/\/fedai.az\/?p=10371","title":{"rendered":"Zaqatala qazil\u0259ri d\u00f6y\u00fc\u015f\u0259 haz\u0131rd\u0131r\ufe0f"},"content":{"rendered":"\n<p><br><strong>Zaqatala 708 sayl\u0131 batalyonun bir qrup Qaraba\u011f qazil\u0259ri Musayev Nuru\u015f, Q\u0259dirov Qas\u0131m, \u00d6m\u0259rov Nur\u0259ddin, Zeynalov Kamran, S\u0259f\u0259r Qaraca v\u0259 H\u0259s\u0259nov Salman S\u0259f\u0259rb\u0259rlik v\u0259 H\u0259rbi Xidm\u0259t\u0259 \u00c7a\u011f\u0131r\u0131\u015f \u00fczr\u0259 D\u00f6vl\u0259t Xidm\u0259tind\u0259 k\u00f6n\u00fcll\u00fc d\u00f6y\u00fc\u015fm\u0259k \u00fc\u00e7\u00fcn qeydiyyatdan ke\u00e7dil\u0259r.<\/strong> <\/p>\n\n\n\n<p>Torpaqlar\u0131m\u0131z\u0131n azad olunmas\u0131 u\u011frunda Ali Ba\u015f Komandan\u0131n ist\u0259nil\u0259n \u0259mrin\u0259 haz\u0131r olduqlar\u0131n\u0131 bildiribl\u0259r.<\/p>\n\n\n\n<p><br><strong>AVMV\u0130B Zaqatala rayon \u015f\u00f6b\u0259sinin s\u0259dri El\u00e7in Agababayev <\/strong>bildirib ki, &#171;Biz m\u00fcharib\u0259 od-alovunu g\u00f6rm\u00fc\u015f, \u00f6l\u00fcm\u00fcn g\u00f6z\u00fcn\u0259 dik baxaraq m\u0259nfur d\u00fc\u015fm\u0259n\u0259 qar\u015f\u0131 vuru\u015fmu\u015f insanlar\u0131q. Biz d\u00fc\u015fm\u0259ni g\u00f6r\u00fcb \u00fcz\u0259rin\u0259 getmi\u015fik. Torpaqlar\u0131m\u0131z\u0131 i\u015f\u011fal etmi\u015f erm\u0259ni da\u015fnaklar\u0131na qar\u015f\u0131 nifr\u0259tim sonsuzdur. Odur ki, m\u0259n h\u0259r d\u00f6y\u00fc\u015fd\u0259 i\u015ftirak etm\u0259y\u0259 can at\u0131ram. <\/p>\n\n\n\n<p>H\u0259tta bir ne\u00e7\u0259 g\u00fcn \u00f6nc\u0259 h\u0259rbi komissarl\u0131\u011fa m\u0259ktubla m\u00fcraci\u0259t ed\u0259r\u0259k bildirmi\u015f\u0259m ki, m\u0259n d\u00f6y\u00fc\u015f ba\u015fland\u0131\u011f\u0131 andan \u00f6n m\u00f6vqed\u0259 olaca\u011fam. \u00dcst\u0259lik, \u0259rz etmi\u015f\u0259m ki, qazi dostlar\u0131m m\u0259niml\u0259 birg\u0259 d\u00f6y\u00fc\u015fl\u0259r\u0259 haz\u0131rd\u0131r. <\/p>\n\n\n\n<p>N\u0259 gizl\u0259dim, \u0259razil\u0259rimizin i\u015f\u011fal alt\u0131nda olmas\u0131 m\u0259ni bir an bel\u0259 rahat buraxm\u0131r. Kiml\u0259rs\u0259 d\u00fc\u015f\u00fcn\u0259r ki, v\u00fccudlar\u0131n\u0131n h\u0259r hans\u0131 \u00fczv\u00fcn\u00fc itir\u0259n insan nec\u0259 d\u00f6y\u00fc\u015f\u0259 bil\u0259r, amma vallah, ayaqlar\u0131, qolar\u0131 olmayanlar s\u00fcr\u00fcn\u0259r\u0259k, g\u00f6zl\u0259ri olmayanlar hiss ed\u0259r\u0259k d\u00f6y\u00fc\u015f\u0259 g\u0259l\u0259c\u0259k. <\/p>\n\n\n\n<p><strong>Yet\u0259r ki, ya\u015fas\u0131n xalq\u0131m\u0131z, var olsun, m\u00fcst\u0259qil Az\u0259rbaycan\u0131m\u0131z&#187;.<\/strong><\/p>\n\n\n\n<p><strong>Leyla H\u0259s\u0259nova<\/strong><\/p>\n\n\n\n<figure class=\"wp-block-embed-facebook wp-block-embed is-type-video is-provider-facebook\"><div class=\"wp-block-embed__wrapper\">\n<div id=\"fb-root\"><\/div><script async=\"1\" defer=\"1\" crossorigin=\"anonymous\" src=\"https:\/\/connect.facebook.net\/az_AZ\/sdk.js#xfbml=1&amp;version=v7.0\" nonce=\"2XM2fGqy\"><\/script><div class=\"fb-video\" data-href=\"https:\/\/www.facebook.com\/leylaosmanli.yk\/videos\/4141617959242998\/?t=3\" data-width=\"715\"><blockquote cite=\"https:\/\/www.facebook.com\/leylaosmanli.yk\/videos\/4141617959242998\/\" class=\"fb-xfbml-parse-ignore\"><a href=\"https:\/\/www.facebook.com\/leylaosmanli.yk\/videos\/4141617959242998\/\"><\/a><p><\/p>Posted by <a href=\"#\" role=\"button\">Leyla Hesenova<\/a> on 17 \u0130yul 2020, C\u00fcm\u0259<\/blockquote><\/div>\n<\/div><\/figure>\n\n\n\n<figure class=\"wp-block-image size-large\"><img loading=\"lazy\" decoding=\"async\" width=\"960\" height=\"720\" src=\"http:\/\/fedai.az\/wp-content\/uploads\/2020\/07\/110294905_4141617485909712_8565524766644356840_n.jpg\" alt=\"\" class=\"wp-image-10372\" srcset=\"https:\/\/fedai.az\/wp-content\/uploads\/2020\/07\/110294905_4141617485909712_8565524766644356840_n.jpg 960w, https:\/\/fedai.az\/wp-content\/uploads\/2020\/07\/110294905_4141617485909712_8565524766644356840_n-300x225.jpg 300w, https:\/\/fedai.az\/wp-content\/uploads\/2020\/07\/110294905_4141617485909712_8565524766644356840_n-150x113.jpg 150w, https:\/\/fedai.az\/wp-content\/uploads\/2020\/07\/110294905_4141617485909712_8565524766644356840_n-768x576.jpg 768w\" sizes=\"auto, (max-width: 960px) 100vw, 960px\" \/><\/figure>\n","protected":false},"excerpt":{"rendered":"<p>Zaqatala 708 sayl\u0131 batalyonun bir qrup Qaraba\u011f qazil\u0259ri Musayev Nuru\u015f, Q\u0259dirov Qas\u0131m, \u00d6m\u0259rov Nur\u0259ddin, Zeynalov Kamran, S\u0259f\u0259r Qaraca v\u0259 H\u0259s\u0259nov Salman S\u0259f\u0259rb\u0259rlik v\u0259 H\u0259rbi<\/p>\n","protected":false},"author":2,"featured_media":10373,"comment_status":"closed","ping_status":"closed","sticky":false,"template":"","format":"standard","meta":{"footnotes":""},"categories":[1],"tags":[],"class_list":["post-10371","post","type-post","status-publish","format-standard","has-post-thumbnail","hentry","category-siyast"],"aioseo_notices":[],"_links":{"self":[{"href":"https:\/\/fedai.az\/index.php?rest_route=\/wp\/v2\/posts\/10371","targetHints":{"allow":["GET"]}}],"collection":[{"href":"https:\/\/fedai.az\/index.php?rest_route=\/wp\/v2\/posts"}],"about":[{"href":"https:\/\/fedai.az\/index.php?rest_route=\/wp\/v2\/types\/post"}],"author":[{"embeddable":true,"href":"https:\/\/fedai.az\/index.php?rest_route=\/wp\/v2\/users\/2"}],"replies":[{"embeddable":true,"href":"https:\/\/fedai.az\/index.php?rest_route=%2Fwp%2Fv2%2Fcomments&post=10371"}],"version-history":[{"count":2,"href":"https:\/\/fedai.az\/index.php?rest_route=\/wp\/v2\/posts\/10371\/revisions"}],"predecessor-version":[{"id":10403,"href":"https:\/\/fedai.az\/index.php?rest_route=\/wp\/v2\/posts\/10371\/revisions\/10403"}],"wp:featuredmedia":[{"embeddable":true,"href":"https:\/\/fedai.az\/index.php?rest_route=\/wp\/v2\/media\/10373"}],"wp:attachment":[{"href":"https:\/\/fedai.az\/index.php?rest_route=%2Fwp%2Fv2%2Fmedia&parent=10371"}],"wp:term":[{"taxonomy":"category","embeddable":true,"href":"https:\/\/fedai.az\/index.php?rest_route=%2Fwp%2Fv2%2Fcategories&post=10371"},{"taxonomy":"post_tag","embeddable":true,"href":"https:\/\/fedai.az\/index.php?rest_route=%2Fwp%2Fv2%2Ftags&post=10371"}],"curies":[{"name":"wp","href":"https:\/\/api.w.org\/{rel}","templated":true}]}}