{"id":10377,"date":"2020-07-18T12:59:09","date_gmt":"2020-07-18T08:59:09","guid":{"rendered":"http:\/\/fedai.az\/?p=10377"},"modified":"2020-07-18T12:59:21","modified_gmt":"2020-07-18T08:59:21","slug":"tovuz-doyusl%c9%99ri-il%c9%99-bagli-sirl%c9%99r-acildi-yarali-h%c9%99rbcil%c9%99rimiz-s%c9%99hidl%c9%99rimizl%c9%99-birg%c9%99-n%c9%99l%c9%99r-yasadiqlarini-anlatdi-foto","status":"publish","type":"post","link":"https:\/\/fedai.az\/?p=10377","title":{"rendered":"Tovuz d\u00f6y\u00fc\u015fl\u0259ri il\u0259 ba\u011fl\u0131 S\u0130RL\u018fR A\u00c7ILDI &#8212; Yaral\u0131 h\u0259rb\u00e7il\u0259rimiz \u015f\u0259hidl\u0259rimizl\u0259 birg\u0259 n\u0259l\u0259r ya\u015fad\u0131qlar\u0131n\u0131 anlatd\u0131 (FOTO)"},"content":{"rendered":"\n<p><strong>\u0130yul ay\u0131n\u0131n 12-d\u0259 Erm\u0259nistan\u0131n h\u0259rbi birl\u0259\u015fm\u0259l\u0259ri Az\u0259rbaycan\u0131n d\u00f6vl\u0259t s\u0259rh\u0259dini pozaraq Tovuz rayonu istiqam\u0259tind\u0259n irimiqyasl\u0131 t\u0259xribat t\u00f6r\u0259tm\u0259k ist\u0259di. Az\u0259rbaycan Ordusunun b\u00f6lm\u0259l\u0259ri d\u00fc\u015fm\u0259nin q\u0259fil h\u00fccumunun qar\u015f\u0131s\u0131n\u0131 q\u0259tiyy\u0259tl\u0259 ald\u0131. D\u00fc\u015fm\u0259nin ne\u00e7\u0259-ne\u00e7\u0259 dayaq m\u0259nt\u0259q\u0259si da\u011f\u0131d\u0131ld\u0131, ne\u00e7\u0259-ne\u00e7\u0259 d\u00f6y\u00fc\u015f texnikas\u0131 s\u0131radan \u00e7\u0131xar\u0131ld\u0131, onlarla h\u0259rb\u00e7isi m\u0259hv edildi. D\u00f6y\u00fc\u015fd\u0259 Az\u0259rbaycan \u0259sg\u0259rinin d\u00f6y\u00fc\u015f haz\u0131rl\u0131\u011f\u0131, q\u0259l\u0259b\u0259 ruhu, v\u0259t\u0259np\u0259rv\u0259rliyi d\u00fc\u015fm\u0259nin i\u015f\u011fal\u00e7\u0131l\u0131q niyy\u0259tin\u0259 qalib g\u0259ldi. Az\u0259rbaycan Respublikas\u0131n\u0131n Prezidenti \u0130lham \u018fliyev iyulun 13-d\u0259 T\u0259hl\u00fck\u0259sizlik \u015euras\u0131n\u0131n iclas\u0131nda beyn\u0259lxalq t\u0259\u015fkilatlar\u0131n Erm\u0259nistan\u0131n&nbsp; i\u015f\u011fal\u00e7\u0131l\u0131q siyas\u0259tin\u0259 ciddi \u0259dal\u0259tli m\u00fcnasib\u0259t bildirm\u0259diyini bir daha xat\u0131rlatd\u0131. Bu xat\u0131rlatma Az\u0259rbaycan \u0259sg\u0259rinin q\u00fcdr\u0259tin\u0259 inam idi.<\/strong><\/p>\n\n\n\n<p>Fedai.az\u00a0&#171;Report&#187;a istinad\u0259n x\u0259b\u0259r verir ki, d\u00fc\u015fm\u0259nin t\u00f6r\u0259tdiyi t\u0259xribat\u0131n qar\u015f\u0131s\u0131n\u0131 alark\u0259n yaralanan\u00a0Az\u0259rbaycan Ordusunun q\u0259hr\u0259man h\u0259rb\u00e7il\u0259ri hadis\u0259nin nec\u0259 ba\u015f verdiyini dan\u0131\u015f\u0131blar.\u00a0\u00a0<\/p>\n\n\n\n<figure class=\"wp-block-image\"><img decoding=\"async\" src=\"https:\/\/static.report.az\/photo\/4a264de9-57ca-3a09-9a7a-1916b1c98543.jpg\" alt=\"\"\/><\/figure>\n\n\n\n<p><strong>Ba\u015f leytenant Tusi \u018fliyev:<\/strong><\/p>\n\n\n\n<p>&#8212; Art\u0131q ne\u00e7\u0259 g\u00fcnd\u00fcr Tovuz rayonunun A\u011fdam k\u0259ndi istiqam\u0259tind\u0259 k\u0259skin d\u00f6y\u00fc\u015fl\u0259r, \u0259sas\u0259n d\u0259 artilleriya d\u00f6y\u00fc\u015fl\u0259ri gedir. D\u00f6y\u00fc\u015fl\u0259r zaman\u0131 top m\u0259rmisinin partlamas\u0131 n\u0259tic\u0259sind\u0259 m\u00fcdd\u0259td\u0259n art\u0131q h\u0259qiqi h\u0259rbi xidm\u0259t h\u0259rbi qulluq\u00e7usu \u0259sg\u0259r El\u00e7in Mustafayev \u015f\u0259hid oldu. Atalar\u0131m\u0131z &#171;Torpaq u\u011frunda \u00f6l\u0259n varsa, V\u0259t\u0259ndir&#187; deyibl\u0259r. M\u00fcharib\u0259 itkisiz olmur. Qaraba\u011f u\u011frunda m\u00fcbariz\u0259d\u0259 1992-ci ild\u0259n bu g\u00fcn\u0259 kimi minl\u0259rl\u0259 \u015f\u0259hidimiz olub. El\u00e7in d\u0259 h\u0259min m\u00fcq\u0259dd\u0259s m\u0259qama qovu\u015fdu. Ham\u0131m\u0131z\u0131n onlar\u0131n ruhu v\u0259 analar\u0131 qar\u015f\u0131s\u0131nda borcumuz var. Yaralanma\u011f\u0131ma baxmayaraq, \u015f\u0259hidimizin t\u0259hl\u00fck\u0259siz m\u00f6vqey\u0259 t\u0259xliy\u0259 edilm\u0259sin\u0259 yard\u0131m etdim. Hesab edir\u0259m ki, d\u00f6y\u00fc\u015f meydan\u0131nda bu g\u00fcn m\u0259n\u0259 ehtiyac var. Tez sa\u011fal\u0131b d\u00f6y\u00fc\u015f yolda\u015flar\u0131m\u0131n yan\u0131na qay\u0131tma\u011fa t\u0259l\u0259sir\u0259m.<\/p>\n\n\n\n<p><br>Az\u0259rbaycan Ordusunun h\u0259rbi qulluq\u00e7usu kimi V\u0259t\u0259nim\u0259, xalq\u0131ma, d\u00f6vl\u0259tim\u0259, Az\u0259rbaycan\u0131n h\u0259rbi s\u0259hiyy\u0259sin\u0259 g\u00fcv\u0259nir\u0259m. Sevindirici hal ondan ibar\u0259tdir ki, bu g\u00fcn h\u0259rbi qulluq\u00e7ular\u0131n sa\u011flaml\u0131\u011f\u0131n\u0131n ke\u015fiyind\u0259 duran, t\u0259cr\u00fcb\u0259li kadrlar\u0131m\u0131z, h\u0259rb\u00e7il\u0259rimiz, h\u0259rbi h\u0259kiml\u0259rimiz var. T\u0259sad\u00fcfi deyil ki, 2016-c\u0131 ilin Aprel d\u00f6y\u00fc\u015fl\u0259rind\u0259 d\u0259 tibb xidm\u0259ti \u0259n yax\u015f\u0131 c\u0259h\u0259td\u0259n \u00f6z\u00fcn\u00fc g\u00f6st\u0259rdi. H\u0259kiml\u0259rimiz dem\u0259k olar ki, q\u0259hr\u0259manl\u0131q n\u00fcmayi\u015f etdirdil\u0259r. Bu g\u00fcn d\u0259 biz h\u0259rbi h\u0259kiml\u0259rimizin f\u0259dakarl\u0131\u011f\u0131n\u0131n \u015fahidiyik. Bu g\u00fcn m\u0259n sa\u011flaml\u0131\u011f\u0131m\u0131z\u0131 qorumaq namin\u0259 gec\u0259-g\u00fcnd\u00fcz \u00e7al\u0131\u015fan h\u0259rbi h\u0259kiml\u0259rimiz\u0259, tibbi personala t\u0259\u015f\u0259kk\u00fcr edir\u0259m. Biz sizinl\u0259 f\u0259xr edirik, \u0259ziz h\u0259kiml\u0259rimiz. Biz sa\u011flaml\u0131\u011f\u0131m\u0131z\u0131 sizl\u0259r\u0259 borcluyuq. Ancaq \u0259n b\u00f6y\u00fck borcumuz V\u0259t\u0259nimiz Az\u0259rbaycanad\u0131r.<\/p>\n\n\n\n<p><br>V\u0259t\u0259n yolumuzu g\u00f6zl\u0259yir. V\u0259t\u0259n namin\u0259 bizim i\u015fimiz haqq i\u015fidir. Az\u0259rbaycan Ordusu Aprel d\u00f6y\u00fc\u015fl\u0259rind\u0259, G\u00fcnn\u00fct z\u0259f\u0259rind\u0259, el\u0259c\u0259 d\u0259 Tovuz rayonu istiqam\u0259tind\u0259 ged\u0259n d\u00f6y\u00fc\u015fl\u0259rd\u0259 d\u0259 d\u00fc\u015fm\u0259n\u0259 yerini g\u00f6st\u0259rdi, ona \u00e7ox b\u00f6y\u00fck sars\u0131d\u0131c\u0131 z\u0259rb\u0259l\u0259r vurdu. Bunun g\u00fcnahkar\u0131 erm\u0259nil\u0259r \u00f6zl\u0259ridir. H\u0259min q\u0259l\u0259b\u0259l\u0259r Az\u0259rbaycan\u0131n q\u0259tiyy\u0259tli v\u0259 g\u00fccl\u00fc Ali Ba\u015f Komandan\u0131n\u0131n r\u0259hb\u0259rliyi alt\u0131nda q\u00fcdr\u0259tli ordusunun formala\u015fd\u0131\u011f\u0131n\u0131 v\u0259 xalq-d\u00f6vl\u0259t birliyinin tamamil\u0259 yeni \u00e7alarlar\u0131n\u0131 ortaya qoydu. Art\u0131q Az\u0259rbaycan d\u00f6vl\u0259ti g\u00fccl\u00fc d\u00f6vl\u0259tdir, ordusu da g\u00fccl\u00fc ordudur. Az\u0259rbaycan ordusunun b\u00fct\u00fcn \u015f\u0259xsi hey\u0259ti d\u00fc\u015fm\u0259ni m\u0259hv etm\u0259y\u0259, eyni zamanda, laz\u0131m g\u0259ldiyi anda Az\u0259rbaycan torpaqlar\u0131n\u0131n m\u00fcdafi\u0259si u\u011frunda can\u0131ndan ke\u00e7m\u0259y\u0259 haz\u0131rd\u0131r.<\/p>\n\n\n\n<p>Zabitin d\u0259y\u0259ri xidm\u0259t etdiyi orduya, ya\u015fad\u0131\u011f\u0131 c\u0259miyy\u0259t\u0259, do\u011fma xalq\u0131na, elin\u0259-obas\u0131na n\u0259 d\u0259r\u0259c\u0259d\u0259 g\u0259r\u0259kli olmas\u0131 il\u0259 \u00f6l\u00e7\u00fcl\u00fcr. Bu g\u00fcn ordumuz m\u00fcharib\u0259 meydan\u0131nda d\u00fc\u015fm\u0259nl\u0259 \u00fcz-\u00fcz\u0259dir. Bel\u0259 bir m\u0259qamda ordumuz \u00fc\u00e7\u00fcn h\u0259r g\u00fcn s\u0131naq var. Ali Ba\u015f Komandan\u0131m\u0131z\u0131n r\u0259hb\u0259rliyi il\u0259 bu s\u0131naqdan tezlikl\u0259 \u00e7\u0131xma\u011f\u0131n, Aprel v\u0259 G\u00fcnn\u00fct z\u0259f\u0259rl\u0259ri kimi q\u0259l\u0259b\u0259l\u0259r qazanma\u011f\u0131n, B\u00f6y\u00fck Q\u0259l\u0259b\u0259nin tarixini yazma\u011f\u0131n vaxt\u0131d\u0131r.<\/p>\n\n\n\n<figure class=\"wp-block-image\"><img decoding=\"async\" src=\"https:\/\/static.report.az\/photo\/56f22bc9-afc0-3cba-b63f-591a296e0b7e.jpg\" alt=\"\"\/><\/figure>\n\n\n\n<p><br><strong>\u00c7avu\u015f Faiq Abdiyev:<\/strong><\/p>\n\n\n\n<p>&#8212; M\u00fcharib\u0259nin n\u0259 oldu\u011funu yax\u015f\u0131 bilir\u0259m. U\u015faql\u0131\u011f\u0131mda erm\u0259nil\u0259rin bu t\u0259r\u0259fl\u0259r\u0259 h\u0259ml\u0259l\u0259ri, k\u0259ndl\u0259ri artilleriya at\u0259\u015fin\u0259 tutmalar\u0131 haqq\u0131nda \u00e7ox e\u015fidirdim. Torpaqlar\u0131m\u0131z\u0131 i\u015f\u011faldan azad ed\u0259nl\u0259rin s\u0131ralar\u0131nda olmaq \u00fc\u00e7\u00fcn h\u0259qiqi h\u0259rbi xidm\u0259td\u0259n sonra xidm\u0259timi davam etdirm\u0259yi q\u0259rara ald\u0131m. \u00d6n x\u0259td\u0259 xidm\u0259t etm\u0259yin m\u0259suliyy\u0259ti m\u0259n\u0259 d\u0259 yax\u015f\u0131 tan\u0131\u015fd\u0131r. \u00d6z\u00fcm h\u0259rbi nizamnam\u0259l\u0259r \u00e7\u0259r\u00e7iv\u0259sind\u0259 xidm\u0259t etm\u0259y\u0259 \u00e7al\u0131\u015f\u0131ram, s\u00f6z d\u00fc\u015f\u0259nd\u0259 \u0259sg\u0259rl\u0259rimiz\u0259 d\u0259 bel\u0259 xidm\u0259t etm\u0259yi t\u00f6vsiy\u0259 edir\u0259m. \u018fsg\u0259rl\u0259rimiz&nbsp; V\u0259t\u0259n\u0259 s\u0259daq\u0259tl\u0259 xidm\u0259t edirl\u0259r. \u0130yulun 12-d\u0259n ba\u015flayan d\u00f6y\u00fc\u015fl\u0259rd\u0259 d\u0259 onlar m\u0259rdlikl\u0259, Az\u0259rbaycan \u0259sg\u0259rinin ad\u0131na layiq vuru\u015fdular.<\/p>\n\n\n\n<p>\u0130yulun 12-d\u0259 erm\u0259nil\u0259r artilleriya qur\u011fular\u0131ndan istifad\u0259 etm\u0259kl\u0259 m\u00f6vqel\u0259rimiz\u0259 h\u00fccum etdi. D\u00f6vl\u0259t s\u0259rh\u0259dimizi ke\u00e7m\u0259y\u0259 c\u0259hd g\u00f6st\u0259rdi. Q\u0259fil h\u00fccum h\u0259mi\u015f\u0259 d\u00f6y\u00fc\u015f n\u00f6vb\u0259t\u00e7iliyini diqq\u0259tl\u0259, m\u0259suliyy\u0259tl\u0259 aparan, m\u00f6vqel\u0259rd\u0259, s\u0259ng\u0259rl\u0259rd\u0259 ay\u0131q-say\u0131q dayanan \u0259sg\u0259rl\u0259rimizi \u00e7a\u015fd\u0131rmad\u0131. Cavab at\u0259\u015fi a\u00e7d\u0131q. Komandanl\u0131\u011f\u0131n \u0259mri il\u0259 h\u00fccumun qar\u015f\u0131s\u0131n\u0131 alma \u0259m\u0259liyyat\u0131na qo\u015fulduq.<\/p>\n\n\n\n<p>Y\u00fcks\u0259k d\u00f6y\u00fc\u015f v\u0259 m\u0259n\u0259vi-psixoloji haz\u0131rl\u0131\u011fa malik olan \u0259sg\u0259rl\u0259rimiz q\u0259tiyy\u0259tl\u0259 vuru\u015furdular. 2016-c\u0131 ilin Aprel d\u00f6y\u00fc\u015fl\u0259rind\u0259 oldu\u011fu kimi, bu d\u00f6y\u00fc\u015fd\u0259 d\u0259 d\u00fc\u015fm\u0259ni darmada\u011f\u0131n etdik, d\u00f6y\u00fc\u015f texnikalar\u0131n\u0131 s\u0131radan \u00e7\u0131xartd\u0131q, canl\u0131 q\u00fcvv\u0259sini m\u0259hv etdik. Komandanl\u0131\u011f\u0131n \u0259mri yerin\u0259 yetirilm\u0259liydi. Bu \u0259mr V\u0259t\u0259nin \u0259mri kimi yerin\u0259 yetirilm\u0259liydi.<br>A\u011fdam k\u0259ndi istiqam\u0259tind\u0259 ged\u0259n d\u00f6y\u00fc\u015fd\u0259 ba\u015f gizir El\u015f\u0259n M\u0259mm\u0259d\u0259liyevl\u0259 birlikd\u0259 vuru\u015furduq. B\u00f6lm\u0259miz d\u00fc\u015fm\u0259nin h\u00fccumunun qar\u015f\u0131s\u0131n\u0131 ald\u0131\u011f\u0131 m\u0259qamlarda ba\u015fqa istiqam\u0259td\u0259n at\u0131lan minaatan m\u0259rmisinin q\u0259lp\u0259l\u0259rind\u0259n ikimiz d\u0259 yaraland\u0131q. \u0130ndi m\u00fcalic\u0259 olunuruq.<\/p>\n\n\n\n<p>Tibb bac\u0131lar\u0131 Aynur\u0259 M\u0259mm\u0259dova v\u0259 Leyla Quliyeva t\u0259kc\u0259 v\u0259zif\u0259 borclar\u0131n\u0131 yerin\u0259 yetirmirl\u0259r, h\u0259m d\u0259 biz\u0259 \u0259zizl\u0259ri kimi qulluq edirl\u0259r. M\u0259n\u0259 el\u0259 g\u0259lir ki, onlar\u0131n biz\u0259 olan qay\u011f\u0131s\u0131 xalq\u0131n ehtiram\u0131d\u0131r. Tez sa\u011falmaq, yenid\u0259n h\u0259rbi xidm\u0259t\u0259 qay\u0131tmaq, Ali Ba\u015f Komandan\u0131n d\u00f6y\u00fc\u015f \u0259mrini q\u0259l\u0259b\u0259yl\u0259 tamamlayacaq \u0259sg\u0259rl\u0259rimizin s\u0131ras\u0131nda olmaq ist\u0259yir\u0259m. Bel\u0259 d\u0259 olacaq. Biz torpaqlar\u0131m\u0131z\u0131 i\u015f\u011faldan azad ed\u0259c\u0259yik!<\/p>\n\n\n\n<figure class=\"wp-block-image\"><img decoding=\"async\" src=\"https:\/\/static.report.az\/photo\/abe27de3-864b-3fd5-afd8-3247d372bdb1.jpg\" alt=\"\"\/><\/figure>\n\n\n\n<p><br><strong>\u018fsg\u0259r Nurlan Quliyev:<\/strong><\/p>\n\n\n\n<p>&#8212; 2016-c\u0131 ilin Aprel d\u00f6y\u00fc\u015fl\u0259rind\u0259 orta m\u0259kt\u0259bd\u0259 oxuyurdum. M\u0259n d\u0259 sinif yolda\u015flar\u0131m kimi ya\u015f\u0131m\u0131n azl\u0131\u011f\u0131na t\u0259\u0259ss\u00fcfl\u0259nirdim. H\u0259rbi xidm\u0259t\u0259 \u00e7a\u011f\u0131r\u0131ld\u0131m. Atamdan, bu yolu ke\u00e7\u0259n qon\u015fular\u0131mdan h\u0259rbi xidm\u0259t haqq\u0131nda \u00e7ox e\u015fitmi\u015fdim. \u00d6z\u00fcm\u00fc x\u0259yal\u0259n s\u0131rada hiss edirdim.<\/p>\n\n\n\n<p>H\u0259rbi xidm\u0259tin mahiyy\u0259tini ilk d\u00f6y\u00fc\u015f n\u00f6vb\u0259t\u00e7iliyimd\u0259 daha \u0259trafl\u0131 hiss etdim. M\u0259n d\u0259 dig\u0259r \u0259sg\u0259r yolda\u015flar\u0131m kimi, torpaqlar\u0131m\u0131z\u0131n i\u015f\u011faldan azad edilm\u0259si il\u0259 n\u0259tic\u0259l\u0259n\u0259c\u0259k d\u00f6y\u00fc\u015fl\u0259rin i\u015ftirak\u00e7\u0131s\u0131 olmaq ist\u0259yirdim.<\/p>\n\n\n\n<p>Erm\u0259nil\u0259r iyulun 12-d\u0259 g\u00fcnortaya yax\u0131n h\u00fccum etdi. Biz m\u00f6vqel\u0259rimizd\u0259, s\u0259ng\u0259rl\u0259rd\u0259 onsuz da h\u0259mi\u015f\u0259 ay\u0131q-say\u0131q dayanm\u0131\u015f\u0131q. H\u00fccumun qar\u015f\u0131s\u0131n\u0131 almaq \u00fc\u00e7\u00fcn at\u0131\u015fd\u0131q. D\u00fc\u015fm\u0259n artilleriya qur\u011fular\u0131 il\u0259, iri\u00e7apl\u0131 pulemyotlarla bizim d\u00f6y\u00fc\u015f aparma\u011f\u0131m\u0131za mane olma\u011fa \u00e7al\u0131\u015f\u0131rd\u0131. \u018fsg\u0259rl\u0259rimiz bu t\u0259hl\u00fck\u0259nin d\u0259 i\u00e7ind\u0259n m\u0259rdlikl\u0259 \u00e7\u0131x\u0131b d\u00f6y\u00fc\u015fd\u00fcl\u0259r.<br>Dayand\u0131\u011f\u0131m\u0131z m\u00f6vqeni V\u0259t\u0259n kimi qoruduq. \u018fsg\u0259rl\u0259rimizin q\u0259tiyy\u0259ti, v\u0259t\u0259nsev\u0259rliyi d\u00f6y\u00fc\u015f\u00fcn axar\u0131n\u0131 tamam d\u0259yi\u015fdi. D\u00fc\u015fm\u0259n g\u00f6rd\u00fc ki, Az\u0259rbaycan\u0131n d\u00f6vl\u0259t s\u0259rh\u0259dini pozmaq c\u0259hdi onlara baha ba\u015fa g\u0259l\u0259c\u0259k. Bir d\u0259f\u0259 sizin q\u0259zetinizd\u0259 T\u00fcrkiy\u0259nin qurtulu\u015f sava\u015f\u0131n\u0131n i\u015ftirak\u00e7\u0131s\u0131 olmu\u015f \u015e\u00fckr\u00fc pa\u015fan\u0131n v\u0259siyy\u0259ti d\u0259rc olunmu\u015fdu: &#171;D\u00fc\u015fm\u0259n s\u0259rh\u0259dl\u0259rimizi ke\u00e7\u0259nd\u0259n sonra \u00f6ls\u0259m m\u0259ni d\u0259fn etm\u0259yin, qoy \u0259timi itl\u0259r yesin, d\u00fc\u015fm\u0259n s\u0259rh\u0259dl\u0259rimizi ke\u00e7m\u0259mi\u015f \u00f6ls\u0259m k\u0259f\u0259nim, sabunum \u00e7antamdad\u0131r.&#187; Bu d\u00f6y\u00fc\u015fd\u0259 \u0259sg\u0259rl\u0259rimizin h\u0259r biri \u015e\u00fckr\u00fc pa\u015fa amal\u0131yla d\u00f6y\u00fc\u015f\u00fcrd\u00fc.<\/p>\n\n\n\n<p>D\u00f6y\u00fc\u015fd\u0259 yaraland\u0131m. \u0130ndi \u00f6z\u00fcm\u00fc yax\u015f\u0131 hiss edir\u0259m. D\u00fc\u015fm\u0259n m\u0259\u011flub oldu.&nbsp; Biz B\u00f6y\u00fck Q\u0259l\u0259b\u0259nin d\u0259 \u0259sg\u0259ri olaca\u011f\u0131q!<\/p>\n\n\n\n<p>H\u0259kiml\u0259rin, tibb bac\u0131lar\u0131n\u0131n qay\u011f\u0131s\u0131 say\u0259sind\u0259 tezlikl\u0259 sa\u011fal\u0131b xidm\u0259t yolda\u015flar\u0131m\u0131n yan\u0131na qay\u0131daca\u011fam.<br><br><strong>\u018fsg\u0259r Murad M\u00f6vlanl\u0131:<\/strong><\/p>\n\n\n\n<p>&#8212; \u0130yulun 12-d\u0259 g\u00fcnorta saatlar\u0131nda erm\u0259nil\u0259r h\u00fccuma ke\u00e7di. Biz h\u0259y\u0259can siqnal\u0131yla d\u00f6y\u00fc\u015f\u0259 qo\u015fulduq. D\u00fc\u015fm\u0259nin artilleriya at\u0259\u015fi ir\u0259lil\u0259m\u0259yimizi \u00e7\u0259tinl\u0259\u015fdirs\u0259 d\u0259, d\u00f6y\u00fc\u015f\u0259 girdik. Ancaq q\u0259l\u0259b\u0259 haqq\u0131nda d\u00fc\u015f\u00fcn\u00fcrd\u00fck. Biz\u0259 bel\u0259 g\u0259lirdi ki, bu d\u00f6y\u00fc\u015f m\u00fcharib\u0259nin son d\u00f6y\u00fc\u015f\u00fcd\u00fc, Qaraba\u011f\u0131 azad etm\u0259yin ba\u015flan\u011f\u0131c\u0131d\u0131.<\/p>\n\n\n\n<p>C\u0259sar\u0259tl\u0259 d\u00f6y\u00fc\u015f\u00fcrd\u00fck, b\u00fct\u00fcn t\u0259limatlara \u0259m\u0259l etm\u0259kl\u0259 d\u00f6y\u00fc\u015f\u00fcrd\u00fck, q\u0259l\u0259b\u0259 \u00fc\u00e7\u00fcn d\u00f6y\u00fc\u015f\u00fcrd\u00fck.<\/p>\n\n\n\n<p>Q\u0259fl\u0259t\u0259n qolumun heyd\u0259n d\u00fc\u015fd\u00fcy\u00fcn\u00fc hiss etdim. Yaralanm\u0131\u015fd\u0131m. \u018fsg\u0259r yolda\u015flar\u0131m m\u0259ni d\u00f6y\u00fc\u015f\u00fcn i\u00e7ind\u0259n \u00e7\u0131xartd\u0131.<\/p>\n\n\n\n<p>Yaralanma\u011f\u0131ma \u00e7ox, lap \u00e7ox t\u0259\u0259ss\u00fcfl\u0259ndim. Sonacan d\u00f6y\u00fc\u015f\u0259 bilm\u0259diyim\u0259 g\u00f6r\u0259 t\u0259\u0259ss\u00fcfl\u0259ndim.<\/p>\n\n\n\n<p>Biz qalib g\u0259ldik. Hospitalda e\u015fitdim ki, Bak\u0131da, Tovuzda v\u0259 dig\u0259r b\u00f6lg\u0259l\u0259rd\u0259 orduya d\u0259st\u0259k aksiyas\u0131 ke\u00e7irilib. Bu, d\u00f6y\u00fc\u015f\u0259n h\u0259rb\u00e7il\u0259rin q\u0259l\u0259b\u0259 ruhunu daha da k\u00fckr\u0259dir, ordu il\u0259 xalq\u0131n birliyini n\u00fcmayi\u015f etdirir.<\/p>\n\n\n\n<p>M\u00fcalic\u0259d\u0259n sonra xidm\u0259timi davam etdir\u0259c\u0259m. Ali Ba\u015f Komandan\u0131n d\u00f6y\u00fc\u015f \u0259mrini q\u0259l\u0259b\u0259 il\u0259 tamamlayacaq \u0259sg\u0259rl\u0259rin s\u0131ras\u0131nda m\u0259n d\u0259 olacam.<br>Xalq orduya inan\u0131r, ordu xalqa g\u00fcv\u0259nir&#8230;<\/p>\n","protected":false},"excerpt":{"rendered":"<p>\u0130yul ay\u0131n\u0131n 12-d\u0259 Erm\u0259nistan\u0131n h\u0259rbi birl\u0259\u015fm\u0259l\u0259ri Az\u0259rbaycan\u0131n d\u00f6vl\u0259t s\u0259rh\u0259dini pozaraq Tovuz rayonu istiqam\u0259tind\u0259n irimiqyasl\u0131 t\u0259xribat t\u00f6r\u0259tm\u0259k ist\u0259di. Az\u0259rbaycan Ordusunun b\u00f6lm\u0259l\u0259ri d\u00fc\u015fm\u0259nin q\u0259fil h\u00fccumunun qar\u015f\u0131s\u0131n\u0131<\/p>\n","protected":false},"author":2,"featured_media":10378,"comment_status":"closed","ping_status":"closed","sticky":false,"template":"","format":"standard","meta":{"footnotes":""},"categories":[3],"tags":[],"class_list":["post-10377","post","type-post","status-publish","format-standard","has-post-thumbnail","hentry","category-gundm"],"aioseo_notices":[],"_links":{"self":[{"href":"https:\/\/fedai.az\/index.php?rest_route=\/wp\/v2\/posts\/10377","targetHints":{"allow":["GET"]}}],"collection":[{"href":"https:\/\/fedai.az\/index.php?rest_route=\/wp\/v2\/posts"}],"about":[{"href":"https:\/\/fedai.az\/index.php?rest_route=\/wp\/v2\/types\/post"}],"author":[{"embeddable":true,"href":"https:\/\/fedai.az\/index.php?rest_route=\/wp\/v2\/users\/2"}],"replies":[{"embeddable":true,"href":"https:\/\/fedai.az\/index.php?rest_route=%2Fwp%2Fv2%2Fcomments&post=10377"}],"version-history":[{"count":1,"href":"https:\/\/fedai.az\/index.php?rest_route=\/wp\/v2\/posts\/10377\/revisions"}],"predecessor-version":[{"id":10379,"href":"https:\/\/fedai.az\/index.php?rest_route=\/wp\/v2\/posts\/10377\/revisions\/10379"}],"wp:featuredmedia":[{"embeddable":true,"href":"https:\/\/fedai.az\/index.php?rest_route=\/wp\/v2\/media\/10378"}],"wp:attachment":[{"href":"https:\/\/fedai.az\/index.php?rest_route=%2Fwp%2Fv2%2Fmedia&parent=10377"}],"wp:term":[{"taxonomy":"category","embeddable":true,"href":"https:\/\/fedai.az\/index.php?rest_route=%2Fwp%2Fv2%2Fcategories&post=10377"},{"taxonomy":"post_tag","embeddable":true,"href":"https:\/\/fedai.az\/index.php?rest_route=%2Fwp%2Fv2%2Ftags&post=10377"}],"curies":[{"name":"wp","href":"https:\/\/api.w.org\/{rel}","templated":true}]}}