{"id":10380,"date":"2020-07-18T13:13:21","date_gmt":"2020-07-18T09:13:21","guid":{"rendered":"http:\/\/fedai.az\/?p=10380"},"modified":"2020-07-18T13:13:30","modified_gmt":"2020-07-18T09:13:30","slug":"tovuzda-s%c9%99hid-olan-h%c9%99rbcil%c9%99rin-ail%c9%99l%c9%99rin%c9%99-prezident-t%c9%99qaudu-veril%c9%99c%c9%99k","status":"publish","type":"post","link":"https:\/\/fedai.az\/?p=10380","title":{"rendered":"Tovuzda \u015f\u0259hid olan h\u0259rb\u00e7il\u0259rin ail\u0259l\u0259rin\u0259 Prezident t\u0259qa\u00fcd\u00fc veril\u0259c\u0259k"},"content":{"rendered":"\n<p><strong>Erm\u0259nistan silahl\u0131 q\u00fcvv\u0259l\u0259rinin Az\u0259rbaycan\u0131n Tovuz rayonu istiqam\u0259tind\u0259 at\u0259\u015fk\u0259s rejimini kobud \u015f\u0259kild\u0259 pozmas\u0131 n\u0259tic\u0259sind\u0259 h\u0259lak olmu\u015f \u015f\u0259hid h\u0259rbi qulluq\u00e7ular\u0131n ail\u0259l\u0259rinin sosial m\u00fcdafi\u0259sinin, m\u0259\u015f\u011fullu\u011funun t\u0259min edilm\u0259si m\u0259qs\u0259dil\u0259 m\u00fcvafiq t\u0259dbirl\u0259r\u0259 ba\u015flan\u0131b.<\/strong><\/p>\n\n\n\n<p>Fedai.az x\u0259b\u0259r verir ki, \u018fm\u0259k v\u0259 \u018fhalinin Sosial M\u00fcdafi\u0259si Nazirliyinin X\u0259tai, Sumqay\u0131t, Tovuz, Qazax, A\u011fstafa, Bil\u0259suvar, Masall\u0131 v\u0259 \u0130smay\u0131ll\u0131 \u015f\u0259h\u0259r v\u0259 rayon b\u00f6lm\u0259l\u0259rinin r\u0259hb\u0259r \u015f\u0259xsl\u0259ri \u015f\u0259hidl\u0259rin ail\u0259l\u0259ri il\u0259 g\u00f6r\u00fc\u015f\u00fcb, onlara d\u00f6vl\u0259tin daim d\u0259st\u0259yi il\u0259 \u0259hat\u0259 olunacaqlar\u0131 bildirilib.<\/p>\n\n\n\n<p>\u015e\u0259hidl\u0259rin ail\u0259l\u0259rin\u0259 Az\u0259rbaycan Prezidentinin ayl\u0131q t\u0259qa\u00fcdl\u0259rinin, h\u0259m\u00e7inin pensiya h\u00fcququ olmayan ail\u0259 \u00fczvl\u0259rin\u0259 ayl\u0131q m\u00fcavin\u0259tl\u0259rin, ail\u0259 ba\u015f\u00e7\u0131s\u0131n\u0131 itirm\u0259y\u0259 g\u00f6r\u0259 m\u00fcvafiq sosial t\u0259minat \u00f6d\u0259ni\u015fl\u0259rinin t\u0259yinat\u0131 istiqam\u0259tind\u0259 i\u015fl\u0259r g\u00f6r\u00fcl\u00fcb.<\/p>\n\n\n\n<p>Eyni zamanda, onlara d\u00f6vl\u0259t m\u0259\u015f\u011fulluq xidm\u0259tl\u0259ri, aktiv m\u0259\u015f\u011fulluq t\u0259dbirl\u0259ri bar\u0259d\u0259 m\u0259lumat verilib. \u015e\u0259hidl\u0259rin ail\u0259 \u00fczvl\u0259rind\u0259n i\u015fsiz olan \u015f\u0259xsl\u0259rin \u00f6z\u00fcn\u00fcm\u0259\u015f\u011fuluq proqram\u0131na c\u0259lb edilm\u0259k \u00fc\u00e7\u00fcn potensiallar\u0131 m\u00fc\u0259yy\u0259n edilib. Onlar\u0131n proqram \u00e7\u0259r\u00e7iv\u0259sind\u0259 ki\u00e7ik ail\u0259 t\u0259s\u0259rr\u00fcfatlar\u0131n\u0131 yaratmalar\u0131 m\u0259qs\u0259dil\u0259 m\u00fcvafiq i\u015fl\u0259r\u0259 ba\u015flan\u0131l\u0131b. H\u0259m\u00e7inin h\u0259min \u015f\u0259xsl\u0259rd\u0259n bir qismi ist\u0259kl\u0259rin\u0259 uy\u011fun olaraq \u00f6d\u0259ni\u015fli ictimai i\u015fl\u0259r\u0259 v\u0259 dig\u0259r aktiv m\u0259\u015f\u011fulluq t\u0259dbirl\u0259rin\u0259 c\u0259lb edilm\u0259l\u0259ri \u00fc\u00e7\u00fcn qeydiyyata g\u00f6t\u00fcr\u00fcl\u00fcbl\u0259r.<\/p>\n\n\n\n<p><strong>Qar\u015f\u0131dak\u0131 d\u00f6vrd\u0259 \u015f\u0259hidl\u0259rimizin ail\u0259l\u0259rinin sosial v\u0259ziyy\u0259ti diqq\u0259td\u0259 saxlan\u0131lacaq, m\u00fcvafiq d\u0259st\u0259k t\u0259dbirl\u0259ri il\u0259 \u0259hat\u0259 olunacaqlar.<\/strong><\/p>\n","protected":false},"excerpt":{"rendered":"<p>Erm\u0259nistan silahl\u0131 q\u00fcvv\u0259l\u0259rinin Az\u0259rbaycan\u0131n Tovuz rayonu istiqam\u0259tind\u0259 at\u0259\u015fk\u0259s rejimini kobud \u015f\u0259kild\u0259 pozmas\u0131 n\u0259tic\u0259sind\u0259 h\u0259lak olmu\u015f \u015f\u0259hid h\u0259rbi qulluq\u00e7ular\u0131n ail\u0259l\u0259rinin sosial m\u00fcdafi\u0259sinin, m\u0259\u015f\u011fullu\u011funun t\u0259min edilm\u0259si<\/p>\n","protected":false},"author":2,"featured_media":10381,"comment_status":"closed","ping_status":"closed","sticky":false,"template":"","format":"standard","meta":{"footnotes":""},"categories":[12],"tags":[],"class_list":["post-10380","post","type-post","status-publish","format-standard","has-post-thumbnail","hentry","category-sosial"],"aioseo_notices":[],"_links":{"self":[{"href":"https:\/\/fedai.az\/index.php?rest_route=\/wp\/v2\/posts\/10380","targetHints":{"allow":["GET"]}}],"collection":[{"href":"https:\/\/fedai.az\/index.php?rest_route=\/wp\/v2\/posts"}],"about":[{"href":"https:\/\/fedai.az\/index.php?rest_route=\/wp\/v2\/types\/post"}],"author":[{"embeddable":true,"href":"https:\/\/fedai.az\/index.php?rest_route=\/wp\/v2\/users\/2"}],"replies":[{"embeddable":true,"href":"https:\/\/fedai.az\/index.php?rest_route=%2Fwp%2Fv2%2Fcomments&post=10380"}],"version-history":[{"count":1,"href":"https:\/\/fedai.az\/index.php?rest_route=\/wp\/v2\/posts\/10380\/revisions"}],"predecessor-version":[{"id":10382,"href":"https:\/\/fedai.az\/index.php?rest_route=\/wp\/v2\/posts\/10380\/revisions\/10382"}],"wp:featuredmedia":[{"embeddable":true,"href":"https:\/\/fedai.az\/index.php?rest_route=\/wp\/v2\/media\/10381"}],"wp:attachment":[{"href":"https:\/\/fedai.az\/index.php?rest_route=%2Fwp%2Fv2%2Fmedia&parent=10380"}],"wp:term":[{"taxonomy":"category","embeddable":true,"href":"https:\/\/fedai.az\/index.php?rest_route=%2Fwp%2Fv2%2Fcategories&post=10380"},{"taxonomy":"post_tag","embeddable":true,"href":"https:\/\/fedai.az\/index.php?rest_route=%2Fwp%2Fv2%2Ftags&post=10380"}],"curies":[{"name":"wp","href":"https:\/\/api.w.org\/{rel}","templated":true}]}}