{"id":10383,"date":"2020-07-18T14:41:17","date_gmt":"2020-07-18T10:41:17","guid":{"rendered":"http:\/\/fedai.az\/?p=10383"},"modified":"2020-07-18T14:51:24","modified_gmt":"2020-07-18T10:51:24","slug":"bakida-qaragin-njde-kuc%c9%99si-haradadir","status":"publish","type":"post","link":"https:\/\/fedai.az\/?p=10383","title":{"rendered":"Bak\u0131da Qaragin Njde k\u00fc\u00e7\u0259si haradad\u0131r?"},"content":{"rendered":"\n<p><em><strong>Bak\u0131da taksi xidm\u0259tiyl\u0259 m\u0259\u015f\u011ful olan m\u00fcharib\u0259 veteran\u0131m\u0131z Namiq Pa\u015fayev Bin\u0259q\u0259di rayonu M\u0259rk\u0259z (Sentraln\u0131y) adlanan v\u0259 Mister tum yerl\u0259\u015f\u0259n \u0259raziy\u0259 sifari\u015f q\u0259bul etdiyi \u00fc\u00e7\u00fcn &#171;navigator Baku Sity Guide&#187; xidm\u0259tini i\u015f\u0259 sal\u0131r. G\u00f6stt\u0259ri\u0259n \u00fcnvandan d\u0259h\u015f\u0259t\u0259 g\u0259l\u0259n d\u00f6y\u00fc\u015f\u00e7\u00fc qarda\u015f\u0131m\u0131z Namiq Pa\u015fayev, h\u0259m d\u0259 ziyal\u0131 veteranlar\u0131m\u0131zdan oldu\u011fu \u00fc\u00e7\u00fcn bu m\u0259s\u0259l\u0259ni ictimail\u0259\u015fdirm\u0259k \u00fc\u00e7\u00fcn dostlar\u0131yla payla\u015f\u0131r.<\/strong><\/em><\/p>\n\n\n\n<figure class=\"wp-block-image size-large\"><img decoding=\"async\" src=\"http:\/\/fedai.az\/wp-content\/uploads\/2020\/07\/109936430_2702617176626859_1837893337098195967_n.jpg\" alt=\"\" class=\"wp-image-10385\"\/><\/figure>\n\n\n\n<p>\u00dczd\u0259niraq (gey) Qaragin Njdenin kimliyi bar\u0259d\u0259 fa\u015fist&nbsp;k\u0259lm\u0259si yet\u0259rlidir v\u0259 \u00f6lk\u0259 r\u0259hb\u0259rinin m\u00f6vqeyini h\u0259r k\u0259s bilir. \u00c7ox g\u00fcman ki, bu da i\u00e7imizd\u0259ki erm\u0259ni \u0259sillil\u0259rin n\u00f6vb\u0259ti t\u0259xribat\u0131 v\u0259 g\u00f6vd\u0259 n\u00fcmayi\u015fidir.<\/p>\n\n\n\n<p>Aidiyyatl\u0131 orqanlar bu i\u015fi n\u0259zar\u0259t\u0259 g\u00f6t\u00fcrm\u0259lidirl\u0259r. Google-ni deyirs\u0259n, deyirl\u0259r bizlik deyil, o birisi, bu birisi&#8230; eyni cavab. B\u0259s n\u0259 bizlikdi? T\u0259kc\u0259 xalq\u0131 c\u0259rim\u0259l\u0259m\u0259k v\u0259 korrupsiyaya u\u011framaqm\u0131 bizim i\u015fimizdir?<\/p>\n\n\n\n<figure class=\"wp-block-image size-large is-resized\"><img loading=\"lazy\" decoding=\"async\" src=\"http:\/\/fedai.az\/wp-content\/uploads\/2020\/07\/109714144_1038767576538465_6292375190939091484_n-1.jpg\" alt=\"\" class=\"wp-image-10387\" width=\"566\" height=\"566\" srcset=\"https:\/\/fedai.az\/wp-content\/uploads\/2020\/07\/109714144_1038767576538465_6292375190939091484_n-1.jpg 180w, https:\/\/fedai.az\/wp-content\/uploads\/2020\/07\/109714144_1038767576538465_6292375190939091484_n-1-150x150.jpg 150w\" sizes=\"auto, (max-width: 566px) 100vw, 566px\" \/><\/figure>\n\n\n\n<p>Xat\u0131rladaq ki, Az\u0259rbaycan\u0131n i\u015f\u011fal edilmi\u015f Xocav\u0259nd rayonunda (Martuni) Njdey\u0259 heyk\u0259l qoyulub. Bu bar\u0259d\u0259 prezident \u0130lham \u018fliyev T\u00fcrkm\u0259nistan\u0131n paytaxt\u0131 A\u015fqabad \u015f\u0259h\u0259rind\u0259 MDB D\u00f6vl\u0259t Ba\u015f\u00e7\u0131lar\u0131 \u015euras\u0131n\u0131n m\u0259hdud t\u0259rkibd\u0259 iclas\u0131nda demi\u015fdi: &#171;1942-ci ild\u0259 o, Sovet \u0130ttifaq\u0131na qar\u015f\u0131 d\u00f6y\u00fc\u015f\u0259n erm\u0259ni legionu t\u0259\u015fkil edib. Yeri g\u0259lmi\u015fk\u0259n, Njdenin \u0259sas \u015f\u00fcar\u0131 bel\u0259 idi: \u201cAlmaniya u\u011frunda h\u0259lak olan Erm\u0259nistan u\u011frunda h\u0259lak olur\u201d. Burada \u015f\u0259rh\u0259 ehtiyac yoxdur. Njde h\u0259bs olundu v\u0259 Vladimir h\u0259bsxanas\u0131nda \u00f6mr\u00fcn\u00fc ba\u015fa vurdu. 2016-c\u0131 ild\u0259 Erm\u0259nistan paytaxt\u0131n\u0131n m\u0259rk\u0259zind\u0259 bu satq\u0131n c\u0259llada h\u00fcnd\u00fcrl\u00fcy\u00fc 6 metr\u0259 yax\u0131n olan heyk\u0259l qoyulub. T\u0259\u0259ss\u00fcf ki, Erm\u0259nistan\u0131n yeni hakimiyy\u0259ti bu heyk\u0259li g\u00f6t\u00fcrm\u0259yib. Hesab edir\u0259m ki, MDB m\u0259kan\u0131nda fa\u015fizmin q\u0259hr\u0259manl\u0131q kimi q\u0259l\u0259m\u0259 verilm\u0259sin\u0259 yer yoxdur.&#187;<\/p>\n\n\n\n<p>M\u00f6vzuya qay\u0131daca\u011f\u0131q&#8230;<\/p>\n\n\n\n<p><strong>Fedai.az Ara\u015fd\u0131rma Qrupu<\/strong><\/p>\n","protected":false},"excerpt":{"rendered":"<p>Bak\u0131da taksi xidm\u0259tiyl\u0259 m\u0259\u015f\u011ful olan m\u00fcharib\u0259 veteran\u0131m\u0131z Namiq Pa\u015fayev Bin\u0259q\u0259di rayonu M\u0259rk\u0259z (Sentraln\u0131y) adlanan v\u0259 Mister tum yerl\u0259\u015f\u0259n \u0259raziy\u0259 sifari\u015f q\u0259bul etdiyi \u00fc\u00e7\u00fcn &#171;navigator<\/p>\n","protected":false},"author":2,"featured_media":0,"comment_status":"closed","ping_status":"closed","sticky":false,"template":"","format":"standard","meta":{"footnotes":""},"categories":[15],"tags":[],"class_list":["post-10383","post","type-post","status-publish","format-standard","hentry","category-atmaca"],"aioseo_notices":[],"_links":{"self":[{"href":"https:\/\/fedai.az\/index.php?rest_route=\/wp\/v2\/posts\/10383","targetHints":{"allow":["GET"]}}],"collection":[{"href":"https:\/\/fedai.az\/index.php?rest_route=\/wp\/v2\/posts"}],"about":[{"href":"https:\/\/fedai.az\/index.php?rest_route=\/wp\/v2\/types\/post"}],"author":[{"embeddable":true,"href":"https:\/\/fedai.az\/index.php?rest_route=\/wp\/v2\/users\/2"}],"replies":[{"embeddable":true,"href":"https:\/\/fedai.az\/index.php?rest_route=%2Fwp%2Fv2%2Fcomments&post=10383"}],"version-history":[{"count":2,"href":"https:\/\/fedai.az\/index.php?rest_route=\/wp\/v2\/posts\/10383\/revisions"}],"predecessor-version":[{"id":10389,"href":"https:\/\/fedai.az\/index.php?rest_route=\/wp\/v2\/posts\/10383\/revisions\/10389"}],"wp:attachment":[{"href":"https:\/\/fedai.az\/index.php?rest_route=%2Fwp%2Fv2%2Fmedia&parent=10383"}],"wp:term":[{"taxonomy":"category","embeddable":true,"href":"https:\/\/fedai.az\/index.php?rest_route=%2Fwp%2Fv2%2Fcategories&post=10383"},{"taxonomy":"post_tag","embeddable":true,"href":"https:\/\/fedai.az\/index.php?rest_route=%2Fwp%2Fv2%2Ftags&post=10383"}],"curies":[{"name":"wp","href":"https:\/\/api.w.org\/{rel}","templated":true}]}}