{"id":10398,"date":"2020-07-18T17:04:19","date_gmt":"2020-07-18T13:04:19","guid":{"rendered":"http:\/\/fedai.az\/?p=10398"},"modified":"2020-07-18T23:04:04","modified_gmt":"2020-07-18T19:04:04","slug":"pasinyanin-rusiya-v%c9%99-belarusiya-s%c9%99f%c9%99rl%c9%99ri-nec%c9%99-kecdi-siyasi-t%c9%99lx%c9%99yin-fiaskosu","status":"publish","type":"post","link":"https:\/\/fedai.az\/?p=10398","title":{"rendered":"PA\u015e\u0130NYANIN RUS\u0130YA v\u0259 BELARUS\u0130YA S\u018fF\u018fRL\u018fR\u0130 nec\u0259 ke\u00e7di? Siyasi t\u0259lx\u0259yin fiaskosu"},"content":{"rendered":"\n<p>\u00a0<strong>Erm\u0259nistan ba\u015f naziri Nikol Pa\u015finyan Rusiyal\u0131 h\u0259mkar\u0131 Mixail Mi\u015fustinl\u0259 g\u00f6r\u00fc\u015f\u0259n zaman\u0131 yen\u0259 d\u0259 &#171;QU\u015e&#187; buraxd\u0131.<\/strong><\/p>\n\n\n\n<p> O, dedi: &#171;Erm\u0259nistan Az\u0259rbaycan s\u0259rh\u0259dind\u0259 olan hadis\u0259l\u0259r \u00fc\u00e7\u00fcnc\u00fc t\u0259r\u0259fin T\u018fXR\u0130BATI fonunda ba\u015f verir&#187;.<\/p>\n\n\n\n<figure class=\"wp-block-gallery columns-1 is-cropped wp-block-gallery-1 is-layout-flex wp-block-gallery-is-layout-flex\"><ul class=\"blocks-gallery-grid\"><li class=\"blocks-gallery-item\"><figure><img loading=\"lazy\" decoding=\"async\" width=\"708\" height=\"398\" src=\"http:\/\/fedai.az\/wp-content\/uploads\/2020\/07\/110313246_1478770488961929_8401355262165871353_n.jpg\" alt=\"\" data-id=\"10401\" data-full-url=\"http:\/\/fedai.az\/wp-content\/uploads\/2020\/07\/110313246_1478770488961929_8401355262165871353_n.jpg\" data-link=\"http:\/\/fedai.az\/?attachment_id=10401\" class=\"wp-image-10401\" srcset=\"https:\/\/fedai.az\/wp-content\/uploads\/2020\/07\/110313246_1478770488961929_8401355262165871353_n.jpg 708w, https:\/\/fedai.az\/wp-content\/uploads\/2020\/07\/110313246_1478770488961929_8401355262165871353_n-300x169.jpg 300w, https:\/\/fedai.az\/wp-content\/uploads\/2020\/07\/110313246_1478770488961929_8401355262165871353_n-150x84.jpg 150w\" sizes=\"auto, (max-width: 708px) 100vw, 708px\" \/><\/figure><\/li><\/ul><\/figure>\n\n\n\n<p><br>Onun bu s\u00f6zl\u0259rin\u0259 \u0259h\u0259miyy\u0259t verm\u0259y\u0259n &#171;qan qohumu&#187; sad\u0259c\u0259 koronavirusun iqtisadiyyata vurdu\u011fu ziyandan dan\u0131\u015faraq onu p\u0259rt el\u0259di.<\/p>\n\n\n\n<p><br> Belarusun prezidenti Luka\u015fenko il\u0259 s\u00f6hb\u0259tind\u0259 d\u0259 p\u0259rt olan Pa\u015finyan\u0131 yaln\u0131z h\u0259myerlisi bir erm\u0259ni t\u0259r\u0259find\u0259n d\u0259st\u0259k ald\u0131.<\/p>\n\n\n\n<p><br>\u0130van \u0410saturyan adl\u0131 bir erm\u0259ni Luka\u015fenkoya \u00f6z \u015f\u0259rhi il\u0259 bel\u0259 cavab verdi:<br><strong>&#171;\u0412\u0430\u0448\u0438 \u0441\u043b\u043e\u0432\u0430 \u043a\u043e\u0442\u043e\u0440\u044b\u0435 \u0431\u044b\u043b\u0438 \u0441\u043a\u0430\u0437\u0430\u043d\u044b \u0433\u043b\u0430\u0432\u0443 \u043d\u0430\u0448\u0435\u0439 \u0441\u0442\u0440\u0430\u043d\u044b, \u044f \u043a\u0430\u043a \u0433\u0440\u0430\u0436\u0434\u0430\u043d\u0438\u043d \u044d\u0442\u043e\u0439 \u0441\u0442\u0440\u0430\u043d\u044b, \u0441\u0447\u0438\u0442\u0430\u044e \u043d\u0435 \u0443\u043c\u0435\u0441\u043d\u044b\u043c \u0438 \u043d\u0435 \u043a\u043e\u0440\u0440\u0435\u043a\u0442\u043d\u044b\u043c.&#187;<\/strong><\/p>\n\n\n\n<p><br><strong>\u0130SMAYIL TANRIVERD\u0130<\/strong><\/p>\n\n\n\n<figure class=\"wp-block-gallery columns-1 is-cropped wp-block-gallery-2 is-layout-flex wp-block-gallery-is-layout-flex\"><ul class=\"blocks-gallery-grid\"><li class=\"blocks-gallery-item\"><figure><img loading=\"lazy\" decoding=\"async\" width=\"708\" height=\"398\" src=\"http:\/\/fedai.az\/wp-content\/uploads\/2020\/07\/112215396_1478770395628605_5256062161008389454_n.jpg\" alt=\"\" data-id=\"10400\" data-full-url=\"http:\/\/fedai.az\/wp-content\/uploads\/2020\/07\/112215396_1478770395628605_5256062161008389454_n.jpg\" data-link=\"http:\/\/fedai.az\/?attachment_id=10400\" class=\"wp-image-10400\" srcset=\"https:\/\/fedai.az\/wp-content\/uploads\/2020\/07\/112215396_1478770395628605_5256062161008389454_n.jpg 708w, https:\/\/fedai.az\/wp-content\/uploads\/2020\/07\/112215396_1478770395628605_5256062161008389454_n-300x169.jpg 300w, https:\/\/fedai.az\/wp-content\/uploads\/2020\/07\/112215396_1478770395628605_5256062161008389454_n-150x84.jpg 150w\" sizes=\"auto, (max-width: 708px) 100vw, 708px\" \/><\/figure><\/li><\/ul><\/figure>\n","protected":false},"excerpt":{"rendered":"<p>\u00a0Erm\u0259nistan ba\u015f naziri Nikol Pa\u015finyan Rusiyal\u0131 h\u0259mkar\u0131 Mixail Mi\u015fustinl\u0259 g\u00f6r\u00fc\u015f\u0259n zaman\u0131 yen\u0259 d\u0259 &#171;QU\u015e&#187; buraxd\u0131. O, dedi: &#171;Erm\u0259nistan Az\u0259rbaycan s\u0259rh\u0259dind\u0259 olan hadis\u0259l\u0259r \u00fc\u00e7\u00fcnc\u00fc t\u0259r\u0259fin<\/p>\n","protected":false},"author":2,"featured_media":10399,"comment_status":"closed","ping_status":"closed","sticky":false,"template":"","format":"standard","meta":{"footnotes":""},"categories":[1],"tags":[],"class_list":["post-10398","post","type-post","status-publish","format-standard","has-post-thumbnail","hentry","category-siyast"],"aioseo_notices":[],"_links":{"self":[{"href":"https:\/\/fedai.az\/index.php?rest_route=\/wp\/v2\/posts\/10398","targetHints":{"allow":["GET"]}}],"collection":[{"href":"https:\/\/fedai.az\/index.php?rest_route=\/wp\/v2\/posts"}],"about":[{"href":"https:\/\/fedai.az\/index.php?rest_route=\/wp\/v2\/types\/post"}],"author":[{"embeddable":true,"href":"https:\/\/fedai.az\/index.php?rest_route=\/wp\/v2\/users\/2"}],"replies":[{"embeddable":true,"href":"https:\/\/fedai.az\/index.php?rest_route=%2Fwp%2Fv2%2Fcomments&post=10398"}],"version-history":[{"count":2,"href":"https:\/\/fedai.az\/index.php?rest_route=\/wp\/v2\/posts\/10398\/revisions"}],"predecessor-version":[{"id":10410,"href":"https:\/\/fedai.az\/index.php?rest_route=\/wp\/v2\/posts\/10398\/revisions\/10410"}],"wp:featuredmedia":[{"embeddable":true,"href":"https:\/\/fedai.az\/index.php?rest_route=\/wp\/v2\/media\/10399"}],"wp:attachment":[{"href":"https:\/\/fedai.az\/index.php?rest_route=%2Fwp%2Fv2%2Fmedia&parent=10398"}],"wp:term":[{"taxonomy":"category","embeddable":true,"href":"https:\/\/fedai.az\/index.php?rest_route=%2Fwp%2Fv2%2Fcategories&post=10398"},{"taxonomy":"post_tag","embeddable":true,"href":"https:\/\/fedai.az\/index.php?rest_route=%2Fwp%2Fv2%2Ftags&post=10398"}],"curies":[{"name":"wp","href":"https:\/\/api.w.org\/{rel}","templated":true}]}}