{"id":10413,"date":"2020-07-19T01:11:10","date_gmt":"2020-07-18T21:11:10","guid":{"rendered":"http:\/\/fedai.az\/?p=10413"},"modified":"2020-07-19T01:11:16","modified_gmt":"2020-07-18T21:11:16","slug":"m%c9%99n%c9%99-d%c9%99-qod-nisanova-da-basqi-etm%c9%99k-ist%c9%99y%c9%99c%c9%99kl%c9%99r-amma-ilham-r%c9%99himov-danisdi","status":"publish","type":"post","link":"https:\/\/fedai.az\/?p=10413","title":{"rendered":"&#171;M\u0259n\u0259 d\u0259, Qod Nisanova da basq\u0131 etm\u0259k ist\u0259y\u0259c\u0259kl\u0259r, amma&#8230;&#187; &#8212; \u0130lham R\u0259himov dan\u0131\u015fd\u0131"},"content":{"rendered":"\n<p><strong>Fedai.az\u00a0<\/strong>jurnalist Ayg\u00fcn Muradxanl\u0131n\u0131n h\u00fcquq professoru \u0130lham R\u0259himovla m\u00fcsahib\u0259sini t\u0259qdim edir:<\/p>\n\n\n\n<p><strong>\u2013 Professor, \u00f6t\u0259n g\u00fcn sahibi oldu\u011funuz Moskvadak\u0131 Food City-y\u0259 Erm\u0259nistan\u0131n Moskva b\u00f6y\u00fckel\u00e7iliyi \u0259m\u0259kda\u015flar\u0131n\u0131n g\u0259li\u015find\u0259 \u00e7\u0259kil\u0259n videog\u00f6r\u00fcnt\u00fcl\u0259r Az\u0259rbaycanda b\u00f6y\u00fck rezonans do\u011furub. Erm\u0259nil\u0259r hans\u0131 xahi\u015fl\u0259 g\u0259lmi\u015fdil\u0259r?<\/strong><\/p>\n\n\n\n<p>\u2013 Biz onlar\u0131 dinl\u0259m\u0259d\u0259n d\u0259rhal \u0259razimizd\u0259n \u00e7\u0131xard\u0131q. Food City r\u0259hb\u0259ri olaraq hesab etdik ki, erm\u0259nil\u0259rin orada olmas\u0131 m\u0259qs\u0259d\u0259uy\u011fun deyil. Ba\u015fqa q\u0259rar\u0131m\u0131z ola bilm\u0259zdi. Erm\u0259nistan bizim V\u0259t\u0259nimizi at\u0259\u015f alt\u0131nda saxlama\u011fa c\u0259hd edirs\u0259, n\u0259 erm\u0259ni i\u015f adam\u0131n\u0131n, n\u0259 diplomat\u0131n\u0131n aya\u011f\u0131 bizim obyektd\u0259 olmayacaq. Haqq etdikl\u0259ri m\u00fcnasib\u0259ti g\u00f6rd\u00fcl\u0259r, \u00e7\u0131x\u0131b getdil\u0259r.<\/p>\n\n\n\n<p><strong>\u2013 Erm\u0259nil\u0259r k\u00fctl\u0259vi \u015f\u0259kild\u0259 Rusiya v\u0259 Moskva r\u0259hb\u0259rliyin\u0259 bu m\u0259s\u0259l\u0259d\u0259 onlara yard\u0131m etm\u0259l\u0259ri \u00fc\u00e7\u00fcn m\u00fcraci\u0259t edirl\u0259r. Rusiya r\u0259smil\u0259ri q\u0259rar\u0131n\u0131z\u0131 d\u0259yi\u015fm\u0259k \u00fc\u00e7\u00fcn sizin \u0259laq\u0259 saxlay\u0131bm\u0131?<\/strong><\/p>\n\n\n\n<p>\u2013 Z\u0259ngl\u0259r olub, demi\u015fik, siz bu i\u015f\u0259 qar\u0131\u015fmay\u0131n. Bir k\u0259lm\u0259\u2026 Ba\u015fqa he\u00e7 bir m\u00fczakir\u0259 ola bilm\u0259z. M\u0259n\u0259 yum\u015faq formada \u00e7ox z\u0259ngl\u0259r g\u0259ldi v\u0259 g\u0259lm\u0259kd\u0259 davam edir. Ayd\u0131nd\u0131r ki, m\u0259n\u0259 d\u0259, Qod Nisanova da \u015fikay\u0259tl\u0259r, basq\u0131lar etm\u0259k ist\u0259y\u0259c\u0259kl\u0259r. Amma bizim m\u00f6vqeyimiz ortadad\u0131r. Bu d\u0259yi\u015fm\u0259z m\u00f6vqedir, biz geri \u00e7\u0259kil\u0259n deyilik.<\/p>\n\n\n\n<p><strong>\u2013 T\u0259xmini hesablamalar varm\u0131 \u2013 Food City-nin bu add\u0131m\u0131 erm\u0259ni i\u015f adamlar\u0131na g\u00fcnl\u00fck n\u0259 q\u0259d\u0259r ziyan vurub? Topdansat\u0131\u015f bazar\u0131na g\u00fcnl\u00fck 500-600 y\u00fck ma\u015f\u0131n\u0131n g\u0259ldiyi d\u0259qiq r\u0259q\u0259mdirmi?<\/strong><\/p>\n\n\n\n<p>\u2013 Miqyas deyil\u0259nl\u0259rd\u0259n qat-qat b\u00f6y\u00fckd\u00fcr. 150 hektarda yerl\u0259\u015f\u0259n obyekt\u0259 Erm\u0259nistandan h\u0259r g\u00fcn y\u00fcz minl\u0259rl\u0259 ton m\u0259hsul g\u0259lirdi. H\u0259r k\u0259s bilir ki, Rusiya Erm\u0259nistan\u0131n \u0259sas bazar\u0131d\u0131r. Erm\u0259nistan s\u0259rh\u0259ddini ke\u00e7\u0259n m\u0259hsullar\u0131n \u0259sas hiss\u0259si topdansat\u0131\u015f \u00fc\u00e7\u00fcn Food City-y\u0259 g\u0259tirilirdi. \u0130ndi ham\u0131s\u0131 zibilliy\u0259 gedir. D\u0259qiq hesablama olmasa da ziyan y\u00fcz milyonlarlad\u0131r. M\u0259n g\u00fcnl\u00fck r\u0259q\u0259ml\u0259ri n\u0259z\u0259rd\u0259 tuturam. H\u0259r halda miqyas ki\u00e7ik olsayd\u0131, Erm\u0259nistan s\u0259firliyi qa\u00e7araq biz\u0259 el\u00e7i g\u00f6nd\u0259rm\u0259zdi.<\/p>\n\n\n\n<p><strong>\u2013 S\u0259firlik \u00e7al\u0131\u015fanlar\u0131 jurnalistl\u0259rl\u0259 g\u0259lmi\u015fdi. Rusiya medias\u0131 bu m\u0259s\u0259l\u0259y\u0259 toxundumu?<\/strong><\/p>\n\n\n\n<p>\u2013 \u00c7\u0259kili\u015f\u0259 d\u0259 imkan verm\u0259dik. Mediada, ictimai fikird\u0259 n\u0259l\u0259rin deyilm\u0259sind\u0259n as\u0131l\u0131 olmayaraq bu q\u0259rara yax\u0131n zamanlarda yenid\u0259n bax\u0131lmas\u0131 g\u00f6zl\u0259nilmir. Prosesi Erm\u0259nistan ba\u015flad\u0131b. El\u0259 h\u0259r m\u0259nada\u2026 Bu da bizim cavab\u0131m\u0131zd\u0131r.<\/p>\n\n\n\n<p><strong>\u2013 Professor, Food City-nin q\u0259rar\u0131na Rusiyada az\u0259rbaycanl\u0131lar\u0131n dig\u0259r topdansat\u0131\u015f m\u0259nt\u0259q\u0259l\u0259rind\u0259n d\u0259st\u0259k g\u0259libmi? Art\u0131q regionlarda da bel\u0259 bir proses ba\u015flad\u0131\u011f\u0131 deyilir.<\/strong><\/p>\n\n\n\n<p>\u2013 E\u015fitmi\u015f\u0259m ki, Rusiya \u00fczr\u0259 az\u0259rbaycanl\u0131lar bir \u00e7ox topdansat\u0131\u015f m\u0259nt\u0259q\u0259sind\u0259 bel\u0259 q\u0259rarlar veribl\u0259r \u2013 h\u0259tta qeyri-erm\u0259nil\u0259r d\u0259 Erm\u0259nistan m\u0259hsullar\u0131n\u0131 bazarlara g\u0259tir\u0259nd\u0259 sat\u0131\u015f icaz\u0259si ala bilmirl\u0259r. B\u0259y\u0259nir\u0259m\u2026 Do\u011fru add\u0131md\u0131r. Bel\u0259 d\u0259 olmal\u0131d\u0131r.<\/p>\n\n\n\n<p><strong>\u2013 Professor, \u00e7oxlar\u0131 h\u0259rbi \u0259m\u0259liyyatla ba\u015flayandan sonra Tovuza g\u0259l\u0259c\u0259yinizi d\u00fc\u015f\u00fcn\u00fcrd\u00fc. Bel\u0259 bir plan\u0131n\u0131z varm\u0131?<\/strong><\/p>\n\n\n\n<p>\u2013 Bir m\u00fcdd\u0259tdir Az\u0259rbaycanda deyil\u0259m. Ancaq bir g\u00f6z\u00fcm Az\u0259rbaycanda, x\u00fcsus\u0259n Tovuzdad\u0131r\u2026 A\u00e7\u0131\u011f\u0131, h\u0259rbi \u0259m\u0259liyyatlar ba\u015flayan kimi \u00f6lk\u0259y\u0259 g\u0259lm\u0259k q\u0259rar\u0131 verdim. Bilirsiniz ki, COV\u0130D-19-a g\u00f6r\u0259 gedi\u015f-g\u0259li\u015f \u015f\u0259rtl\u0259ri d\u0259yi\u015fib. \u00d6lk\u0259 d\u0259yi\u015fm\u0259zd\u0259n 48 saat \u00f6nc\u0259 koronavirus testind\u0259n ke\u00e7m\u0259k g\u0259r\u0259kdir. H\u0259tta test d\u0259 verdim. Sonra d\u00f6y\u00fc\u015f b\u00f6lg\u0259sind\u0259 nisb\u0259t\u0259n sakitlik yarand\u0131\u011f\u0131ndan \u00f6nc\u0259d\u0259n planlad\u0131\u011f\u0131m i\u015fl\u0259rimi tamamlamaq q\u0259rar\u0131na g\u0259ldim. Bak\u0131da olsayd\u0131m, he\u00e7 \u015f\u00fcbh\u0259siz, indi Tovuzdayd\u0131m. G\u00fcnd\u0259 bir ne\u00e7\u0259 d\u0259f\u0259 Bak\u0131 il\u0259, Tovuzla \u0259laq\u0259 saxlay\u0131ram. Bilirsiz ki, Tovuz m\u0259nim ki\u00e7ik V\u0259t\u0259nimdir, orada do\u011fmalar\u0131m, \u0259zizl\u0259rim orada ya\u015fay\u0131r. Pandemiya ba\u015flayandan diqq\u0259timizi bir q\u0259d\u0259r d\u0259 art\u0131rm\u0131\u015f\u0131q, x\u0259st\u0259l\u0259r \u00fc\u00e7\u00fcn 10 \u0259d\u0259d m\u00fcasir ambulans al\u0131b S\u0259hiyy\u0259 Nazirliyin\u0259 h\u0259diyy\u0259 etmi\u015fik. H\u0259rbi \u0259m\u0259liyyatlar ba\u015flanandan b\u00fct\u00fcn diqq\u0259timiz elimizd\u0259, obam\u0131zdad\u0131r. Sava\u015f q\u0131z\u0131\u015fsa, he\u00e7 \u015f\u00fcbh\u0259siz biz d\u0259 orada olaca\u011f\u0131q.<\/p>\n\n\n\n<p><strong>\u2013 Dem\u0259k, siz bunu istisna etmirsiniz?<\/strong><\/p>\n\n\n\n<p>\u2013 T\u0259bii ki, yox. Az\u0259rbaycan\u0131n \u0259razil\u0259ri i\u015f\u011fal olunub. Biz h\u0259rbi \u0259m\u0259liyyatlara c\u0259lb olunmu\u015fuq, itki vermi\u015fik, s\u0259rh\u0259dd\u0259 h\u0259r g\u00fcn g\u0259rginlik ya\u015fan\u0131r. Dem\u0259k, he\u00e7 n\u0259 istisna deyil.<\/p>\n\n\n\n<p><strong>\u2013 Sizc\u0259 niy\u0259, Erm\u0259nistan m\u0259hz Tovuzdan h\u00fccuma ke\u00e7di?<\/strong><\/p>\n\n\n\n<p>\u2013 Az\u0259rbaycan M\u00fcdafi\u0259 Nazirliyinin yayd\u0131\u011f\u0131 informasiyalar\u0131n xronikas\u0131na baxsaq g\u00f6r\u0259rik ki, at\u0259\u015fk\u0259s d\u00f6n\u0259mind\u0259 Erm\u0259nistan-Az\u0259rbaycan s\u0259rh\u0259ddind\u0259 at\u0259\u015fk\u0259s \u00e7ox tez-tez pozulur. Y\u0259ni, h\u00fccumlar yaln\u0131z Qaraba\u011fdak\u0131 t\u0259mas x\u0259ttind\u0259 ba\u015f vermir. Tovuz olmasa, Qazax, A\u011fstafa, G\u0259d\u0259b\u0259y \u0259razil\u0259ri d\u0259 ola bil\u0259rdi.<\/p>\n\n\n\n<p><strong>\u2013 H\u0259rbi ekspertl\u0259r deyir ki, Qara Qaya y\u00fcks\u0259kliyinin \u0259l\u0259 ke\u00e7irilm\u0259si G\u0259nc\u0259y\u0259 q\u0259d\u0259r Erm\u0259nistan Silahl\u0131 Q\u00fcvv\u0259l\u0259rin\u0259 G\u0259nc\u0259y\u0259 q\u0259d\u0259r olan \u0259razil\u0259rimizi at\u0259\u015f alt\u0131nda saxlamaq imkan\u0131 qazand\u0131ra bil\u0259r. Bu o dem\u0259k deyilmi ki, Erm\u0259nistan\u0131n yeni i\u015f\u011fal planlar\u0131 var?<\/strong><\/p>\n\n\n\n<p>\u2013 Biz d\u00fc\u015fm\u0259nl\u0259 \u00fcz-\u00fcz\u0259yik. H\u0259r an t\u0259xribat da ola bil\u0259r, h\u0259r an geni\u015fmiqyasl\u0131 d\u00f6y\u00fc\u015f \u0259m\u0259liyyatlar\u0131 da ba\u015flaya bil\u0259r. \u018fg\u0259r bunu h\u0259rbi ekspertl\u0259r deyirs\u0259, biz bununla raz\u0131la\u015fmaya bilm\u0259rik. H\u0259rbi m\u0259qs\u0259d t\u0259bii ki, var. Bildiyim q\u0259d\u0259ril\u0259 Az\u0259rbaycan Ordusu Qaraqaya y\u00fcks\u0259kliyind\u0259 m\u00f6hk\u0259ml\u0259nib. Ordumuz b\u00f6y\u00fck \u015f\u00fcca\u0259t g\u00f6st\u0259rdi. \u015e\u0259hid olanlar\u0131n h\u0259r birinin ail\u0259sin\u0259 ba\u015fsa\u011fl\u0131\u011f\u0131 verir\u0259m. \u0130tkil\u0259rimiz b\u00f6y\u00fckd\u00fcr. Az\u0259rbaycan Ordusu general\u0131n\u0131 itirib. Bu, Az\u0259rbaycan\u0131n m\u00fcst\u0259qilliyi d\u00f6n\u0259minin h\u0259rb tarixind\u0259 ilk hadis\u0259dir. Biz indiy\u0259 q\u0259d\u0259r yaln\u0131z II D\u00fcnya Sava\u015f\u0131nda general H\u0259zi Aslanov c\u0259bh\u0259d\u0259 itirmi\u015fik. Allah ham\u0131s\u0131na r\u0259hm\u0259t el\u0259sin. Bir \u00f6lk\u0259nin d\u00f6y\u00fc\u015f\u0259n general yeti\u015fdirm\u0259si s\u0131radan m\u0259s\u0259l\u0259 deyil. Bu h\u00fcquq-m\u00fchafiz\u0259 orqanlar\u0131 general\u0131 m\u0259s\u0259l\u0259sil\u0259 eynil\u0259\u015fdirilm\u0259m\u0259lidir. Bel\u0259 itkil\u0259rin yeri gec dolur. Yaral\u0131lar\u0131m\u0131z da var. Onlar\u0131n ham\u0131s\u0131na \u015f\u0259fa arzulay\u0131ram.<\/p>\n\n\n\n<div class=\"wp-block-image\"><figure class=\"aligncenter\"><img decoding=\"async\" src=\"https:\/\/konkret.az\/cloud\/uploads\/2020\/07\/1595078576_2-390x252.jpg\" alt=\"\" class=\"wp-image-73906\"\/><\/figure><\/div>\n\n\n\n<p><strong>\u2013 Professor, sizin proqnozlar\u0131n\u0131z nec\u0259dir \u2013 h\u0259rbi \u0259m\u0259liyyatlar Qaraba\u011fa ke\u00e7\u0259 bil\u0259rmi?<\/strong><\/p>\n\n\n\n<p>\u2013 \u0130ndi \u015f\u0259rtl\u0259r el\u0259dir ki, he\u00e7 n\u0259 istisna deyil. Xalq \u00f6z s\u00f6z\u00fcn\u00fc dedi. Bak\u0131da ke\u00e7iril\u0259n y\u00fcr\u00fc\u015f\u00fc izl\u0259dim. Bu, Az\u0259rbaycan xalq\u0131n\u0131n Qaraba\u011f m\u0259s\u0259l\u0259sini bir an da unutmamas\u0131n\u0131n, V\u0259t\u0259n, torpaq m\u0259s\u0259l\u0259sind\u0259n h\u0259ssasl\u0131\u011f\u0131n\u0131n g\u00f6st\u0259ricisidir. Bunu ba\u015fqa c\u00fcr qiym\u0259tl\u0259ndirm\u0259k olmaz. S\u0259f\u0259rb\u0259rlik idar\u0259l\u0259rinin qar\u015f\u0131s\u0131ndak\u0131 q\u0259l\u0259b\u0259likd\u0259n d\u0259 x\u0259b\u0259rdaram. Az\u0259rbaycan v\u0259t\u0259nda\u015f\u0131 s\u00fcbut edir ki, V\u0259t\u0259n darda olanda bir bir yumruq kimi birl\u0259\u015f\u0259 bilirik. Bu g\u00fcn h\u0259r bir az\u0259rbaycanl\u0131 \u00f6z sah\u0259sind\u0259 att\u0131\u011f\u0131 add\u0131mlarda Qaraba\u011f\u0131n i\u015f\u011faldan azad olunmas\u0131n\u0131, Az\u0259rbaycan\u0131n \u0259razi b\u00f6t\u00fcvl\u00fcy\u00fcn\u00fcn b\u0259rpas\u0131n\u0131 h\u0259d\u0259f kimi qoymal\u0131d\u0131r. Az\u0259rbaycanl\u0131lar birlik olub Erm\u0259nistana h\u0259m iqtisadi, h\u0259m h\u0259rbi, h\u0259m diplomatik g\u00fcc\u00fcn\u00fc g\u00f6st\u0259rm\u0259lidir.<\/p>\n\n\n\n<p><strong>\u2013 Professor, bir ne\u00e7\u0259 \u00f6lk\u0259 Az\u0259rbaycana Erm\u0259nistan\u0131n t\u0259cav\u00fczkar add\u0131m\u0131 il\u0259 ba\u011fl\u0131 a\u00e7\u0131q d\u0259st\u0259k verdi. Bu m\u0259s\u0259l\u0259d\u0259 qarda\u015f T\u00fcrkiy\u0259nin siyasi v\u0259 h\u0259rbi d\u0259st\u0259yini x\u00fcsusi vur\u011fulamamaq t\u0259bii, m\u00fcmk\u00fcn deyil. Rusiyan\u0131n Erm\u0259nistanla h\u0259rbi m\u00fctt\u0259fiqliyini \u0259sas g\u0259tir\u0259n b\u0259zi analitikl\u0259r hesab edir ki, T\u00fcrkiy\u0259 Az\u0259rbaycan Silahl\u0131 Q\u00fcvv\u0259l\u0259rin\u0259 real d\u0259st\u0259k vers\u0259, Az\u0259rbaycan \u0259razisind\u0259 faktiki Rusiya-T\u00fcrkiy\u0259 sava\u015f\u0131 ba\u015flayacaq. Sizin bax\u0131\u015f\u0131n\u0131z nec\u0259dir?<\/strong><\/p>\n\n\n\n<p>\u2013 T\u00fcrkiy\u0259d\u0259n ba\u015fqa bir m\u00f6vqe g\u00f6zl\u0259mirdim. Qarda\u015f \u00f6lk\u0259 s\u00f6z\u00fcn \u0259sl m\u0259nas\u0131nda qarda\u015f kimi davran\u0131r. S\u0259sl\u0259ndirdiyiniz proqnozlara g\u0259linc\u0259, m\u0259n f\u0259rqli d\u00fc\u015f\u00fcn\u00fcr\u0259m. \u0130ndi b\u00f6lg\u0259d\u0259 geni\u015f, bir ne\u00e7\u0259 \u00f6lk\u0259nin ordusunun c\u0259lb edildiyi h\u0259rbi \u0259m\u0259liyyatlar\u0131n ba\u015f ver\u0259c\u0259yi real deyil. N\u0259 Rusiya, n\u0259 T\u00fcrkiy\u0259 indi bel\u0259 bir add\u0131m\u0131 atmaz. Bel\u0259 bir sava\u015fa girm\u0259k n\u0259 Rusiyaya, n\u0259 d\u0259 T\u00fcrkiy\u0259y\u0259 g\u0259r\u0259kdir.<\/p>\n\n\n\n<p><strong>\u2013 Rusiyada az\u0259rbaycanl\u0131lar\u0131n q\u0259tiyy\u0259tli m\u00f6vqeyi \u00f6lk\u0259nin g\u00fccl\u00fc diaspora n\u0259 q\u0259d\u0259r ehtiyac\u0131 oldu\u011funu bir daha s\u00fcbut etdi. \u00d6t\u0259n g\u00fcn B\u00f6y\u00fck Britaniya paytaxt\u0131nda az\u0259rbaycanl\u0131lar Erm\u0259nistan s\u0259firliyinin qar\u015f\u0131s\u0131nda aksiya ke\u00e7irib. Nec\u0259 d\u00fc\u015f\u00fcn\u00fcrs\u00fcz, bu diasporlar\u0131n t\u0259\u015fkilatlanmas\u0131 m\u0259s\u0259l\u0259sin\u0259 t\u0259kan ver\u0259 bil\u0259rmi?<\/strong><\/p>\n\n\n\n<p>\u2013 He\u00e7 \u015f\u00fcbh\u0259siz. G\u00fccl\u00fc diaspor \u00f6lk\u0259y\u0259 b\u00f6y\u00fck d\u0259st\u0259kdir. Bug\u00fcnl\u0259r bu, bir daha s\u00fcbut olundu. \u00d6lk\u0259d\u0259n k\u0259narda olan az\u0259rbaycanl\u0131lar Erm\u0259nistana \u00e7ox ciddi iqtisadi z\u0259rb\u0259 vurdular. O da s\u00fcbut olundu ki, birl\u0259\u015fm\u0259k, mill\u0259t kimi ortaq m\u00f6vqe s\u0259rgil\u0259m\u0259k sifari\u015fl\u0259 ba\u015f vermir. N\u0259 zaman ki, mill\u0259tin damar\u0131na bas\u0131l\u0131r, o zaman birlik \u00f6z-\u00f6z\u00fcn\u0259 yaran\u0131r. Rusiyada \u00e7ox sayda diaspor qurumlar\u0131m\u0131z var. B\u0259zil\u0259rinin r\u0259hb\u0259rl\u0259ri bir-birini g\u00f6r\u0259nd\u0259 b\u0259lk\u0259 he\u00e7 salam da vermir. Ancaq bu g\u00fcn h\u0259r k\u0259s ortaq m\u00f6vqed\u0259n \u00e7\u0131x\u0131\u015f edir. Bunun ad\u0131 milli birlikdir. Erm\u0259nil\u0259r Q\u0259rb b\u00f6lg\u0259sin\u0259 h\u00fccum etm\u0259kl\u0259 bir daha niyy\u0259tl\u0259rini ortaya qoydular ki, onlar\u0131n h\u0259d\u0259fi yaln\u0131z Qaraba\u011f deyil, onlar yeni Az\u0259rbaycandan torpaq qoparmaq ist\u0259yir. Qaraba\u011f tamamil\u0259 f\u0259rqli h\u0259rbi, iqtisadi, beyn\u0259lxaq \u015f\u0259rtl\u0259r alt\u0131nda i\u015f\u011fal olunub. Erm\u0259nistan bu i\u015f\u011fala ill\u0259rl\u0259 haz\u0131rla\u015f\u0131b \u2013 ideolojisini yarad\u0131b, diasporunu qurub, beyn\u0259lxalq d\u0259st\u0259k al\u0131b, h\u0259rbi d\u0259st\u0259k qazana bilib. \u018fn \u0259sas\u0131, mill\u0259ti bu i\u015f\u011fala haz\u0131rlay\u0131b. \u0130ndi Az\u0259rbaycan g\u00fccl\u0259nir. \u0130ndi biz mill\u0259t kimi Az\u0259rbaycan\u0131n \u0259razi b\u00fct\u00f6vl\u00fcy\u00fcn\u00fc b\u0259rpa etm\u0259y\u0259 haz\u0131rla\u015f\u0131r\u0131q. G\u00fccl\u0259nirik, b\u00f6y\u00fcy\u00fcr\u00fck. D\u00fc\u015f\u00fcn\u00fcr\u0259m ki, bu birliyimizi pozmaq, bizi h\u0259d\u0259fl\u0259rimizd\u0259n yay\u0131nd\u0131rmaq art\u0131q m\u00fcmk\u00fcn olacaq m\u0259s\u0259l\u0259 deyil. Atat\u00fcrk\u00fcn s\u00f6zl\u0259ri il\u0259 des\u0259k, m\u00f6vzu V\u0259t\u0259n olanda, qalan h\u0259r \u015fey t\u0259f\u0259rr\u00fcatd\u0131r.(Hit.Az)<\/p>\n\n\n\n<p><strong>Ayg\u00fcn Muradxanl\u0131<\/strong><\/p>\n\n\n\n<p><strong>P.S. 1 g\u00fcn \u00f6nc\u0259 \u0130lham R\u0259himovu s\u0259ssiz qalmaqda q\u0131nam\u0131\u015fd\u0131q. Dan\u0131\u015fmaq laz\u0131md\u0131 v\u0259 d\u00fc\u015fm\u0259n\u0259 qar\u015f\u0131 d\u00fc\u015fm\u0259n kimi m\u00fcbariz\u0259 aparmasaq qalib g\u0259l\u0259 bilm\u0259rik. H\u0259r k\u0259si bu m\u00fcbariz\u0259d\u0259 \u00f6nd\u0259 olma\u011fa s\u0259sl\u0259yirik&#8230;<\/strong><\/p>\n","protected":false},"excerpt":{"rendered":"<p>Fedai.az\u00a0jurnalist Ayg\u00fcn Muradxanl\u0131n\u0131n h\u00fcquq professoru \u0130lham R\u0259himovla m\u00fcsahib\u0259sini t\u0259qdim edir: \u2013 Professor, \u00f6t\u0259n g\u00fcn sahibi oldu\u011funuz Moskvadak\u0131 Food City-y\u0259 Erm\u0259nistan\u0131n Moskva b\u00f6y\u00fckel\u00e7iliyi \u0259m\u0259kda\u015flar\u0131n\u0131n g\u0259li\u015find\u0259<\/p>\n","protected":false},"author":2,"featured_media":0,"comment_status":"closed","ping_status":"closed","sticky":false,"template":"","format":"standard","meta":{"footnotes":""},"categories":[3],"tags":[],"class_list":["post-10413","post","type-post","status-publish","format-standard","hentry","category-gundm"],"aioseo_notices":[],"_links":{"self":[{"href":"https:\/\/fedai.az\/index.php?rest_route=\/wp\/v2\/posts\/10413","targetHints":{"allow":["GET"]}}],"collection":[{"href":"https:\/\/fedai.az\/index.php?rest_route=\/wp\/v2\/posts"}],"about":[{"href":"https:\/\/fedai.az\/index.php?rest_route=\/wp\/v2\/types\/post"}],"author":[{"embeddable":true,"href":"https:\/\/fedai.az\/index.php?rest_route=\/wp\/v2\/users\/2"}],"replies":[{"embeddable":true,"href":"https:\/\/fedai.az\/index.php?rest_route=%2Fwp%2Fv2%2Fcomments&post=10413"}],"version-history":[{"count":1,"href":"https:\/\/fedai.az\/index.php?rest_route=\/wp\/v2\/posts\/10413\/revisions"}],"predecessor-version":[{"id":10415,"href":"https:\/\/fedai.az\/index.php?rest_route=\/wp\/v2\/posts\/10413\/revisions\/10415"}],"wp:attachment":[{"href":"https:\/\/fedai.az\/index.php?rest_route=%2Fwp%2Fv2%2Fmedia&parent=10413"}],"wp:term":[{"taxonomy":"category","embeddable":true,"href":"https:\/\/fedai.az\/index.php?rest_route=%2Fwp%2Fv2%2Fcategories&post=10413"},{"taxonomy":"post_tag","embeddable":true,"href":"https:\/\/fedai.az\/index.php?rest_route=%2Fwp%2Fv2%2Ftags&post=10413"}],"curies":[{"name":"wp","href":"https:\/\/api.w.org\/{rel}","templated":true}]}}