{"id":10416,"date":"2020-07-19T01:28:45","date_gmt":"2020-07-18T21:28:45","guid":{"rendered":"http:\/\/fedai.az\/?p=10416"},"modified":"2020-07-19T01:44:03","modified_gmt":"2020-07-18T21:44:03","slug":"general-yasar-ayd%c9%99mirov-polad-h%c9%99simovu-satiblar-video","status":"publish","type":"post","link":"https:\/\/fedai.az\/?p=10416","title":{"rendered":"General Ya\u015far Ayd\u0259mirov: &#187; Polad H\u0259\u015fimovu sat\u0131blar&#187; -V\u0130DEO"},"content":{"rendered":"\n<p><strong>\u201cGeneral Polad H\u0259\u015fimovun h\u0259lak olmas\u0131 s\u0259b\u0259bini ara\u015fd\u0131r\u0131lacaq. Ali Ba\u015f komandan bu m\u0259s\u0259l\u0259ni el\u0259-bel\u0259 qoymayacaq\u201d.<\/strong><\/p>\n\n\n\n<p><br>Sabiq korpus komandiri, general-leytenant Ya\u015far Ayd\u0259mirov LAF TV-y\u0259 m\u00fcsahib\u0259sind\u0259 bu s\u00f6zl\u0259ri deyib.<\/p>\n\n\n\n<p><br>Y. Ayd\u0259mirov general\u0131n h\u0259lak olmas\u0131 \u0259traf\u0131nda ged\u0259n b\u0259zi m\u00fczakir\u0259l\u0259r\u0259 toxunub.&nbsp;O, bildirib ki, erm\u0259ni ordusu general Polad H\u0259\u015fimovun h\u0259r\u0259k\u0259t trayektoriyas\u0131n\u0131 izl\u0259y\u0259 bilm\u0259zdi:&nbsp;<strong>\u201cErm\u0259nil\u0259rd\u0259 bel\u0259 d\u0259qiq silahlar yoxdur. K\u0259nardan onlara yard\u0131m edilib. General daim q\u0259rargahda oturmur. O daima h\u0259rk\u0259td\u0259 olur\u201d.<\/strong><\/p>\n\n\n\n<p><br>Bununla yana\u015f\u0131 Y.Ayd\u0259mirov deyib ki, P. H\u0259\u015fimovun harda z\u0259rb\u0259y\u0259 tu\u015f g\u0259lm\u0259si h\u0259l\u0259 r\u0259smi a\u00e7\u0131qlanmay\u0131b:\u00a0<strong>\u201cM\u0259n bilir\u0259m harda olub. Amma M\u00fcdafi\u0259 Nazirliyi r\u0259smi a\u00e7\u0131qlama verm\u0259yib\u201d.<\/strong><\/p>\n\n\n\n<p><br>General\u0131n s\u00f6zl\u0259rin\u0259 g\u00f6r\u0259, Tovuzda ba\u015f ver\u0259n t\u0259xribat \u0259vv\u0259lc\u0259d\u0259n haz\u0131rlanm\u0131\u015fd\u0131.&nbsp;Y. Ayd\u0259mirov bir \u00e7ox maraql\u0131 v\u0259 m\u0259tbuatda deyilm\u0259y\u0259n m\u0259qamlara toxunub: \u201cBu Erm\u0259nistan\u0131n i\u015fi deyildi. Ba\u015fqa iri d\u00f6vl\u0259tl\u0259rin i\u015fidir\u201d.<\/p>\n\n\n\n<p><strong>Videonu t\u0259qdim edirik:<\/strong><\/p>\n\n\n\n<figure class=\"wp-block-embed-youtube wp-block-embed is-type-video is-provider-youtube wp-embed-aspect-16-9 wp-has-aspect-ratio\"><div class=\"wp-block-embed__wrapper\">\n<iframe loading=\"lazy\" title=\"GENERALDAN TOVUZ T\u018fXR\u0130BATINA REAKS\u0130YA\" width=\"715\" height=\"402\" src=\"https:\/\/www.youtube.com\/embed\/P-n-xP1DO3w?feature=oembed\" frameborder=\"0\" allow=\"accelerometer; autoplay; encrypted-media; gyroscope; picture-in-picture\" allowfullscreen><\/iframe>\n<\/div><\/figure>\n","protected":false},"excerpt":{"rendered":"<p>\u201cGeneral Polad H\u0259\u015fimovun h\u0259lak olmas\u0131 s\u0259b\u0259bini ara\u015fd\u0131r\u0131lacaq. Ali Ba\u015f komandan bu m\u0259s\u0259l\u0259ni el\u0259-bel\u0259 qoymayacaq\u201d. Sabiq korpus komandiri, general-leytenant Ya\u015far Ayd\u0259mirov LAF TV-y\u0259 m\u00fcsahib\u0259sind\u0259 bu<\/p>\n","protected":false},"author":2,"featured_media":0,"comment_status":"closed","ping_status":"closed","sticky":false,"template":"","format":"standard","meta":{"footnotes":""},"categories":[5],"tags":[],"class_list":["post-10416","post","type-post","status-publish","format-standard","hentry","category-veteran"],"aioseo_notices":[],"_links":{"self":[{"href":"https:\/\/fedai.az\/index.php?rest_route=\/wp\/v2\/posts\/10416","targetHints":{"allow":["GET"]}}],"collection":[{"href":"https:\/\/fedai.az\/index.php?rest_route=\/wp\/v2\/posts"}],"about":[{"href":"https:\/\/fedai.az\/index.php?rest_route=\/wp\/v2\/types\/post"}],"author":[{"embeddable":true,"href":"https:\/\/fedai.az\/index.php?rest_route=\/wp\/v2\/users\/2"}],"replies":[{"embeddable":true,"href":"https:\/\/fedai.az\/index.php?rest_route=%2Fwp%2Fv2%2Fcomments&post=10416"}],"version-history":[{"count":4,"href":"https:\/\/fedai.az\/index.php?rest_route=\/wp\/v2\/posts\/10416\/revisions"}],"predecessor-version":[{"id":10423,"href":"https:\/\/fedai.az\/index.php?rest_route=\/wp\/v2\/posts\/10416\/revisions\/10423"}],"wp:attachment":[{"href":"https:\/\/fedai.az\/index.php?rest_route=%2Fwp%2Fv2%2Fmedia&parent=10416"}],"wp:term":[{"taxonomy":"category","embeddable":true,"href":"https:\/\/fedai.az\/index.php?rest_route=%2Fwp%2Fv2%2Fcategories&post=10416"},{"taxonomy":"post_tag","embeddable":true,"href":"https:\/\/fedai.az\/index.php?rest_route=%2Fwp%2Fv2%2Ftags&post=10416"}],"curies":[{"name":"wp","href":"https:\/\/api.w.org\/{rel}","templated":true}]}}