{"id":10427,"date":"2020-07-19T02:19:22","date_gmt":"2020-07-18T22:19:22","guid":{"rendered":"http:\/\/fedai.az\/?p=10427"},"modified":"2020-07-19T02:20:49","modified_gmt":"2020-07-18T22:20:49","slug":"avmvib-sirvan-s%c9%99h%c9%99r-sob%c9%99si-veteranlari-prezidentin-%c9%99mrin%c9%99-hazirdilar","status":"publish","type":"post","link":"https:\/\/fedai.az\/?p=10427","title":{"rendered":"AVMV\u0130B \u015eirvan \u015f\u0259h\u0259r veteranlar\u0131 Prezidentin \u0259mrin\u0259 haz\u0131rd\u0131rlar"},"content":{"rendered":"\n<p><strong>AVMV\u0130B \u015eirvan \u015f\u0259h\u0259r \u015f\u00f6b\u0259sinin s\u0259dri Bab\u0259k \u018fdilovun verdiyi m\u0259lumata g\u00f6r\u0259, \u015f\u0259h\u0259r veteranlar\u0131 Prezidentin \u00e7a\u011fr\u0131\u015f\u0131na s\u0259s ver\u0259r\u0259k h\u0259r an c\u0259bh\u0259y\u0259 yollanma\u011fa haz\u0131r olduqlar\u0131n\u0131 bildiribl\u0259r.<\/strong><\/p>\n\n\n\n<figure class=\"wp-block-image size-large is-resized\"><img loading=\"lazy\" decoding=\"async\" src=\"http:\/\/fedai.az\/wp-content\/uploads\/2020\/07\/110046324_2617955871777047_5921614651574957053_n.jpg\" alt=\"\" class=\"wp-image-10429\" width=\"163\" height=\"240\"\/><\/figure>\n\n\n\n<p><strong>AVMV\u0130B \u015eirvan \u015f\u0259h\u0259r \u015f\u00f6b\u0259sinin s\u0259dri Bab\u0259k \u018fdilov <\/strong>bildirdi ki, \u015f\u0259h\u0259rin m\u00fcharib\u0259 veteranlar\u0131 ad\u0131ndan Tovuza edilmi\u015f d\u00fc\u015fm\u0259n h\u00fccumunun qar\u015f\u0131s\u0131n\u0131n al\u0131nmas\u0131 zaman\u0131 ba\u015f vermi\u015f d\u00f6y\u00fc\u015fd\u0259 \u015f\u0259hid olmu\u015f h\u0259rb\u00e7il\u0259rimizin yax\u0131nlar\u0131na ba\u015f sa\u011fl\u0131\u011f\u0131 verir v\u0259 bu d\u00f6y\u00fc\u015fd\u0259 yaralanm\u0131\u015f \u0259sg\u0259r v\u0259 zabitl\u0259rimiz\u0259 \u015f\u0259fa dil\u0259yir\u0259m.<\/p>\n\n\n\n<p>B. \u018fdilov bildirdi ki, Ali Ba\u015f Komandan\u0131n s\u00f6yl\u0259diyi: &#171;Bir m\u0259s\u0259l\u0259y\u0259 d\u0259 toxunmaq ist\u0259yir\u0259m. Bizim ordumuzun u\u011furlu \u0259m\u0259liyyat\u0131 v\u0259 \u0259ld\u0259 edilmi\u015f n\u0259tic\u0259l\u0259r, h\u0259rbi q\u0259l\u0259b\u0259, \u0259lb\u0259tt\u0259, t\u0259bii olaraq Az\u0259rbaycan ictimaiyy\u0259tind\u0259 ruh y\u00fcks\u0259kliyi yaratd\u0131, xalq\u0131m\u0131z\u0131 co\u015fdurdu. Bayaq dediyim kimi, m\u0259n\u0259 \u00fcnvanlanan m\u0259ktublarda g\u00f6rd\u00fcy\u00fcm\u00fcz i\u015fl\u0259r\u0259 tam d\u0259st\u0259k ifad\u0259 olunur. D\u00fcn\u0259n bir qrup v\u0259t\u0259np\u0259rv\u0259r insan bu i\u015fl\u0259r\u0259 \u00f6z m\u00fcnasib\u0259tini bildirm\u0259k, Az\u0259rbaycan Ordusuna v\u0259 Ali Ba\u015f Komandan kimi m\u0259n\u0259 \u00f6z d\u0259st\u0259yini ifad\u0259 etm\u0259k \u00fc\u00e7\u00fcn \u015e\u0259hidl\u0259r xiyaban\u0131na \u00fcz tutdu. M\u0259n bu v\u0259t\u0259np\u0259rv\u0259r add\u0131m\u0131 alq\u0131\u015flay\u0131ram. M\u0259n\u0259 veril\u0259n m\u0259lumata g\u00f6r\u0259, bu insanlar uzun m\u0259saf\u0259ni piyada q\u0259t edib v\u0259 \u015e\u0259hidl\u0259r xiyaban\u0131na ged\u0259n m\u00fcdd\u0259t \u0259rzind\u0259 v\u0259t\u0259np\u0259rv\u0259r \u015f\u00fcarlar s\u0259sl\u0259ndiribl\u0259r &#8212; m\u0259nim haqq\u0131mda, ordumuz haqq\u0131nda, xalq\u0131m\u0131z haqq\u0131nda, Qaraba\u011f haqq\u0131nda. Bu, bir daha onu g\u00f6st\u0259rir ki, Az\u0259rbaycan xalq\u0131 a\u011f\u0131r g\u00fcnl\u0259rd\u0259 bir n\u00f6qt\u0259y\u0259 vura bilir. Bu, xalq-iqtidar birliyini g\u00f6st\u0259r\u0259n daha bir m\u0259nz\u0259r\u0259 idi&#187; fikirl\u0259ri m\u00fcharib\u0259 veteranlar\u0131 ruh y\u00fcks\u0259kliyi il\u0259 qar\u015f\u0131lay\u0131blar. <\/p>\n\n\n\n<p>Bizim \u015eirvan \u015f\u0259h\u0259rind\u0259 d\u0259 h\u0259rbi-v\u0259t\u0259np\u0259rv\u0259rliyin y\u00fcks\u0259ldilm\u0259si istiqam\u0259tind\u0259 d\u0259 ciddi i\u015fl\u0259r g\u00f6r\u00fclm\u0259kd\u0259dir. X\u00fcsus\u0259n d\u0259 c\u0259nab \u0130lqar Abbasov \u015eirvan \u015f\u0259h\u0259r \u0130cra Hakimiyy\u0259tin\u0259 Ba\u015f\u00e7\u0131 t\u0259yin edildikd\u0259n sonra veteranlara qay\u011f\u0131 art\u0131r\u0131l\u0131b v\u0259 prezidentin g\u00f6st\u0259ri\u015fl\u0259ri yerd\u0259 icra olunmas\u0131 keyfiyy\u0259tc\u0259 m\u00fcsb\u0259t\u0259 do\u011fru d\u0259yi\u015filib. Bu g\u00fcn, n\u0259inki t\u0259kc\u0259 m\u00fcharib\u0259 veteranlar\u0131, h\u0259tta h\u0259l\u0259 \u0259sg\u0259rlik ya\u015f\u0131 \u00e7atmayanlar da prezidentin \u00e7a\u011fr\u0131\u015f\u0131yla c\u0259bh\u0259y\u0259 yola d\u00fc\u015fm\u0259y\u0259 can at\u0131rlar. Bu v\u0259t\u0259np\u0259rv\u0259rlik ruhunun y\u00fcks\u0259ldilm\u0259si \u00f6nc\u0259 \u00f6lk\u0259mizin r\u0259hb\u0259ri c\u0259nab \u0130lham \u018fliyevin v\u0259 Birinci Vitse Prezident Mehriban \u018fliyevan\u0131n ad\u0131yla ba\u011fl\u0131d\u0131r.<\/p>\n\n\n\n<p>AVMV\u0130B \u015eirvan \u015f\u0259h\u0259r \u015f\u00f6b\u0259sinin s\u0259dri Bab\u0259k \u018fdilov qeyd etdi ki, son aylar \u0259rzind\u0259 \u015eirvan \u015f\u0259h\u0259rind\u0259 apar\u0131lan tikinti-quruculuq v\u0259 abadl\u0131q i\u015fl\u0259rinin miqyas\u0131 v\u0259 s\u00fcr\u0259ti, h\u0259qiq\u0259t\u0259n, adam\u0131 heyr\u0259t\u0259 g\u0259tirir. \u00d6z\u00fc d\u0259 bu i\u015fl\u0259r b\u00f6y\u00fck z\u00f6vql\u0259, s\u0259liq\u0259 il\u0259 g\u00f6r\u00fclm\u0259si h\u0259r bir \u015f\u0259h\u0259r sakinin \u00fcr\u0259yinc\u0259dir.<\/p>\n\n\n\n<p>B. \u018fdilov \u015eirvanda veteranlara diqq\u0259t v\u0259 qay\u011f\u0131 bar\u0259d\u0259 sor\u011fumuza cavab olaraq, dedi ki, h\u0259kiml\u0259rimizin ad\u0131n\u0131 \u00e7\u0259km\u0259s\u0259m haqs\u0131zl\u0131q olar. \u015e\u0259h\u0259r M\u0259rk\u0259zi X\u0259st\u0259xanas\u0131n\u0131n Ba\u015f h\u0259kimi F\u0259rhad S\u0259f\u0259rov m\u00fcharib\u0259 veteranlar\u0131 v\u0259 \u0259lill\u0259rin\u0259 daim qay\u011f\u0131yla yana\u015fmas\u0131 h\u0259r birimizin \u00fcr\u0259yinc\u0259dir. \u00dcmumiyy\u0259tl\u0259, x\u0259st\u0259xana kollektivin\u0259 veteranlar\u0131m\u0131z ad\u0131ndan, sizin vasit\u0259nizl\u0259 \u00f6z minn\u0259tdarl\u0131\u011f\u0131m\u0131z\u0131 \u00e7atd\u0131r\u0131ram.<\/p>\n\n\n\n<p>M\u00fcharib\u0259 veteranlar\u0131na qay\u011f\u0131yla yana\u015fan \u0130cra Ba\u0131\u00e7\u0131lar\u0131 v\u0259t\u0259np\u0259rv\u0259r insanlar oldu\u011funu d\u0259f\u0259l\u0259rl\u0259 qeyd etmi\u015fik. Hans\u0131 b\u00f6lg\u0259d\u0259 veteranara qar\u015f\u0131 neqativ m\u00fcnasib\u0259t varsa ara\u015fd\u0131rm\u0131\u015f\u0131q ki, bu adamlar Ramiz Mehdiyevin t\u00f6r-t\u00f6k\u00fcnt\u00fcl\u0259ridir v\u0259 inan\u0131r\u0131q ki, tezlikl onlara yara\u015fan bir \u00fcslubda v\u0259zif\u0259l\u0259rd\u0259n azad edil\u0259c\u0259kl\u0259r.<\/p>\n\n\n\n<p>Bab\u0259k \u018fdilov \u015firvanl\u0131 veteranlar ad\u0131ndan bildirdi ki, Ali Ba\u015f Komandan\u0131n \u0259sg\u0259rl\u0259ri kimi onun \u00e7a\u011fr\u0131\u015f\u0131na s\u0259s verir v\u0259 h\u0259r an d\u00f6y\u00fc\u015f\u0259 getm\u0259y\u0259 haz\u0131r oldu\u011fumuzu bildiririk.Q\u0131sa vaxt \u0259rzind\u0259 onlarla \u015firvanl\u0131 S\u0259frb\u0259rlik idar\u0259sin\u0259 m\u00fcraci\u0259t etm\u0259si, bizim \u015f\u0259h\u0259rd\u0259 v\u0259t\u0259np\u0259rv\u0259rlik hissinin y\u00fcks\u0259k olmas\u0131n\u0131n g\u00f6st\u0259ricisidir.<\/p>\n\n\n\n<p>AVMV\u0130B \u015eirvan \u015f\u00f6b\u0259sinin s\u0259dri Bab\u0259k \u018fdilova v\u0259 \u015eirvan veteranlar\u0131na f\u0259aliyy\u0259tl\u0259rind\u0259 u\u011furlar dil\u0259yirik.<\/p>\n\n\n\n<p><strong>Elnur S\u0259lim<\/strong><\/p>\n","protected":false},"excerpt":{"rendered":"<p>AVMV\u0130B \u015eirvan \u015f\u0259h\u0259r \u015f\u00f6b\u0259sinin s\u0259dri Bab\u0259k \u018fdilovun verdiyi m\u0259lumata g\u00f6r\u0259, \u015f\u0259h\u0259r veteranlar\u0131 Prezidentin \u00e7a\u011fr\u0131\u015f\u0131na s\u0259s ver\u0259r\u0259k h\u0259r an c\u0259bh\u0259y\u0259 yollanma\u011fa haz\u0131r olduqlar\u0131n\u0131 bildiribl\u0259r. AVMV\u0130B<\/p>\n","protected":false},"author":2,"featured_media":0,"comment_status":"closed","ping_status":"closed","sticky":false,"template":"","format":"standard","meta":{"footnotes":""},"categories":[3],"tags":[],"class_list":["post-10427","post","type-post","status-publish","format-standard","hentry","category-gundm"],"aioseo_notices":[],"_links":{"self":[{"href":"https:\/\/fedai.az\/index.php?rest_route=\/wp\/v2\/posts\/10427","targetHints":{"allow":["GET"]}}],"collection":[{"href":"https:\/\/fedai.az\/index.php?rest_route=\/wp\/v2\/posts"}],"about":[{"href":"https:\/\/fedai.az\/index.php?rest_route=\/wp\/v2\/types\/post"}],"author":[{"embeddable":true,"href":"https:\/\/fedai.az\/index.php?rest_route=\/wp\/v2\/users\/2"}],"replies":[{"embeddable":true,"href":"https:\/\/fedai.az\/index.php?rest_route=%2Fwp%2Fv2%2Fcomments&post=10427"}],"version-history":[{"count":2,"href":"https:\/\/fedai.az\/index.php?rest_route=\/wp\/v2\/posts\/10427\/revisions"}],"predecessor-version":[{"id":10431,"href":"https:\/\/fedai.az\/index.php?rest_route=\/wp\/v2\/posts\/10427\/revisions\/10431"}],"wp:attachment":[{"href":"https:\/\/fedai.az\/index.php?rest_route=%2Fwp%2Fv2%2Fmedia&parent=10427"}],"wp:term":[{"taxonomy":"category","embeddable":true,"href":"https:\/\/fedai.az\/index.php?rest_route=%2Fwp%2Fv2%2Fcategories&post=10427"},{"taxonomy":"post_tag","embeddable":true,"href":"https:\/\/fedai.az\/index.php?rest_route=%2Fwp%2Fv2%2Ftags&post=10427"}],"curies":[{"name":"wp","href":"https:\/\/api.w.org\/{rel}","templated":true}]}}