{"id":10432,"date":"2020-07-19T02:28:57","date_gmt":"2020-07-18T22:28:57","guid":{"rendered":"http:\/\/fedai.az\/?p=10432"},"modified":"2020-07-19T02:29:01","modified_gmt":"2020-07-18T22:29:01","slug":"mudafi%c9%99-nazirliyinin-elektron-unvanina-doyus%c9%99-getm%c9%99k-ucun-7-mind%c9%99n-cox-m%c9%99ktub-gond%c9%99rilib","status":"publish","type":"post","link":"https:\/\/fedai.az\/?p=10432","title":{"rendered":"M\u00fcdafi\u0259 Nazirliyinin elektron \u00fcnvan\u0131na d\u00f6y\u00fc\u015f\u0259 getm\u0259k \u00fc\u00e7\u00fcn 7 mind\u0259n \u00e7ox m\u0259ktub g\u00f6nd\u0259rilib"},"content":{"rendered":"\n<p><strong>Az\u0259rbaycan-Erm\u0259nistan d\u00f6vl\u0259t s\u0259rh\u0259dinin Tovuz rayonu istiqam\u0259tind\u0259 ged\u0259n d\u00f6y\u00fc\u015fl\u0259rd\u0259 Ordumuzun general\u0131, y\u00fcks\u0259k r\u00fctb\u0259li h\u0259rbi qulluq\u00e7ular\u0131 d\u00fc\u015fm\u0259n ordusundak\u0131ndan f\u0259rqli olaraq \u0259sg\u0259rl\u0259rimizin \u00f6n\u00fcnd\u0259 gedirdi.<\/strong><\/p>\n\n\n\n<p>Fedai.az\u00a0Trend-\u0259 istinad\u0259n verdiyi m\u0259lumata g\u00f6r\u0259, bunu Az\u0259rbaycan M\u00fcdafi\u0259 Nazirliyinin m\u0259tbuat xidm\u0259tinin r\u0259isi, polkovnik Vaqif D\u0259rgahl\u0131 bildirib.<\/p>\n\n\n\n<p>Vaqif Dargahl\u0131 deyib ki, Az\u0259rbaycan Ordusunun h\u0259r bir zabiti, giziri, \u0259sg\u0259ri \u00f6z arxas\u0131nda Az\u0259rbaycan xalq\u0131n\u0131 g\u00f6rd\u00fc, daya\u011f\u0131n\u0131 hiss etdi. \u0130yulun 13-d\u0259n 17-d\u0259k 7 mind\u0259n art\u0131q v\u0259t\u0259nda\u015f\u0131m\u0131z h\u0259rbi xidm\u0259t\u0259 getm\u0259k \u00fc\u00e7\u00fcn M\u00fcdafi\u0259 Nazirliyinin r\u0259smi elektron po\u00e7t \u00fcnvan\u0131na m\u0259ktub g\u00f6nd\u0259rib&#187;.<\/p>\n\n\n\n<p>D\u00f6y\u00fc\u015fl\u0259r zaman\u0131 h\u0259rb\u00e7il\u0259rimiz aras\u0131nda yaral\u0131lar\u0131n da oldu\u011funu dey\u0259n V.D\u0259rgahl\u0131 qeyd edib ki, onlar h\u0259rbi tibb m\u00fc\u0259ssis\u0259l\u0259rind\u0259 m\u00fcalic\u0259 al\u0131rlar. Yaral\u0131lar\u0131n \u0259ks\u0259riyy\u0259tinin m\u00fcalic\u0259si q\u0131sa m\u00fcdd\u0259td\u0259 ba\u015fa \u00e7atacaq. \u018fminik ki, onlar tez bir zamanda s\u0131ralar\u0131m\u0131za qay\u0131dacaqlar. Yaral\u0131lar\u0131n m\u00fcalic\u0259si h\u0259kim n\u0259zar\u0259ti alt\u0131nda davam etdirilir. H\u0259rbi h\u0259kiml\u0259rimizin d\u0259 f\u0259dakarl\u0131\u011f\u0131n\u0131 x\u00fcsusi vur\u011fulamaq laz\u0131md\u0131r.<\/p>\n","protected":false},"excerpt":{"rendered":"<p>Az\u0259rbaycan-Erm\u0259nistan d\u00f6vl\u0259t s\u0259rh\u0259dinin Tovuz rayonu istiqam\u0259tind\u0259 ged\u0259n d\u00f6y\u00fc\u015fl\u0259rd\u0259 Ordumuzun general\u0131, y\u00fcks\u0259k r\u00fctb\u0259li h\u0259rbi qulluq\u00e7ular\u0131 d\u00fc\u015fm\u0259n ordusundak\u0131ndan f\u0259rqli olaraq \u0259sg\u0259rl\u0259rimizin \u00f6n\u00fcnd\u0259 gedirdi. Fedai.az\u00a0Trend-\u0259 istinad\u0259n verdiyi<\/p>\n","protected":false},"author":2,"featured_media":0,"comment_status":"closed","ping_status":"closed","sticky":false,"template":"","format":"standard","meta":{"footnotes":""},"categories":[3],"tags":[],"class_list":["post-10432","post","type-post","status-publish","format-standard","hentry","category-gundm"],"aioseo_notices":[],"_links":{"self":[{"href":"https:\/\/fedai.az\/index.php?rest_route=\/wp\/v2\/posts\/10432","targetHints":{"allow":["GET"]}}],"collection":[{"href":"https:\/\/fedai.az\/index.php?rest_route=\/wp\/v2\/posts"}],"about":[{"href":"https:\/\/fedai.az\/index.php?rest_route=\/wp\/v2\/types\/post"}],"author":[{"embeddable":true,"href":"https:\/\/fedai.az\/index.php?rest_route=\/wp\/v2\/users\/2"}],"replies":[{"embeddable":true,"href":"https:\/\/fedai.az\/index.php?rest_route=%2Fwp%2Fv2%2Fcomments&post=10432"}],"version-history":[{"count":1,"href":"https:\/\/fedai.az\/index.php?rest_route=\/wp\/v2\/posts\/10432\/revisions"}],"predecessor-version":[{"id":10434,"href":"https:\/\/fedai.az\/index.php?rest_route=\/wp\/v2\/posts\/10432\/revisions\/10434"}],"wp:attachment":[{"href":"https:\/\/fedai.az\/index.php?rest_route=%2Fwp%2Fv2%2Fmedia&parent=10432"}],"wp:term":[{"taxonomy":"category","embeddable":true,"href":"https:\/\/fedai.az\/index.php?rest_route=%2Fwp%2Fv2%2Fcategories&post=10432"},{"taxonomy":"post_tag","embeddable":true,"href":"https:\/\/fedai.az\/index.php?rest_route=%2Fwp%2Fv2%2Ftags&post=10432"}],"curies":[{"name":"wp","href":"https:\/\/api.w.org\/{rel}","templated":true}]}}