{"id":10451,"date":"2020-07-19T04:03:55","date_gmt":"2020-07-19T00:03:55","guid":{"rendered":"http:\/\/fedai.az\/?p=10451"},"modified":"2020-07-19T22:25:06","modified_gmt":"2020-07-19T18:25:06","slug":"s%c9%99xsi-ambisiyalarini-yurutm%c9%99k-ist%c9%99y%c9%99nl%c9%99r-qarsilarinda-biz-doyuscul%c9%99ri-gor%c9%99c%c9%99kl%c9%99r","status":"publish","type":"post","link":"https:\/\/fedai.az\/?p=10451","title":{"rendered":"\u015e\u0259xsi ambisiyalar\u0131n\u0131 y\u00fcr\u00fctm\u0259k ist\u0259y\u0259nl\u0259r qar\u015f\u0131lar\u0131nda biz d\u00f6y\u00fc\u015f\u00e7\u00fcl\u0259ri g\u00f6r\u0259c\u0259kl\u0259r"},"content":{"rendered":"\n<p><strong>\u00d6nc\u0259 Az\u0259rbaycan\u0131n Tovuz rayonu istiqam\u0259tind\u0259 ged\u0259n d\u00f6y\u00fc\u015f \u0259m\u0259liyyatlar\u0131nda \u015f\u0259hid olan igidl\u0259rimiz\u0259 Allahdan r\u0259hm\u0259t, yaral\u0131 \u0259sg\u0259rl\u0259rimiz\u0259 is\u0259 \u015f\u0259fa dil\u0259yir\u0259m. D\u00fc\u015fm\u0259n zaman uzand\u0131qca az\u011f\u0131nla\u015fmaqdad\u0131r. Biz m\u00fcharib\u0259 veteranlar\u0131 m\u0259krli d\u00fc\u015fm\u0259ni yax\u015f\u0131 tan\u0131y\u0131r\u0131q. D\u00fc\u015fm\u0259nin \u00e7al\u0131\u015fd\u0131\u011f\u0131 t\u0259k birc\u0259 \u015fey var \u2013 i\u015f\u011fal etdikl\u0259ri \u0259razil\u0259ri daha da geni\u015fl\u0259ndirm\u0259k. Bu uzun illik dan\u0131\u015f\u0131qlarda bunu h\u0259r k\u0259s anlay\u0131b. <\/strong><\/p>\n\n\n\n<p><strong>Biz, Az\u0259rbaycan V\u0259t\u0259n M\u00fcharib\u0259si Veteranlar\u0131 \u0130ctimai Birliyinin (AVMV\u0130B) 67 minlik \u00fczv\u00fc Ali Ba\u015f Komandan\u0131m\u0131z, \u00f6lk\u0259 r\u0259hb\u0259ri c\u0259nab \u0130lham \u018fliyevin d\u00fc\u015fm\u0259n\u0259 qar\u015f\u0131 apard\u0131\u011f\u0131 q\u0259tiyy\u0259tli m\u00fcbariz\u0259d\u0259 yan\u0131nday\u0131q v\u0259 onun \u0259mriyl\u0259 h\u0259r an d\u00f6y\u00fc\u015fl\u0259r\u0259 at\u0131lma\u011fa haz\u0131r\u0131q. Do\u011fma Qaraba\u011f\u0131n azad edilm\u0259si \u00fc\u00e7\u00fcn apar\u0131lan h\u0259r bir add\u0131m\u0131 d\u0259st\u0259kl\u0259yir v\u0259 \u00f6n s\u0131ralarda yer tutma\u011f\u0131 \u00f6z v\u0259zif\u0259 borcumuz hesab edirik.<\/strong><\/p>\n\n\n\n<p><br>V\u0259t\u0259n torpaqlar\u0131n\u0131n m\u00fcdafi\u0259si v\u0259 d\u00fc\u015fm\u0259n i\u015f\u011fal\u0131ndan tezlikl\u0259 azad edilm\u0259si yolunda silaha sar\u0131lmaq h\u0259r birimizin arzusudur.<\/p>\n\n\n\n<p><br>Bu g\u00fcn d\u00fc\u015fm\u0259n m\u0259tbuat\u0131 v\u0259 onlar\u0131n i\u00e7imizd\u0259ki ruporlar\u0131 Prezidentin \u00e7\u0131x\u0131\u015f\u0131ndan kontekst ed\u0259r\u0259k, g\u00fcya Ali Ba\u015f Komandan\u0131n \u00e7a\u011f\u0131r\u0131\u015f\u0131na 150 n\u0259f\u0259r g\u0259ldiyini tirajlay\u0131rlar. <\/p>\n\n\n\n<p>Bu adamlar yax\u015f\u0131 bilirl\u0259r ki, k\u00fc\u00e7\u0259l\u0259r\u0259 ax\u0131\u015fan insanlar ordumuza v\u0259 Ali Ba\u015f Komandan\u0131m\u0131za d\u0259st\u0259k \u00fc\u00e7\u00fcn k\u00fc\u00e7\u0259l\u0259r\u0259 \u00e7\u0131xm\u0131\u015fd\u0131lar. \u00dcst\u0259lik, s\u0259dri oldu\u011fum birliyin 67 min \u00fczv\u00fc Prezidentin bir \u0259mriyl\u0259 ist\u0259nil\u0259n c\u0259bh\u0259d\u0259 vuru\u015fma\u011fa haz\u0131r olan k\u00f6hn\u0259 d\u00f6y\u00fc\u015f\u00e7\u00fcl\u0259rdir. Bu 5-ci kolonun bin\u0259valar\u0131na bildirir\u0259m ki, c\u0259nab \u0130lham \u018fliyevin Qaraba\u011f u\u011frunda sava\u015fa haz\u0131r olan milyonlarla \u0259sg\u0259ri var. \u0130\u00e7imizd\u0259ki o t\u0259xribat\u00e7\u0131lar bu reall\u0131\u011f\u0131 h\u0259zm ed\u0259 bilmirl\u0259r. Onlar\u0131n bu m\u0259nfur arzular\u0131 el\u0259 g\u00f6zl\u0259rind\u0259 d\u0259 qalacaq.<\/p>\n\n\n\n<p><br>Prezident \u0130lham \u018fliyev Nazirl\u0259r Kabinetinin 2020-ci ilin birinci yar\u0131s\u0131n\u0131n sosial-iqtisadi inki\u015faf\u0131n\u0131n yekunlar\u0131na v\u0259 qar\u015f\u0131da duran v\u0259zif\u0259l\u0259r\u0259 h\u0259sr olunan iclas\u0131nda dediyi bir fikri xat\u0131rlatmaq ist\u0259rdim: <\/p>\n\n\n\n<p><strong>\u201cN\u0259 vaxt, n\u0259yi, nec\u0259 etm\u0259k laz\u0131md\u0131r, bunu biz bilirik. Hesab edir\u0259m ki, yax\u0131n tarix d\u0259f\u0259l\u0259rl\u0259 bunu g\u00f6st\u0259rib, h\u0259m siyasi m\u00fcst\u0259vid\u0259, diplomatik m\u00fcst\u0259vid\u0259, eyni zamanda, d\u00f6y\u00fc\u015f meydan\u0131nda. N\u0259yi ediriks\u0259, d\u0259qiqlikl\u0259 edirik. Son d\u00f6rd il \u0259rzind\u0259 \u00fc\u00e7 \u0259m\u0259liyyat ke\u00e7irilmi\u015fdir, \u00fc\u00e7 toqqu\u015fma olmu\u015fdur. \u00dc\u00e7\u00fcnd\u0259 d\u0259 qalib g\u0259ldik. \u00dc\u00e7\u00fcnd\u0259 d\u0259 bayra\u011f\u0131m\u0131z\u0131 ist\u0259diyimiz yer\u0259 sancd\u0131q. \u00dc\u00e7\u00fcnd\u0259 d\u0259 d\u00fc\u015fm\u0259n\u0259 sars\u0131d\u0131c\u0131 z\u0259rb\u0259l\u0259r endirdik\u201d.<\/strong><\/p>\n\n\n\n<p><br>Biz veteranlar \u00f6lk\u0259 ba\u015f\u00e7\u0131m\u0131z\u0131n lider kimi y\u00fcks\u0259k keyfiyy\u0259tl\u0259rini \u00fcr\u0259kd\u0259n alq\u0131\u015flay\u0131r, Ali Ba\u015f Komandan kimi d\u00fc\u015fm\u0259nl\u0259 qar\u015f\u0131la\u015fd\u0131\u011f\u0131 h\u0259r bir d\u00f6y\u00fc\u015f\u00fc qalibiyy\u0259tl\u0259 ba\u015fa vurmas\u0131ndan q\u00fcrur hissi ke\u00e7iririk.  <\/p>\n\n\n\n<p> D\u00fc\u015fm\u0259n bunu yax\u015f\u0131 bildiyin\u0259 g\u00f6r\u0259 i\u00e7imizd\u0259ki resurslar\u0131n\u0131, y\u0259ni 5-ci kolonu i\u015f\u0259 salma\u011fa \u00e7al\u0131\u015f\u0131r. <\/p>\n\n\n\n<p>Bu g\u00fcn ordumuzun d\u00fcnyan\u0131n 50 \u0259n g\u00fccl\u00fc ordu s\u0131ras\u0131na d\u00fc\u015fm\u0259si c\u0259nab \u0130lham \u018fliyevin yorulmadan bu i\u015f\u0259 diqq\u0259t v\u0259 qay\u011f\u0131s\u0131 hesab\u0131na ba\u015fa g\u0259lib. <\/p>\n\n\n\n<p>Ordumuz h\u0259r k\u0259sin q\u00fcrur m\u0259nb\u0259yin\u0259, g\u00fcv\u0259ncin\u0259 \u00e7evrilib.  Buna g\u00f6r\u0259 Ali Ba\u015f Komandan\u0131m\u0131za minn\u0259tdar\u0131q.<\/p>\n\n\n\n<p><br>Biz bu V\u0259t\u0259n \u00fc\u00e7\u00fcn, bu D\u00f6vl\u0259tin qurulmas\u0131 \u00fc\u00e7\u00fcn \u00f6z can\u0131n\u0131 ortaya qoymu\u015f<br>insanlar olaraq, x\u00fcsus\u0259n g\u0259nc n\u0259sl\u0259 xat\u0131rlatmaq ist\u0259yirik ki, \u00f6t\u0259n \u0259srin sonlar\u0131nda bir \u00e7ox \u00f6lk\u0259l\u0259rin m\u0259xfi xidm\u0259t orqanlar\u0131na i\u015fl\u0259y\u0259nl\u0259r bizim Qaraba\u011f ist\u0259yimizi alver predmetin\u0259 \u00e7evirm\u0259y\u0259 \u00e7al\u0131\u015f\u0131rd\u0131lar.  N\u0259tic\u0259 g\u00f6z qaba\u011f\u0131ndad\u0131r.<\/p>\n\n\n\n<p><br>Onlara yenid\u0259n bizim ya\u015fad\u0131\u011f\u0131m\u0131z yanl\u0131\u015flar\u0131 t\u0259krar etm\u0259y\u0259 yol ver\u0259 bilm\u0259rik.<\/p>\n\n\n\n<p><br>\u00d6zl\u0259rini 5-ci kolonun n\u00f6k\u0259ri sayanlar\u0131n fitvas\u0131na getm\u0259yin. Bu D\u00f6vl\u0259t bizimdir. D\u00f6vl\u0259t ba\u015f\u00e7\u0131s\u0131 c\u0259nab \u0130lham \u018fliyevin bu g\u00fcn y\u00fcr\u00fctd\u00fcy\u00fc siyas\u0259ti d\u0259st\u0259kl\u0259yir v\u0259 korrupsiyaya, 5-ci kolona qar\u015f\u0131 a\u00e7d\u0131\u011f\u0131 sava\u015fda onun yan\u0131nda oldu\u011fumuzu bir daha b\u0259yan edirik. <\/p>\n\n\n\n<p>\u201cM\u00fcq\u0259dd\u0259s d\u00f6y\u00fc\u015f\u201d, \u201cQaraba\u011f\u201d kimi \u015f\u00fcarlardan, \u015f\u0259hid kimi m\u00fcq\u0259dd\u0259s adlardan sui istifad\u0259 edib \u00f6z \u015f\u0259xsi ambisiyalar\u0131n\u0131 y\u00fcr\u00fctm\u0259k ist\u0259y\u0259nl\u0259r qar\u015f\u0131lar\u0131nda biz d\u00f6y\u00fc\u015f\u00e7\u00fcl\u0259ri g\u00f6r\u0259c\u0259kl\u0259r.<\/p>\n\n\n\n<p><br>Prezidentin s\u00f6yl\u0259diyi s\u00f6zl\u0259r is\u0259 devizimizdir: <strong>\u201cBiz birlikd\u0259 g\u00fccl\u00fcy\u00fck!\u201d<\/strong><\/p>\n\n\n\n<p><br><strong>F\u00fczuli RZAQULIYEV,<br>Az\u0259rbaycan V\u0259t\u0259n M\u00fcharib\u0259si Veteranlar\u0131 \u0130ctimai Birliyinin s\u0259dri<\/strong><\/p>\n\n\n\n<p><strong>&#171;Xalq&#187; Q\u0259zeti<\/strong><\/p>\n\n\n\n<figure class=\"wp-block-image size-large\"><img loading=\"lazy\" decoding=\"async\" width=\"960\" height=\"720\" src=\"http:\/\/fedai.az\/wp-content\/uploads\/2020\/07\/113432768_368513840781336_1738952291369013667_n.jpg\" alt=\"\" class=\"wp-image-10452\" srcset=\"https:\/\/fedai.az\/wp-content\/uploads\/2020\/07\/113432768_368513840781336_1738952291369013667_n.jpg 960w, https:\/\/fedai.az\/wp-content\/uploads\/2020\/07\/113432768_368513840781336_1738952291369013667_n-300x225.jpg 300w, https:\/\/fedai.az\/wp-content\/uploads\/2020\/07\/113432768_368513840781336_1738952291369013667_n-150x113.jpg 150w, https:\/\/fedai.az\/wp-content\/uploads\/2020\/07\/113432768_368513840781336_1738952291369013667_n-768x576.jpg 768w\" sizes=\"auto, (max-width: 960px) 100vw, 960px\" \/><\/figure>\n","protected":false},"excerpt":{"rendered":"<p>\u00d6nc\u0259 Az\u0259rbaycan\u0131n Tovuz rayonu istiqam\u0259tind\u0259 ged\u0259n d\u00f6y\u00fc\u015f \u0259m\u0259liyyatlar\u0131nda \u015f\u0259hid olan igidl\u0259rimiz\u0259 Allahdan r\u0259hm\u0259t, yaral\u0131 \u0259sg\u0259rl\u0259rimiz\u0259 is\u0259 \u015f\u0259fa dil\u0259yir\u0259m. D\u00fc\u015fm\u0259n zaman uzand\u0131qca az\u011f\u0131nla\u015fmaqdad\u0131r. Biz m\u00fcharib\u0259<\/p>\n","protected":false},"author":2,"featured_media":10453,"comment_status":"closed","ping_status":"closed","sticky":false,"template":"","format":"standard","meta":{"footnotes":""},"categories":[5],"tags":[],"class_list":["post-10451","post","type-post","status-publish","format-standard","has-post-thumbnail","hentry","category-veteran"],"aioseo_notices":[],"_links":{"self":[{"href":"https:\/\/fedai.az\/index.php?rest_route=\/wp\/v2\/posts\/10451","targetHints":{"allow":["GET"]}}],"collection":[{"href":"https:\/\/fedai.az\/index.php?rest_route=\/wp\/v2\/posts"}],"about":[{"href":"https:\/\/fedai.az\/index.php?rest_route=\/wp\/v2\/types\/post"}],"author":[{"embeddable":true,"href":"https:\/\/fedai.az\/index.php?rest_route=\/wp\/v2\/users\/2"}],"replies":[{"embeddable":true,"href":"https:\/\/fedai.az\/index.php?rest_route=%2Fwp%2Fv2%2Fcomments&post=10451"}],"version-history":[{"count":5,"href":"https:\/\/fedai.az\/index.php?rest_route=\/wp\/v2\/posts\/10451\/revisions"}],"predecessor-version":[{"id":10544,"href":"https:\/\/fedai.az\/index.php?rest_route=\/wp\/v2\/posts\/10451\/revisions\/10544"}],"wp:featuredmedia":[{"embeddable":true,"href":"https:\/\/fedai.az\/index.php?rest_route=\/wp\/v2\/media\/10453"}],"wp:attachment":[{"href":"https:\/\/fedai.az\/index.php?rest_route=%2Fwp%2Fv2%2Fmedia&parent=10451"}],"wp:term":[{"taxonomy":"category","embeddable":true,"href":"https:\/\/fedai.az\/index.php?rest_route=%2Fwp%2Fv2%2Fcategories&post=10451"},{"taxonomy":"post_tag","embeddable":true,"href":"https:\/\/fedai.az\/index.php?rest_route=%2Fwp%2Fv2%2Ftags&post=10451"}],"curies":[{"name":"wp","href":"https:\/\/api.w.org\/{rel}","templated":true}]}}